{"id":260924,"date":"2026-01-22T02:01:00","date_gmt":"2026-01-22T01:01:00","guid":{"rendered":"https:\/\/collinescathares.com\/prestataires\/pierre-armengaud-maitre-ebeniste\/"},"modified":"2026-04-30T03:00:14","modified_gmt":"2026-04-30T01:00:14","slug":"pierre-armengaud-maitre-ebeniste","status":"publish","type":"post","link":"https:\/\/collinescathares.com\/en\/prestataires\/pierre-armengaud-maitre-ebeniste\/","title":{"rendered":"PIERRE ARMENGAUD, MA\u00ceTRE \u00c9B\u00c9NISTE"},"content":{"rendered":"<p>Savoir-faire et cr\u00e9ation.<br \/>\nMa\u00eetre Artisan d&#8217;Art Eb\u00e9niste. Form\u00e9 \u00e0 la grande \u00e9cole des compagnons du devoir, c&#8217;est en 1994 apr\u00e8s un tour de France et d&#8217;Europe que Pierre Armengaud pose sa caisse \u00e0 outils en 1994 pour rejoindre l&#8217;atelier familial o\u00f9 se sont succ\u00e9d\u00e9es 4 g\u00e9n\u00e9rations de professionnels du bois.<br \/>\nPierre Armengaud utilise toutes sortes de bois pr\u00e9cieux provenant pour la plupart d&#8217;exploitations inscrites dans une d\u00e9marche de d\u00e9veloppement durable. Il cr\u00e9e des meubles en collaboration avec un ma\u00eetre \u00e9b\u00e9niste italien, propose d\u00e9coration et agencement de maison &#8220;sur mesure&#8221;. Il restaure meubles, menuiseries et vernis anciens.<br \/>\nEn 2004, Pierre Armengaud s&#8217;est d\u00e9marqu\u00e9 en cr\u00e9ant &#8220;les ballons de rugby en bois&#8221; et troph\u00e9es sportifs personnalisables.<br \/>\nOuvert sur rendez-vous uniquement.<\/p>\n","protected":false},"excerpt":{"rendered":"<p>Savoir-faire et cr\u00e9ation. Ma\u00eetre Artisan d&#8217;Art Eb\u00e9niste. Form\u00e9 \u00e0 la grande \u00e9cole des compagnons du devoir, c&#8217;est en 1994 apr\u00e8s un tour de France et d&#8217;Europe que Pierre Armengaud pose sa caisse \u00e0 outils en 1994 pour rejoindre l&#8217;atelier familial o\u00f9 se sont succ\u00e9d\u00e9es 4 g\u00e9n\u00e9rations de professionnels du bois. Pierre Armengaud utilise toutes sortes [&hellip;]<\/p>\n","protected":false},"author":1,"featured_media":1545,"comment_status":"closed","ping_status":"closed","sticky":false,"template":"","format":"standard","meta":{"_acf_changed":false,"footnotes":""},"categories":[15],"tags":[],"class_list":["post-260924","post","type-post","status-publish","format-standard","has-post-thumbnail","hentry","category-prestataires"],"acf":[],"yoast_head":"<!-- This site is optimized with the Yoast SEO plugin v26.8 - https:\/\/yoast.com\/product\/yoast-seo-wordpress\/ -->\n<title>PIERRE ARMENGAUD, MA\u00ceTRE \u00c9B\u00c9NISTE Prestataires - Office De Tourisme Au C\u0153ur Des Collines Cathares<\/title>\n<meta name=\"description\" content=\"Savoir-faire et cr\u00e9ation. Ma\u00eetre Artisan d&#039;Art Eb\u00e9niste. Form\u00e9 \u00e0 la grande \u00e9cole des compagnons du devoir, c&#039;est en 1994 apr\u00e8s un tour de France et Prestataires PIERRE ARMENGAUD, MA\u00ceTRE \u00c9B\u00c9NISTE Situ\u00e9 \u00e0 Fanjeaux, nous vous proposons de d\u00e9couvrir notre territoire ! , Office De Tourisme Au C\u0153ur Des Collines Cathares\" \/>\n<meta name=\"robots\" content=\"index, follow, max-snippet:-1, max-image-preview:large, max-video-preview:-1\" \/>\n<link rel=\"canonical\" href=\"https:\/\/collinescathares.com\/en\/prestataires\/pierre-armengaud-maitre-ebeniste\/\" \/>\n<meta property=\"og:locale\" content=\"en_US\" \/>\n<meta property=\"og:type\" content=\"article\" \/>\n<meta property=\"og:title\" content=\"PIERRE ARMENGAUD, MA\u00ceTRE \u00c9B\u00c9NISTE Prestataires - Office De Tourisme Au C\u0153ur Des Collines Cathares\" \/>\n<meta property=\"og:description\" content=\"Savoir-faire et cr\u00e9ation. Ma\u00eetre Artisan d&#039;Art Eb\u00e9niste. Form\u00e9 \u00e0 la grande \u00e9cole des compagnons du devoir, c&#039;est en 1994 apr\u00e8s un tour de France et Prestataires PIERRE ARMENGAUD, MA\u00ceTRE \u00c9B\u00c9NISTE Situ\u00e9 \u00e0 Fanjeaux, nous vous proposons de d\u00e9couvrir notre territoire ! , Office De Tourisme Au C\u0153ur Des Collines Cathares\" \/>\n<meta property=\"og:url\" content=\"https:\/\/collinescathares.com\/en\/prestataires\/pierre-armengaud-maitre-ebeniste\/\" \/>\n<meta property=\"og:site_name\" content=\"Office De Tourisme Au C\u0153ur Des Collines Cathares\" \/>\n<meta property=\"article:publisher\" content=\"https:\/\/www.facebook.com\/tourismelauragais\" \/>\n<meta property=\"article:published_time\" content=\"2026-01-22T01:01:00+00:00\" \/>\n<meta property=\"article:modified_time\" content=\"2026-04-30T01:00:14+00:00\" \/>\n<meta property=\"og:image\" content=\"https:\/\/collinescathares.com\/wp-content\/uploads\/2020\/07\/ballons.jpg\" \/>\n\t<meta property=\"og:image:width\" content=\"1200\" \/>\n\t<meta property=\"og:image:height\" content=\"900\" \/>\n\t<meta property=\"og:image:type\" content=\"image\/jpeg\" \/>\n<meta name=\"author\" content=\"adminreso\" \/>\n<meta name=\"twitter:card\" content=\"summary_large_image\" \/>\n<meta name=\"twitter:label1\" content=\"Written by\" \/>\n\t<meta name=\"twitter:data1\" content=\"adminreso\" \/>\n\t<meta name=\"twitter:label2\" content=\"Est. reading time\" \/>\n\t<meta name=\"twitter:data2\" content=\"1 minute\" \/>\n<script type=\"application\/ld+json\" class=\"yoast-schema-graph\">{\"@context\":\"https:\/\/schema.org\",\"@graph\":[{\"@type\":\"Article\",\"@id\":\"https:\/\/collinescathares.com\/en\/prestataires\/pierre-armengaud-maitre-ebeniste\/#article\",\"isPartOf\":{\"@id\":\"https:\/\/collinescathares.com\/en\/prestataires\/pierre-armengaud-maitre-ebeniste\/\"},\"author\":{\"name\":\"adminreso\",\"@id\":\"https:\/\/collinescathares.com\/en\/#\/schema\/person\/599b8b6b8fd81d72e2a03b412201f661\"},\"headline\":\"PIERRE ARMENGAUD, MA\u00ceTRE \u00c9B\u00c9NISTE\",\"datePublished\":\"2026-01-22T01:01:00+00:00\",\"dateModified\":\"2026-04-30T01:00:14+00:00\",\"mainEntityOfPage\":{\"@id\":\"https:\/\/collinescathares.com\/en\/prestataires\/pierre-armengaud-maitre-ebeniste\/\"},\"wordCount\":142,\"publisher\":{\"@id\":\"https:\/\/collinescathares.com\/en\/#organization\"},\"image\":{\"@id\":\"https:\/\/collinescathares.com\/en\/prestataires\/pierre-armengaud-maitre-ebeniste\/#primaryimage\"},\"thumbnailUrl\":\"https:\/\/collinescathares.com\/wp-content\/uploads\/2020\/07\/ballons.jpg\",\"articleSection\":[\"Prestataires\"],\"inLanguage\":\"en-US\"},{\"@type\":\"WebPage\",\"@id\":\"https:\/\/collinescathares.com\/en\/prestataires\/pierre-armengaud-maitre-ebeniste\/\",\"url\":\"https:\/\/collinescathares.com\/en\/prestataires\/pierre-armengaud-maitre-ebeniste\/\",\"name\":\"PIERRE ARMENGAUD, MA\u00ceTRE \u00c9B\u00c9NISTE Prestataires - Office De Tourisme Au C\u0153ur Des Collines Cathares\",\"isPartOf\":{\"@id\":\"https:\/\/collinescathares.com\/en\/#website\"},\"primaryImageOfPage\":{\"@id\":\"https:\/\/collinescathares.com\/en\/prestataires\/pierre-armengaud-maitre-ebeniste\/#primaryimage\"},\"image\":{\"@id\":\"https:\/\/collinescathares.com\/en\/prestataires\/pierre-armengaud-maitre-ebeniste\/#primaryimage\"},\"thumbnailUrl\":\"https:\/\/collinescathares.com\/wp-content\/uploads\/2020\/07\/ballons.jpg\",\"datePublished\":\"2026-01-22T01:01:00+00:00\",\"dateModified\":\"2026-04-30T01:00:14+00:00\",\"description\":\"Savoir-faire et cr\u00e9ation. Ma\u00eetre Artisan d'Art Eb\u00e9niste. Form\u00e9 \u00e0 la grande \u00e9cole des compagnons du devoir, c'est en 1994 apr\u00e8s un tour de France et Prestataires PIERRE ARMENGAUD, MA\u00ceTRE \u00c9B\u00c9NISTE Situ\u00e9 \u00e0 Fanjeaux, nous vous proposons de d\u00e9couvrir notre territoire ! , Office De Tourisme Au C\u0153ur Des Collines Cathares\",\"breadcrumb\":{\"@id\":\"https:\/\/collinescathares.com\/en\/prestataires\/pierre-armengaud-maitre-ebeniste\/#breadcrumb\"},\"inLanguage\":\"en-US\",\"potentialAction\":[{\"@type\":\"ReadAction\",\"target\":[\"https:\/\/collinescathares.com\/en\/prestataires\/pierre-armengaud-maitre-ebeniste\/\"]}]},{\"@type\":\"ImageObject\",\"inLanguage\":\"en-US\",\"@id\":\"https:\/\/collinescathares.com\/en\/prestataires\/pierre-armengaud-maitre-ebeniste\/#primaryimage\",\"url\":\"https:\/\/collinescathares.com\/wp-content\/uploads\/2020\/07\/ballons.jpg\",\"contentUrl\":\"https:\/\/collinescathares.com\/wp-content\/uploads\/2020\/07\/ballons.jpg\",\"width\":1200,\"height\":900},{\"@type\":\"BreadcrumbList\",\"@id\":\"https:\/\/collinescathares.com\/en\/prestataires\/pierre-armengaud-maitre-ebeniste\/#breadcrumb\",\"itemListElement\":[{\"@type\":\"ListItem\",\"position\":1,\"name\":\"Home\",\"item\":\"https:\/\/collinescathares.com\/en\/home\/\"},{\"@type\":\"ListItem\",\"position\":2,\"name\":\"Prestataires\",\"item\":\"https:\/\/collinescathares.com\/en\/category\/prestataires-en\/\"},{\"@type\":\"ListItem\",\"position\":3,\"name\":\"PIERRE ARMENGAUD, MA\u00ceTRE \u00c9B\u00c9NISTE\"}]},{\"@type\":\"WebSite\",\"@id\":\"https:\/\/collinescathares.com\/en\/#website\",\"url\":\"https:\/\/collinescathares.com\/en\/\",\"name\":\"Office De Tourisme Au C\u0153ur Des Collines Cathares\",\"description\":\"Situ\u00e9 \u00e0 Fanjeaux, nous vous proposons de d\u00e9couvrir notre territoire !\",\"publisher\":{\"@id\":\"https:\/\/collinescathares.com\/en\/#organization\"},\"potentialAction\":[{\"@type\":\"SearchAction\",\"target\":{\"@type\":\"EntryPoint\",\"urlTemplate\":\"https:\/\/collinescathares.com\/en\/?s={search_term_string}\"},\"query-input\":{\"@type\":\"PropertyValueSpecification\",\"valueRequired\":true,\"valueName\":\"search_term_string\"}}],\"inLanguage\":\"en-US\"},{\"@type\":\"Organization\",\"@id\":\"https:\/\/collinescathares.com\/en\/#organization\",\"name\":\"Office de Tourisme Au C\u0153ur Des Collines Cathares\",\"url\":\"https:\/\/collinescathares.com\/en\/\",\"logo\":{\"@type\":\"ImageObject\",\"inLanguage\":\"en-US\",\"@id\":\"https:\/\/collinescathares.com\/en\/#\/schema\/logo\/image\/\",\"url\":\"https:\/\/collinescathares.com\/wp-content\/uploads\/2020\/06\/logo_Tourisme_lauragais-1.jpg\",\"contentUrl\":\"https:\/\/collinescathares.com\/wp-content\/uploads\/2020\/06\/logo_Tourisme_lauragais-1.jpg\",\"width\":209,\"height\":250,\"caption\":\"Office de Tourisme Au C\u0153ur Des Collines Cathares\"},\"image\":{\"@id\":\"https:\/\/collinescathares.com\/en\/#\/schema\/logo\/image\/\"},\"sameAs\":[\"https:\/\/www.facebook.com\/tourismelauragais\",\"https:\/\/www.instagram.com\/officetourismecollinescathares\/?hl=fr\",\"https:\/\/www.pinterest.fr\/oticollinescathares\/boards\/\"]},{\"@type\":\"Person\",\"@id\":\"https:\/\/collinescathares.com\/en\/#\/schema\/person\/599b8b6b8fd81d72e2a03b412201f661\",\"name\":\"adminreso\",\"image\":{\"@type\":\"ImageObject\",\"inLanguage\":\"en-US\",\"@id\":\"https:\/\/collinescathares.com\/en\/#\/schema\/person\/image\/\",\"url\":\"https:\/\/secure.gravatar.com\/avatar\/6a8a6fbe9df7c51e1f428a312af274a2?s=96&d=mm&r=g\",\"contentUrl\":\"https:\/\/secure.gravatar.com\/avatar\/6a8a6fbe9df7c51e1f428a312af274a2?s=96&d=mm&r=g\",\"caption\":\"adminreso\"},\"sameAs\":[\"http:\/\/collinescathares.com\/new\"]}]}<\/script>\n<!-- \/ Yoast SEO plugin. -->","yoast_head_json":{"title":"PIERRE ARMENGAUD, MA\u00ceTRE \u00c9B\u00c9NISTE Prestataires - Office De Tourisme Au C\u0153ur Des Collines Cathares","description":"Savoir-faire et cr\u00e9ation. Ma\u00eetre Artisan d'Art Eb\u00e9niste. Form\u00e9 \u00e0 la grande \u00e9cole des compagnons du devoir, c'est en 1994 apr\u00e8s un tour de France et Prestataires PIERRE ARMENGAUD, MA\u00ceTRE \u00c9B\u00c9NISTE Situ\u00e9 \u00e0 Fanjeaux, nous vous proposons de d\u00e9couvrir notre territoire ! , Office De Tourisme Au C\u0153ur Des Collines Cathares","robots":{"index":"index","follow":"follow","max-snippet":"max-snippet:-1","max-image-preview":"max-image-preview:large","max-video-preview":"max-video-preview:-1"},"canonical":"https:\/\/collinescathares.com\/en\/prestataires\/pierre-armengaud-maitre-ebeniste\/","og_locale":"en_US","og_type":"article","og_title":"PIERRE ARMENGAUD, MA\u00ceTRE \u00c9B\u00c9NISTE Prestataires - Office De Tourisme Au C\u0153ur Des Collines Cathares","og_description":"Savoir-faire et cr\u00e9ation. Ma\u00eetre Artisan d'Art Eb\u00e9niste. Form\u00e9 \u00e0 la grande \u00e9cole des compagnons du devoir, c'est en 1994 apr\u00e8s un tour de France et Prestataires PIERRE ARMENGAUD, MA\u00ceTRE \u00c9B\u00c9NISTE Situ\u00e9 \u00e0 Fanjeaux, nous vous proposons de d\u00e9couvrir notre territoire ! , Office De Tourisme Au C\u0153ur Des Collines Cathares","og_url":"https:\/\/collinescathares.com\/en\/prestataires\/pierre-armengaud-maitre-ebeniste\/","og_site_name":"Office De Tourisme Au C\u0153ur Des Collines Cathares","article_publisher":"https:\/\/www.facebook.com\/tourismelauragais","article_published_time":"2026-01-22T01:01:00+00:00","article_modified_time":"2026-04-30T01:00:14+00:00","og_image":[{"width":1200,"height":900,"url":"https:\/\/collinescathares.com\/wp-content\/uploads\/2020\/07\/ballons.jpg","type":"image\/jpeg"}],"author":"adminreso","twitter_card":"summary_large_image","twitter_misc":{"Written by":"adminreso","Est. reading time":"1 minute"},"schema":{"@context":"https:\/\/schema.org","@graph":[{"@type":"Article","@id":"https:\/\/collinescathares.com\/en\/prestataires\/pierre-armengaud-maitre-ebeniste\/#article","isPartOf":{"@id":"https:\/\/collinescathares.com\/en\/prestataires\/pierre-armengaud-maitre-ebeniste\/"},"author":{"name":"adminreso","@id":"https:\/\/collinescathares.com\/en\/#\/schema\/person\/599b8b6b8fd81d72e2a03b412201f661"},"headline":"PIERRE ARMENGAUD, MA\u00ceTRE \u00c9B\u00c9NISTE","datePublished":"2026-01-22T01:01:00+00:00","dateModified":"2026-04-30T01:00:14+00:00","mainEntityOfPage":{"@id":"https:\/\/collinescathares.com\/en\/prestataires\/pierre-armengaud-maitre-ebeniste\/"},"wordCount":142,"publisher":{"@id":"https:\/\/collinescathares.com\/en\/#organization"},"image":{"@id":"https:\/\/collinescathares.com\/en\/prestataires\/pierre-armengaud-maitre-ebeniste\/#primaryimage"},"thumbnailUrl":"https:\/\/collinescathares.com\/wp-content\/uploads\/2020\/07\/ballons.jpg","articleSection":["Prestataires"],"inLanguage":"en-US"},{"@type":"WebPage","@id":"https:\/\/collinescathares.com\/en\/prestataires\/pierre-armengaud-maitre-ebeniste\/","url":"https:\/\/collinescathares.com\/en\/prestataires\/pierre-armengaud-maitre-ebeniste\/","name":"PIERRE ARMENGAUD, MA\u00ceTRE \u00c9B\u00c9NISTE Prestataires - Office De Tourisme Au C\u0153ur Des Collines Cathares","isPartOf":{"@id":"https:\/\/collinescathares.com\/en\/#website"},"primaryImageOfPage":{"@id":"https:\/\/collinescathares.com\/en\/prestataires\/pierre-armengaud-maitre-ebeniste\/#primaryimage"},"image":{"@id":"https:\/\/collinescathares.com\/en\/prestataires\/pierre-armengaud-maitre-ebeniste\/#primaryimage"},"thumbnailUrl":"https:\/\/collinescathares.com\/wp-content\/uploads\/2020\/07\/ballons.jpg","datePublished":"2026-01-22T01:01:00+00:00","dateModified":"2026-04-30T01:00:14+00:00","description":"Savoir-faire et cr\u00e9ation. Ma\u00eetre Artisan d'Art Eb\u00e9niste. Form\u00e9 \u00e0 la grande \u00e9cole des compagnons du devoir, c'est en 1994 apr\u00e8s un tour de France et Prestataires PIERRE ARMENGAUD, MA\u00ceTRE \u00c9B\u00c9NISTE Situ\u00e9 \u00e0 Fanjeaux, nous vous proposons de d\u00e9couvrir notre territoire ! , Office De Tourisme Au C\u0153ur Des Collines Cathares","breadcrumb":{"@id":"https:\/\/collinescathares.com\/en\/prestataires\/pierre-armengaud-maitre-ebeniste\/#breadcrumb"},"inLanguage":"en-US","potentialAction":[{"@type":"ReadAction","target":["https:\/\/collinescathares.com\/en\/prestataires\/pierre-armengaud-maitre-ebeniste\/"]}]},{"@type":"ImageObject","inLanguage":"en-US","@id":"https:\/\/collinescathares.com\/en\/prestataires\/pierre-armengaud-maitre-ebeniste\/#primaryimage","url":"https:\/\/collinescathares.com\/wp-content\/uploads\/2020\/07\/ballons.jpg","contentUrl":"https:\/\/collinescathares.com\/wp-content\/uploads\/2020\/07\/ballons.jpg","width":1200,"height":900},{"@type":"BreadcrumbList","@id":"https:\/\/collinescathares.com\/en\/prestataires\/pierre-armengaud-maitre-ebeniste\/#breadcrumb","itemListElement":[{"@type":"ListItem","position":1,"name":"Home","item":"https:\/\/collinescathares.com\/en\/home\/"},{"@type":"ListItem","position":2,"name":"Prestataires","item":"https:\/\/collinescathares.com\/en\/category\/prestataires-en\/"},{"@type":"ListItem","position":3,"name":"PIERRE ARMENGAUD, MA\u00ceTRE \u00c9B\u00c9NISTE"}]},{"@type":"WebSite","@id":"https:\/\/collinescathares.com\/en\/#website","url":"https:\/\/collinescathares.com\/en\/","name":"Office De Tourisme Au C\u0153ur Des Collines Cathares","description":"Situ\u00e9 \u00e0 Fanjeaux, nous vous proposons de d\u00e9couvrir notre territoire !","publisher":{"@id":"https:\/\/collinescathares.com\/en\/#organization"},"potentialAction":[{"@type":"SearchAction","target":{"@type":"EntryPoint","urlTemplate":"https:\/\/collinescathares.com\/en\/?s={search_term_string}"},"query-input":{"@type":"PropertyValueSpecification","valueRequired":true,"valueName":"search_term_string"}}],"inLanguage":"en-US"},{"@type":"Organization","@id":"https:\/\/collinescathares.com\/en\/#organization","name":"Office de Tourisme Au C\u0153ur Des Collines Cathares","url":"https:\/\/collinescathares.com\/en\/","logo":{"@type":"ImageObject","inLanguage":"en-US","@id":"https:\/\/collinescathares.com\/en\/#\/schema\/logo\/image\/","url":"https:\/\/collinescathares.com\/wp-content\/uploads\/2020\/06\/logo_Tourisme_lauragais-1.jpg","contentUrl":"https:\/\/collinescathares.com\/wp-content\/uploads\/2020\/06\/logo_Tourisme_lauragais-1.jpg","width":209,"height":250,"caption":"Office de Tourisme Au C\u0153ur Des Collines Cathares"},"image":{"@id":"https:\/\/collinescathares.com\/en\/#\/schema\/logo\/image\/"},"sameAs":["https:\/\/www.facebook.com\/tourismelauragais","https:\/\/www.instagram.com\/officetourismecollinescathares\/?hl=fr","https:\/\/www.pinterest.fr\/oticollinescathares\/boards\/"]},{"@type":"Person","@id":"https:\/\/collinescathares.com\/en\/#\/schema\/person\/599b8b6b8fd81d72e2a03b412201f661","name":"adminreso","image":{"@type":"ImageObject","inLanguage":"en-US","@id":"https:\/\/collinescathares.com\/en\/#\/schema\/person\/image\/","url":"https:\/\/secure.gravatar.com\/avatar\/6a8a6fbe9df7c51e1f428a312af274a2?s=96&d=mm&r=g","contentUrl":"https:\/\/secure.gravatar.com\/avatar\/6a8a6fbe9df7c51e1f428a312af274a2?s=96&d=mm&r=g","caption":"adminreso"},"sameAs":["http:\/\/collinescathares.com\/new"]}]}},"_links":{"self":[{"href":"https:\/\/collinescathares.com\/en\/wp-json\/wp\/v2\/posts\/260924","targetHints":{"allow":["GET"]}}],"collection":[{"href":"https:\/\/collinescathares.com\/en\/wp-json\/wp\/v2\/posts"}],"about":[{"href":"https:\/\/collinescathares.com\/en\/wp-json\/wp\/v2\/types\/post"}],"author":[{"embeddable":true,"href":"https:\/\/collinescathares.com\/en\/wp-json\/wp\/v2\/users\/1"}],"replies":[{"embeddable":true,"href":"https:\/\/collinescathares.com\/en\/wp-json\/wp\/v2\/comments?post=260924"}],"version-history":[{"count":1,"href":"https:\/\/collinescathares.com\/en\/wp-json\/wp\/v2\/posts\/260924\/revisions"}],"predecessor-version":[{"id":261125,"href":"https:\/\/collinescathares.com\/en\/wp-json\/wp\/v2\/posts\/260924\/revisions\/261125"}],"wp:featuredmedia":[{"embeddable":true,"href":"https:\/\/collinescathares.com\/en\/wp-json\/wp\/v2\/media\/1545"}],"wp:attachment":[{"href":"https:\/\/collinescathares.com\/en\/wp-json\/wp\/v2\/media?parent=260924"}],"wp:term":[{"taxonomy":"category","embeddable":true,"href":"https:\/\/collinescathares.com\/en\/wp-json\/wp\/v2\/categories?post=260924"},{"taxonomy":"post_tag","embeddable":true,"href":"https:\/\/collinescathares.com\/en\/wp-json\/wp\/v2\/tags?post=260924"}],"curies":[{"name":"wp","href":"https:\/\/api.w.org\/{rel}","templated":true}]}}