{"id":260945,"date":"2026-01-22T02:01:05","date_gmt":"2026-01-22T01:01:05","guid":{"rendered":"https:\/\/collinescathares.com\/prestataires\/pecher-a-bram\/"},"modified":"2026-04-30T03:00:22","modified_gmt":"2026-04-30T01:00:22","slug":"pecher-a-bram","status":"publish","type":"post","link":"https:\/\/collinescathares.com\/en\/prestataires\/pecher-a-bram\/","title":{"rendered":"P\u00caCHER \u00c0 BRAM"},"content":{"rendered":"<p>De Villes\u00e8que \u00e0 Bram, ce territoire se structure autour du canal du Midi et du Fresquel qui donnent de multiples possibilit\u00e9s aux p\u00eacheurs de carnassiers et de carpes de pratiquer leur passion.<br \/>\nDe plus, de nombreux petits ruisseaux et gravi\u00e8res maillent ce territoire : le Sou, la Preuille, le R\u00e9benty, le Lampy, le Tenten, la Rougeanne\u2026 o\u00f9 on pourra rencontrer des poissons blancs. A Bram, sur le lac de Cap de Porc, vous trouverez un parcours carpe de nuit ainsi qu&#8217;un No Kill black-bass. Enfin, pour la p\u00eache au coup, le lac de Saint Martin le Vieil propose un cadre id\u00e9al.<\/p>\n<p>Pr\u00e9sident de l&#8217;AAPPMA de Bram : Arnaud BARTHES : 06.10.11.88.10<\/p>\n<p>Tr\u00e9sorier de l&#8217;AAPPMA de Bram : Robert JULVEZ : 06.68.27.91.15<\/p>\n","protected":false},"excerpt":{"rendered":"<p>De Villes\u00e8que \u00e0 Bram, ce territoire se structure autour du canal du Midi et du Fresquel qui donnent de multiples possibilit\u00e9s aux p\u00eacheurs de carnassiers et de carpes de pratiquer leur passion. De plus, de nombreux petits ruisseaux et gravi\u00e8res maillent ce territoire : le Sou, la Preuille, le R\u00e9benty, le Lampy, le Tenten, la [&hellip;]<\/p>\n","protected":false},"author":1,"featured_media":230287,"comment_status":"closed","ping_status":"closed","sticky":false,"template":"","format":"standard","meta":{"_acf_changed":false,"footnotes":""},"categories":[15],"tags":[],"class_list":["post-260945","post","type-post","status-publish","format-standard","has-post-thumbnail","hentry","category-prestataires"],"acf":[],"yoast_head":"<!-- This site is optimized with the Yoast SEO plugin v26.8 - https:\/\/yoast.com\/product\/yoast-seo-wordpress\/ -->\n<title>P\u00caCHER \u00c0 BRAM Prestataires - Office De Tourisme Au C\u0153ur Des Collines Cathares<\/title>\n<meta name=\"description\" content=\"De Villes\u00e8que \u00e0 Bram, ce territoire se structure autour du canal du Midi et du Fresquel qui donnent de multiples possibilit\u00e9s aux p\u00eacheurs de carnassiers Prestataires P\u00caCHER \u00c0 BRAM Situ\u00e9 \u00e0 Fanjeaux, nous vous proposons de d\u00e9couvrir notre territoire ! , Office De Tourisme Au C\u0153ur Des Collines Cathares\" \/>\n<meta name=\"robots\" content=\"index, follow, max-snippet:-1, max-image-preview:large, max-video-preview:-1\" \/>\n<link rel=\"canonical\" href=\"https:\/\/collinescathares.com\/en\/prestataires\/pecher-a-bram\/\" \/>\n<meta property=\"og:locale\" content=\"en_US\" \/>\n<meta property=\"og:type\" content=\"article\" \/>\n<meta property=\"og:title\" content=\"P\u00caCHER \u00c0 BRAM Prestataires - Office De Tourisme Au C\u0153ur Des Collines Cathares\" \/>\n<meta property=\"og:description\" content=\"De Villes\u00e8que \u00e0 Bram, ce territoire se structure autour du canal du Midi et du Fresquel qui donnent de multiples possibilit\u00e9s aux p\u00eacheurs de carnassiers Prestataires P\u00caCHER \u00c0 BRAM Situ\u00e9 \u00e0 Fanjeaux, nous vous proposons de d\u00e9couvrir notre territoire ! , Office De Tourisme Au C\u0153ur Des Collines Cathares\" \/>\n<meta property=\"og:url\" content=\"https:\/\/collinescathares.com\/en\/prestataires\/pecher-a-bram\/\" \/>\n<meta property=\"og:site_name\" content=\"Office De Tourisme Au C\u0153ur Des Collines Cathares\" \/>\n<meta property=\"article:publisher\" content=\"https:\/\/www.facebook.com\/tourismelauragais\" \/>\n<meta property=\"article:published_time\" content=\"2026-01-22T01:01:05+00:00\" \/>\n<meta property=\"article:modified_time\" content=\"2026-04-30T01:00:22+00:00\" \/>\n<meta property=\"og:image\" content=\"https:\/\/collinescathares.com\/wp-content\/uploads\/2022\/11\/Sans-titre-2022-11-21T163835.556.jpg\" \/>\n\t<meta property=\"og:image:width\" content=\"1200\" \/>\n\t<meta property=\"og:image:height\" content=\"900\" \/>\n\t<meta property=\"og:image:type\" content=\"image\/jpeg\" \/>\n<meta name=\"author\" content=\"adminreso\" \/>\n<meta name=\"twitter:card\" content=\"summary_large_image\" \/>\n<meta name=\"twitter:label1\" content=\"Written by\" \/>\n\t<meta name=\"twitter:data1\" content=\"adminreso\" \/>\n\t<meta name=\"twitter:label2\" content=\"Est. reading time\" \/>\n\t<meta name=\"twitter:data2\" content=\"1 minute\" \/>\n<script type=\"application\/ld+json\" class=\"yoast-schema-graph\">{\"@context\":\"https:\/\/schema.org\",\"@graph\":[{\"@type\":\"Article\",\"@id\":\"https:\/\/collinescathares.com\/en\/prestataires\/pecher-a-bram\/#article\",\"isPartOf\":{\"@id\":\"https:\/\/collinescathares.com\/en\/prestataires\/pecher-a-bram\/\"},\"author\":{\"name\":\"adminreso\",\"@id\":\"https:\/\/collinescathares.com\/en\/#\/schema\/person\/599b8b6b8fd81d72e2a03b412201f661\"},\"headline\":\"P\u00caCHER \u00c0 BRAM\",\"datePublished\":\"2026-01-22T01:01:05+00:00\",\"dateModified\":\"2026-04-30T01:00:22+00:00\",\"mainEntityOfPage\":{\"@id\":\"https:\/\/collinescathares.com\/en\/prestataires\/pecher-a-bram\/\"},\"wordCount\":128,\"publisher\":{\"@id\":\"https:\/\/collinescathares.com\/en\/#organization\"},\"image\":{\"@id\":\"https:\/\/collinescathares.com\/en\/prestataires\/pecher-a-bram\/#primaryimage\"},\"thumbnailUrl\":\"https:\/\/collinescathares.com\/wp-content\/uploads\/2022\/11\/Sans-titre-2022-11-21T163835.556.jpg\",\"articleSection\":[\"Prestataires\"],\"inLanguage\":\"en-US\"},{\"@type\":\"WebPage\",\"@id\":\"https:\/\/collinescathares.com\/en\/prestataires\/pecher-a-bram\/\",\"url\":\"https:\/\/collinescathares.com\/en\/prestataires\/pecher-a-bram\/\",\"name\":\"P\u00caCHER \u00c0 BRAM Prestataires - Office De Tourisme Au C\u0153ur Des Collines Cathares\",\"isPartOf\":{\"@id\":\"https:\/\/collinescathares.com\/en\/#website\"},\"primaryImageOfPage\":{\"@id\":\"https:\/\/collinescathares.com\/en\/prestataires\/pecher-a-bram\/#primaryimage\"},\"image\":{\"@id\":\"https:\/\/collinescathares.com\/en\/prestataires\/pecher-a-bram\/#primaryimage\"},\"thumbnailUrl\":\"https:\/\/collinescathares.com\/wp-content\/uploads\/2022\/11\/Sans-titre-2022-11-21T163835.556.jpg\",\"datePublished\":\"2026-01-22T01:01:05+00:00\",\"dateModified\":\"2026-04-30T01:00:22+00:00\",\"description\":\"De Villes\u00e8que \u00e0 Bram, ce territoire se structure autour du canal du Midi et du Fresquel qui donnent de multiples possibilit\u00e9s aux p\u00eacheurs de carnassiers Prestataires P\u00caCHER \u00c0 BRAM Situ\u00e9 \u00e0 Fanjeaux, nous vous proposons de d\u00e9couvrir notre territoire ! , Office De Tourisme Au C\u0153ur Des Collines Cathares\",\"breadcrumb\":{\"@id\":\"https:\/\/collinescathares.com\/en\/prestataires\/pecher-a-bram\/#breadcrumb\"},\"inLanguage\":\"en-US\",\"potentialAction\":[{\"@type\":\"ReadAction\",\"target\":[\"https:\/\/collinescathares.com\/en\/prestataires\/pecher-a-bram\/\"]}]},{\"@type\":\"ImageObject\",\"inLanguage\":\"en-US\",\"@id\":\"https:\/\/collinescathares.com\/en\/prestataires\/pecher-a-bram\/#primaryimage\",\"url\":\"https:\/\/collinescathares.com\/wp-content\/uploads\/2022\/11\/Sans-titre-2022-11-21T163835.556.jpg\",\"contentUrl\":\"https:\/\/collinescathares.com\/wp-content\/uploads\/2022\/11\/Sans-titre-2022-11-21T163835.556.jpg\",\"width\":1200,\"height\":900},{\"@type\":\"BreadcrumbList\",\"@id\":\"https:\/\/collinescathares.com\/en\/prestataires\/pecher-a-bram\/#breadcrumb\",\"itemListElement\":[{\"@type\":\"ListItem\",\"position\":1,\"name\":\"Home\",\"item\":\"https:\/\/collinescathares.com\/en\/home\/\"},{\"@type\":\"ListItem\",\"position\":2,\"name\":\"Prestataires\",\"item\":\"https:\/\/collinescathares.com\/en\/category\/prestataires-en\/\"},{\"@type\":\"ListItem\",\"position\":3,\"name\":\"P\u00caCHER \u00c0 BRAM\"}]},{\"@type\":\"WebSite\",\"@id\":\"https:\/\/collinescathares.com\/en\/#website\",\"url\":\"https:\/\/collinescathares.com\/en\/\",\"name\":\"Office De Tourisme Au C\u0153ur Des Collines Cathares\",\"description\":\"Situ\u00e9 \u00e0 Fanjeaux, nous vous proposons de d\u00e9couvrir notre territoire !\",\"publisher\":{\"@id\":\"https:\/\/collinescathares.com\/en\/#organization\"},\"potentialAction\":[{\"@type\":\"SearchAction\",\"target\":{\"@type\":\"EntryPoint\",\"urlTemplate\":\"https:\/\/collinescathares.com\/en\/?s={search_term_string}\"},\"query-input\":{\"@type\":\"PropertyValueSpecification\",\"valueRequired\":true,\"valueName\":\"search_term_string\"}}],\"inLanguage\":\"en-US\"},{\"@type\":\"Organization\",\"@id\":\"https:\/\/collinescathares.com\/en\/#organization\",\"name\":\"Office de Tourisme Au C\u0153ur Des Collines Cathares\",\"url\":\"https:\/\/collinescathares.com\/en\/\",\"logo\":{\"@type\":\"ImageObject\",\"inLanguage\":\"en-US\",\"@id\":\"https:\/\/collinescathares.com\/en\/#\/schema\/logo\/image\/\",\"url\":\"https:\/\/collinescathares.com\/wp-content\/uploads\/2020\/06\/logo_Tourisme_lauragais-1.jpg\",\"contentUrl\":\"https:\/\/collinescathares.com\/wp-content\/uploads\/2020\/06\/logo_Tourisme_lauragais-1.jpg\",\"width\":209,\"height\":250,\"caption\":\"Office de Tourisme Au C\u0153ur Des Collines Cathares\"},\"image\":{\"@id\":\"https:\/\/collinescathares.com\/en\/#\/schema\/logo\/image\/\"},\"sameAs\":[\"https:\/\/www.facebook.com\/tourismelauragais\",\"https:\/\/www.instagram.com\/officetourismecollinescathares\/?hl=fr\",\"https:\/\/www.pinterest.fr\/oticollinescathares\/boards\/\"]},{\"@type\":\"Person\",\"@id\":\"https:\/\/collinescathares.com\/en\/#\/schema\/person\/599b8b6b8fd81d72e2a03b412201f661\",\"name\":\"adminreso\",\"image\":{\"@type\":\"ImageObject\",\"inLanguage\":\"en-US\",\"@id\":\"https:\/\/collinescathares.com\/en\/#\/schema\/person\/image\/\",\"url\":\"https:\/\/secure.gravatar.com\/avatar\/6a8a6fbe9df7c51e1f428a312af274a2?s=96&d=mm&r=g\",\"contentUrl\":\"https:\/\/secure.gravatar.com\/avatar\/6a8a6fbe9df7c51e1f428a312af274a2?s=96&d=mm&r=g\",\"caption\":\"adminreso\"},\"sameAs\":[\"http:\/\/collinescathares.com\/new\"]}]}<\/script>\n<!-- \/ Yoast SEO plugin. -->","yoast_head_json":{"title":"P\u00caCHER \u00c0 BRAM Prestataires - Office De Tourisme Au C\u0153ur Des Collines Cathares","description":"De Villes\u00e8que \u00e0 Bram, ce territoire se structure autour du canal du Midi et du Fresquel qui donnent de multiples possibilit\u00e9s aux p\u00eacheurs de carnassiers Prestataires P\u00caCHER \u00c0 BRAM Situ\u00e9 \u00e0 Fanjeaux, nous vous proposons de d\u00e9couvrir notre territoire ! , Office De Tourisme Au C\u0153ur Des Collines Cathares","robots":{"index":"index","follow":"follow","max-snippet":"max-snippet:-1","max-image-preview":"max-image-preview:large","max-video-preview":"max-video-preview:-1"},"canonical":"https:\/\/collinescathares.com\/en\/prestataires\/pecher-a-bram\/","og_locale":"en_US","og_type":"article","og_title":"P\u00caCHER \u00c0 BRAM Prestataires - Office De Tourisme Au C\u0153ur Des Collines Cathares","og_description":"De Villes\u00e8que \u00e0 Bram, ce territoire se structure autour du canal du Midi et du Fresquel qui donnent de multiples possibilit\u00e9s aux p\u00eacheurs de carnassiers Prestataires P\u00caCHER \u00c0 BRAM Situ\u00e9 \u00e0 Fanjeaux, nous vous proposons de d\u00e9couvrir notre territoire ! , Office De Tourisme Au C\u0153ur Des Collines Cathares","og_url":"https:\/\/collinescathares.com\/en\/prestataires\/pecher-a-bram\/","og_site_name":"Office De Tourisme Au C\u0153ur Des Collines Cathares","article_publisher":"https:\/\/www.facebook.com\/tourismelauragais","article_published_time":"2026-01-22T01:01:05+00:00","article_modified_time":"2026-04-30T01:00:22+00:00","og_image":[{"width":1200,"height":900,"url":"https:\/\/collinescathares.com\/wp-content\/uploads\/2022\/11\/Sans-titre-2022-11-21T163835.556.jpg","type":"image\/jpeg"}],"author":"adminreso","twitter_card":"summary_large_image","twitter_misc":{"Written by":"adminreso","Est. reading time":"1 minute"},"schema":{"@context":"https:\/\/schema.org","@graph":[{"@type":"Article","@id":"https:\/\/collinescathares.com\/en\/prestataires\/pecher-a-bram\/#article","isPartOf":{"@id":"https:\/\/collinescathares.com\/en\/prestataires\/pecher-a-bram\/"},"author":{"name":"adminreso","@id":"https:\/\/collinescathares.com\/en\/#\/schema\/person\/599b8b6b8fd81d72e2a03b412201f661"},"headline":"P\u00caCHER \u00c0 BRAM","datePublished":"2026-01-22T01:01:05+00:00","dateModified":"2026-04-30T01:00:22+00:00","mainEntityOfPage":{"@id":"https:\/\/collinescathares.com\/en\/prestataires\/pecher-a-bram\/"},"wordCount":128,"publisher":{"@id":"https:\/\/collinescathares.com\/en\/#organization"},"image":{"@id":"https:\/\/collinescathares.com\/en\/prestataires\/pecher-a-bram\/#primaryimage"},"thumbnailUrl":"https:\/\/collinescathares.com\/wp-content\/uploads\/2022\/11\/Sans-titre-2022-11-21T163835.556.jpg","articleSection":["Prestataires"],"inLanguage":"en-US"},{"@type":"WebPage","@id":"https:\/\/collinescathares.com\/en\/prestataires\/pecher-a-bram\/","url":"https:\/\/collinescathares.com\/en\/prestataires\/pecher-a-bram\/","name":"P\u00caCHER \u00c0 BRAM Prestataires - Office De Tourisme Au C\u0153ur Des Collines Cathares","isPartOf":{"@id":"https:\/\/collinescathares.com\/en\/#website"},"primaryImageOfPage":{"@id":"https:\/\/collinescathares.com\/en\/prestataires\/pecher-a-bram\/#primaryimage"},"image":{"@id":"https:\/\/collinescathares.com\/en\/prestataires\/pecher-a-bram\/#primaryimage"},"thumbnailUrl":"https:\/\/collinescathares.com\/wp-content\/uploads\/2022\/11\/Sans-titre-2022-11-21T163835.556.jpg","datePublished":"2026-01-22T01:01:05+00:00","dateModified":"2026-04-30T01:00:22+00:00","description":"De Villes\u00e8que \u00e0 Bram, ce territoire se structure autour du canal du Midi et du Fresquel qui donnent de multiples possibilit\u00e9s aux p\u00eacheurs de carnassiers Prestataires P\u00caCHER \u00c0 BRAM Situ\u00e9 \u00e0 Fanjeaux, nous vous proposons de d\u00e9couvrir notre territoire ! , Office De Tourisme Au C\u0153ur Des Collines Cathares","breadcrumb":{"@id":"https:\/\/collinescathares.com\/en\/prestataires\/pecher-a-bram\/#breadcrumb"},"inLanguage":"en-US","potentialAction":[{"@type":"ReadAction","target":["https:\/\/collinescathares.com\/en\/prestataires\/pecher-a-bram\/"]}]},{"@type":"ImageObject","inLanguage":"en-US","@id":"https:\/\/collinescathares.com\/en\/prestataires\/pecher-a-bram\/#primaryimage","url":"https:\/\/collinescathares.com\/wp-content\/uploads\/2022\/11\/Sans-titre-2022-11-21T163835.556.jpg","contentUrl":"https:\/\/collinescathares.com\/wp-content\/uploads\/2022\/11\/Sans-titre-2022-11-21T163835.556.jpg","width":1200,"height":900},{"@type":"BreadcrumbList","@id":"https:\/\/collinescathares.com\/en\/prestataires\/pecher-a-bram\/#breadcrumb","itemListElement":[{"@type":"ListItem","position":1,"name":"Home","item":"https:\/\/collinescathares.com\/en\/home\/"},{"@type":"ListItem","position":2,"name":"Prestataires","item":"https:\/\/collinescathares.com\/en\/category\/prestataires-en\/"},{"@type":"ListItem","position":3,"name":"P\u00caCHER \u00c0 BRAM"}]},{"@type":"WebSite","@id":"https:\/\/collinescathares.com\/en\/#website","url":"https:\/\/collinescathares.com\/en\/","name":"Office De Tourisme Au C\u0153ur Des Collines Cathares","description":"Situ\u00e9 \u00e0 Fanjeaux, nous vous proposons de d\u00e9couvrir notre territoire !","publisher":{"@id":"https:\/\/collinescathares.com\/en\/#organization"},"potentialAction":[{"@type":"SearchAction","target":{"@type":"EntryPoint","urlTemplate":"https:\/\/collinescathares.com\/en\/?s={search_term_string}"},"query-input":{"@type":"PropertyValueSpecification","valueRequired":true,"valueName":"search_term_string"}}],"inLanguage":"en-US"},{"@type":"Organization","@id":"https:\/\/collinescathares.com\/en\/#organization","name":"Office de Tourisme Au C\u0153ur Des Collines Cathares","url":"https:\/\/collinescathares.com\/en\/","logo":{"@type":"ImageObject","inLanguage":"en-US","@id":"https:\/\/collinescathares.com\/en\/#\/schema\/logo\/image\/","url":"https:\/\/collinescathares.com\/wp-content\/uploads\/2020\/06\/logo_Tourisme_lauragais-1.jpg","contentUrl":"https:\/\/collinescathares.com\/wp-content\/uploads\/2020\/06\/logo_Tourisme_lauragais-1.jpg","width":209,"height":250,"caption":"Office de Tourisme Au C\u0153ur Des Collines Cathares"},"image":{"@id":"https:\/\/collinescathares.com\/en\/#\/schema\/logo\/image\/"},"sameAs":["https:\/\/www.facebook.com\/tourismelauragais","https:\/\/www.instagram.com\/officetourismecollinescathares\/?hl=fr","https:\/\/www.pinterest.fr\/oticollinescathares\/boards\/"]},{"@type":"Person","@id":"https:\/\/collinescathares.com\/en\/#\/schema\/person\/599b8b6b8fd81d72e2a03b412201f661","name":"adminreso","image":{"@type":"ImageObject","inLanguage":"en-US","@id":"https:\/\/collinescathares.com\/en\/#\/schema\/person\/image\/","url":"https:\/\/secure.gravatar.com\/avatar\/6a8a6fbe9df7c51e1f428a312af274a2?s=96&d=mm&r=g","contentUrl":"https:\/\/secure.gravatar.com\/avatar\/6a8a6fbe9df7c51e1f428a312af274a2?s=96&d=mm&r=g","caption":"adminreso"},"sameAs":["http:\/\/collinescathares.com\/new"]}]}},"_links":{"self":[{"href":"https:\/\/collinescathares.com\/en\/wp-json\/wp\/v2\/posts\/260945","targetHints":{"allow":["GET"]}}],"collection":[{"href":"https:\/\/collinescathares.com\/en\/wp-json\/wp\/v2\/posts"}],"about":[{"href":"https:\/\/collinescathares.com\/en\/wp-json\/wp\/v2\/types\/post"}],"author":[{"embeddable":true,"href":"https:\/\/collinescathares.com\/en\/wp-json\/wp\/v2\/users\/1"}],"replies":[{"embeddable":true,"href":"https:\/\/collinescathares.com\/en\/wp-json\/wp\/v2\/comments?post=260945"}],"version-history":[{"count":1,"href":"https:\/\/collinescathares.com\/en\/wp-json\/wp\/v2\/posts\/260945\/revisions"}],"predecessor-version":[{"id":261146,"href":"https:\/\/collinescathares.com\/en\/wp-json\/wp\/v2\/posts\/260945\/revisions\/261146"}],"wp:featuredmedia":[{"embeddable":true,"href":"https:\/\/collinescathares.com\/en\/wp-json\/wp\/v2\/media\/230287"}],"wp:attachment":[{"href":"https:\/\/collinescathares.com\/en\/wp-json\/wp\/v2\/media?parent=260945"}],"wp:term":[{"taxonomy":"category","embeddable":true,"href":"https:\/\/collinescathares.com\/en\/wp-json\/wp\/v2\/categories?post=260945"},{"taxonomy":"post_tag","embeddable":true,"href":"https:\/\/collinescathares.com\/en\/wp-json\/wp\/v2\/tags?post=260945"}],"curies":[{"name":"wp","href":"https:\/\/api.w.org\/{rel}","templated":true}]}}