{"id":261016,"date":"2026-01-22T02:01:22","date_gmt":"2026-01-22T01:01:22","guid":{"rendered":"https:\/\/collinescathares.com\/restaurants\/le-petit-bramais\/"},"modified":"2026-04-26T03:02:02","modified_gmt":"2026-04-26T01:02:02","slug":"le-petit-bramais","status":"publish","type":"post","link":"https:\/\/collinescathares.com\/en\/restaurants\/le-petit-bramais\/","title":{"rendered":"LE PETIT BRAMAIS"},"content":{"rendered":"<p>Dans le cadre d&#8217;une ancienne quincaillerie, cette brasserie pleine de caract\u00e8re vous propose des plats traditionnels.<\/p>\n<p>Le g\u00e9rant Cl\u00e9ment Salvador et son \u00e9quipe auront le plaisir de vous y accueillir dans un d\u00e9cor de caract\u00e8re m\u00ealant le charme du mobilier d&#8217;origine \u00e0 une ambiance moderne, autour d&#8217;une carte d&#8217;entr\u00e9es, plats, fromages et desserts inspir\u00e9e de l&#8217;esprit &#8220;brasserie&#8221; : foie gras, cassolette d&#8217;escargots, os \u00e0 moelle, tartare de b\u0153uf, cassoulet maison&#8230;<\/p>\n<p>Ouvert du mardi, mercredi, jeudi de 12h00 \u00e0 14h00 et de 19h00 \u00e0 21h00.<br \/>\nOuvert le vendredi et le samedi de 12h00 \u00e0 14h00 et de 19h00 \u00e0 21h30.<br \/>\nFerm\u00e9 le dimanche et le lundi.<br \/>\nGroupes accept\u00e9s sur r\u00e9servation.<\/p>\n","protected":false},"excerpt":{"rendered":"<p>Dans le cadre d&#8217;une ancienne quincaillerie, cette brasserie pleine de caract\u00e8re vous propose des plats traditionnels. Le g\u00e9rant Cl\u00e9ment Salvador et son \u00e9quipe auront le plaisir de vous y accueillir dans un d\u00e9cor de caract\u00e8re m\u00ealant le charme du mobilier d&#8217;origine \u00e0 une ambiance moderne, autour d&#8217;une carte d&#8217;entr\u00e9es, plats, fromages et desserts inspir\u00e9e de [&hellip;]<\/p>\n","protected":false},"author":1,"featured_media":106715,"comment_status":"closed","ping_status":"closed","sticky":false,"template":"","format":"standard","meta":{"_acf_changed":false,"footnotes":""},"categories":[13],"tags":[],"class_list":["post-261016","post","type-post","status-publish","format-standard","has-post-thumbnail","hentry","category-restaurants"],"acf":[],"yoast_head":"<!-- This site is optimized with the Yoast SEO plugin v26.8 - https:\/\/yoast.com\/product\/yoast-seo-wordpress\/ -->\n<title>LE PETIT BRAMAIS Restaurants - Office De Tourisme Au C\u0153ur Des Collines Cathares<\/title>\n<meta name=\"description\" content=\"Dans le cadre d&#039;une ancienne quincaillerie, cette brasserie pleine de caract\u00e8re vous propose des plats traditionnels. Le g\u00e9rant Cl\u00e9ment Salvador et son Restaurants LE PETIT BRAMAIS Situ\u00e9 \u00e0 Fanjeaux, nous vous proposons de d\u00e9couvrir notre territoire ! , Office De Tourisme Au C\u0153ur Des Collines Cathares\" \/>\n<meta name=\"robots\" content=\"index, follow, max-snippet:-1, max-image-preview:large, max-video-preview:-1\" \/>\n<link rel=\"canonical\" href=\"https:\/\/collinescathares.com\/en\/restaurants\/le-petit-bramais\/\" \/>\n<meta property=\"og:locale\" content=\"en_US\" \/>\n<meta property=\"og:type\" content=\"article\" \/>\n<meta property=\"og:title\" content=\"LE PETIT BRAMAIS Restaurants - Office De Tourisme Au C\u0153ur Des Collines Cathares\" \/>\n<meta property=\"og:description\" content=\"Dans le cadre d&#039;une ancienne quincaillerie, cette brasserie pleine de caract\u00e8re vous propose des plats traditionnels. Le g\u00e9rant Cl\u00e9ment Salvador et son Restaurants LE PETIT BRAMAIS Situ\u00e9 \u00e0 Fanjeaux, nous vous proposons de d\u00e9couvrir notre territoire ! , Office De Tourisme Au C\u0153ur Des Collines Cathares\" \/>\n<meta property=\"og:url\" content=\"https:\/\/collinescathares.com\/en\/restaurants\/le-petit-bramais\/\" \/>\n<meta property=\"og:site_name\" content=\"Office De Tourisme Au C\u0153ur Des Collines Cathares\" \/>\n<meta property=\"article:publisher\" content=\"https:\/\/www.facebook.com\/tourismelauragais\" \/>\n<meta property=\"article:published_time\" content=\"2026-01-22T01:01:22+00:00\" \/>\n<meta property=\"article:modified_time\" content=\"2026-04-26T01:02:02+00:00\" \/>\n<meta property=\"og:image\" content=\"https:\/\/collinescathares.com\/wp-content\/uploads\/2021\/09\/LE-PETIT-BRAMAIS-5.jpg\" \/>\n\t<meta property=\"og:image:width\" content=\"1\" \/>\n\t<meta property=\"og:image:height\" content=\"1\" \/>\n\t<meta property=\"og:image:type\" content=\"image\/jpeg\" \/>\n<meta name=\"author\" content=\"adminreso\" \/>\n<meta name=\"twitter:card\" content=\"summary_large_image\" \/>\n<meta name=\"twitter:label1\" content=\"Written by\" \/>\n\t<meta name=\"twitter:data1\" content=\"adminreso\" \/>\n\t<meta name=\"twitter:label2\" content=\"Est. reading time\" \/>\n\t<meta name=\"twitter:data2\" content=\"1 minute\" \/>\n<script type=\"application\/ld+json\" class=\"yoast-schema-graph\">{\"@context\":\"https:\/\/schema.org\",\"@graph\":[{\"@type\":\"Article\",\"@id\":\"https:\/\/collinescathares.com\/en\/restaurants\/le-petit-bramais\/#article\",\"isPartOf\":{\"@id\":\"https:\/\/collinescathares.com\/en\/restaurants\/le-petit-bramais\/\"},\"author\":{\"name\":\"adminreso\",\"@id\":\"https:\/\/collinescathares.com\/en\/#\/schema\/person\/599b8b6b8fd81d72e2a03b412201f661\"},\"headline\":\"LE PETIT BRAMAIS\",\"datePublished\":\"2026-01-22T01:01:22+00:00\",\"dateModified\":\"2026-04-26T01:02:02+00:00\",\"mainEntityOfPage\":{\"@id\":\"https:\/\/collinescathares.com\/en\/restaurants\/le-petit-bramais\/\"},\"wordCount\":122,\"publisher\":{\"@id\":\"https:\/\/collinescathares.com\/en\/#organization\"},\"image\":{\"@id\":\"https:\/\/collinescathares.com\/en\/restaurants\/le-petit-bramais\/#primaryimage\"},\"thumbnailUrl\":\"https:\/\/collinescathares.com\/wp-content\/uploads\/2021\/09\/LE-PETIT-BRAMAIS-5.jpg\",\"articleSection\":[\"Restaurants\"],\"inLanguage\":\"en-US\"},{\"@type\":\"WebPage\",\"@id\":\"https:\/\/collinescathares.com\/en\/restaurants\/le-petit-bramais\/\",\"url\":\"https:\/\/collinescathares.com\/en\/restaurants\/le-petit-bramais\/\",\"name\":\"LE PETIT BRAMAIS Restaurants - Office De Tourisme Au C\u0153ur Des Collines Cathares\",\"isPartOf\":{\"@id\":\"https:\/\/collinescathares.com\/en\/#website\"},\"primaryImageOfPage\":{\"@id\":\"https:\/\/collinescathares.com\/en\/restaurants\/le-petit-bramais\/#primaryimage\"},\"image\":{\"@id\":\"https:\/\/collinescathares.com\/en\/restaurants\/le-petit-bramais\/#primaryimage\"},\"thumbnailUrl\":\"https:\/\/collinescathares.com\/wp-content\/uploads\/2021\/09\/LE-PETIT-BRAMAIS-5.jpg\",\"datePublished\":\"2026-01-22T01:01:22+00:00\",\"dateModified\":\"2026-04-26T01:02:02+00:00\",\"description\":\"Dans le cadre d'une ancienne quincaillerie, cette brasserie pleine de caract\u00e8re vous propose des plats traditionnels. Le g\u00e9rant Cl\u00e9ment Salvador et son Restaurants LE PETIT BRAMAIS Situ\u00e9 \u00e0 Fanjeaux, nous vous proposons de d\u00e9couvrir notre territoire ! , Office De Tourisme Au C\u0153ur Des Collines Cathares\",\"breadcrumb\":{\"@id\":\"https:\/\/collinescathares.com\/en\/restaurants\/le-petit-bramais\/#breadcrumb\"},\"inLanguage\":\"en-US\",\"potentialAction\":[{\"@type\":\"ReadAction\",\"target\":[\"https:\/\/collinescathares.com\/en\/restaurants\/le-petit-bramais\/\"]}]},{\"@type\":\"ImageObject\",\"inLanguage\":\"en-US\",\"@id\":\"https:\/\/collinescathares.com\/en\/restaurants\/le-petit-bramais\/#primaryimage\",\"url\":\"https:\/\/collinescathares.com\/wp-content\/uploads\/2021\/09\/LE-PETIT-BRAMAIS-5.jpg\",\"contentUrl\":\"https:\/\/collinescathares.com\/wp-content\/uploads\/2021\/09\/LE-PETIT-BRAMAIS-5.jpg\"},{\"@type\":\"BreadcrumbList\",\"@id\":\"https:\/\/collinescathares.com\/en\/restaurants\/le-petit-bramais\/#breadcrumb\",\"itemListElement\":[{\"@type\":\"ListItem\",\"position\":1,\"name\":\"Home\",\"item\":\"https:\/\/collinescathares.com\/en\/home\/\"},{\"@type\":\"ListItem\",\"position\":2,\"name\":\"Restaurants\",\"item\":\"https:\/\/collinescathares.com\/en\/category\/restaurants-en\/\"},{\"@type\":\"ListItem\",\"position\":3,\"name\":\"LE PETIT BRAMAIS\"}]},{\"@type\":\"WebSite\",\"@id\":\"https:\/\/collinescathares.com\/en\/#website\",\"url\":\"https:\/\/collinescathares.com\/en\/\",\"name\":\"Office De Tourisme Au C\u0153ur Des Collines Cathares\",\"description\":\"Situ\u00e9 \u00e0 Fanjeaux, nous vous proposons de d\u00e9couvrir notre territoire !\",\"publisher\":{\"@id\":\"https:\/\/collinescathares.com\/en\/#organization\"},\"potentialAction\":[{\"@type\":\"SearchAction\",\"target\":{\"@type\":\"EntryPoint\",\"urlTemplate\":\"https:\/\/collinescathares.com\/en\/?s={search_term_string}\"},\"query-input\":{\"@type\":\"PropertyValueSpecification\",\"valueRequired\":true,\"valueName\":\"search_term_string\"}}],\"inLanguage\":\"en-US\"},{\"@type\":\"Organization\",\"@id\":\"https:\/\/collinescathares.com\/en\/#organization\",\"name\":\"Office de Tourisme Au C\u0153ur Des Collines Cathares\",\"url\":\"https:\/\/collinescathares.com\/en\/\",\"logo\":{\"@type\":\"ImageObject\",\"inLanguage\":\"en-US\",\"@id\":\"https:\/\/collinescathares.com\/en\/#\/schema\/logo\/image\/\",\"url\":\"https:\/\/collinescathares.com\/wp-content\/uploads\/2020\/06\/logo_Tourisme_lauragais-1.jpg\",\"contentUrl\":\"https:\/\/collinescathares.com\/wp-content\/uploads\/2020\/06\/logo_Tourisme_lauragais-1.jpg\",\"width\":209,\"height\":250,\"caption\":\"Office de Tourisme Au C\u0153ur Des Collines Cathares\"},\"image\":{\"@id\":\"https:\/\/collinescathares.com\/en\/#\/schema\/logo\/image\/\"},\"sameAs\":[\"https:\/\/www.facebook.com\/tourismelauragais\",\"https:\/\/www.instagram.com\/officetourismecollinescathares\/?hl=fr\",\"https:\/\/www.pinterest.fr\/oticollinescathares\/boards\/\"]},{\"@type\":\"Person\",\"@id\":\"https:\/\/collinescathares.com\/en\/#\/schema\/person\/599b8b6b8fd81d72e2a03b412201f661\",\"name\":\"adminreso\",\"image\":{\"@type\":\"ImageObject\",\"inLanguage\":\"en-US\",\"@id\":\"https:\/\/collinescathares.com\/en\/#\/schema\/person\/image\/\",\"url\":\"https:\/\/secure.gravatar.com\/avatar\/6a8a6fbe9df7c51e1f428a312af274a2?s=96&d=mm&r=g\",\"contentUrl\":\"https:\/\/secure.gravatar.com\/avatar\/6a8a6fbe9df7c51e1f428a312af274a2?s=96&d=mm&r=g\",\"caption\":\"adminreso\"},\"sameAs\":[\"http:\/\/collinescathares.com\/new\"]}]}<\/script>\n<!-- \/ Yoast SEO plugin. -->","yoast_head_json":{"title":"LE PETIT BRAMAIS Restaurants - Office De Tourisme Au C\u0153ur Des Collines Cathares","description":"Dans le cadre d'une ancienne quincaillerie, cette brasserie pleine de caract\u00e8re vous propose des plats traditionnels. Le g\u00e9rant Cl\u00e9ment Salvador et son Restaurants LE PETIT BRAMAIS Situ\u00e9 \u00e0 Fanjeaux, nous vous proposons de d\u00e9couvrir notre territoire ! , Office De Tourisme Au C\u0153ur Des Collines Cathares","robots":{"index":"index","follow":"follow","max-snippet":"max-snippet:-1","max-image-preview":"max-image-preview:large","max-video-preview":"max-video-preview:-1"},"canonical":"https:\/\/collinescathares.com\/en\/restaurants\/le-petit-bramais\/","og_locale":"en_US","og_type":"article","og_title":"LE PETIT BRAMAIS Restaurants - Office De Tourisme Au C\u0153ur Des Collines Cathares","og_description":"Dans le cadre d'une ancienne quincaillerie, cette brasserie pleine de caract\u00e8re vous propose des plats traditionnels. Le g\u00e9rant Cl\u00e9ment Salvador et son Restaurants LE PETIT BRAMAIS Situ\u00e9 \u00e0 Fanjeaux, nous vous proposons de d\u00e9couvrir notre territoire ! , Office De Tourisme Au C\u0153ur Des Collines Cathares","og_url":"https:\/\/collinescathares.com\/en\/restaurants\/le-petit-bramais\/","og_site_name":"Office De Tourisme Au C\u0153ur Des Collines Cathares","article_publisher":"https:\/\/www.facebook.com\/tourismelauragais","article_published_time":"2026-01-22T01:01:22+00:00","article_modified_time":"2026-04-26T01:02:02+00:00","og_image":[{"url":"https:\/\/collinescathares.com\/wp-content\/uploads\/2021\/09\/LE-PETIT-BRAMAIS-5.jpg","width":1,"height":1,"type":"image\/jpeg"}],"author":"adminreso","twitter_card":"summary_large_image","twitter_misc":{"Written by":"adminreso","Est. reading time":"1 minute"},"schema":{"@context":"https:\/\/schema.org","@graph":[{"@type":"Article","@id":"https:\/\/collinescathares.com\/en\/restaurants\/le-petit-bramais\/#article","isPartOf":{"@id":"https:\/\/collinescathares.com\/en\/restaurants\/le-petit-bramais\/"},"author":{"name":"adminreso","@id":"https:\/\/collinescathares.com\/en\/#\/schema\/person\/599b8b6b8fd81d72e2a03b412201f661"},"headline":"LE PETIT BRAMAIS","datePublished":"2026-01-22T01:01:22+00:00","dateModified":"2026-04-26T01:02:02+00:00","mainEntityOfPage":{"@id":"https:\/\/collinescathares.com\/en\/restaurants\/le-petit-bramais\/"},"wordCount":122,"publisher":{"@id":"https:\/\/collinescathares.com\/en\/#organization"},"image":{"@id":"https:\/\/collinescathares.com\/en\/restaurants\/le-petit-bramais\/#primaryimage"},"thumbnailUrl":"https:\/\/collinescathares.com\/wp-content\/uploads\/2021\/09\/LE-PETIT-BRAMAIS-5.jpg","articleSection":["Restaurants"],"inLanguage":"en-US"},{"@type":"WebPage","@id":"https:\/\/collinescathares.com\/en\/restaurants\/le-petit-bramais\/","url":"https:\/\/collinescathares.com\/en\/restaurants\/le-petit-bramais\/","name":"LE PETIT BRAMAIS Restaurants - Office De Tourisme Au C\u0153ur Des Collines Cathares","isPartOf":{"@id":"https:\/\/collinescathares.com\/en\/#website"},"primaryImageOfPage":{"@id":"https:\/\/collinescathares.com\/en\/restaurants\/le-petit-bramais\/#primaryimage"},"image":{"@id":"https:\/\/collinescathares.com\/en\/restaurants\/le-petit-bramais\/#primaryimage"},"thumbnailUrl":"https:\/\/collinescathares.com\/wp-content\/uploads\/2021\/09\/LE-PETIT-BRAMAIS-5.jpg","datePublished":"2026-01-22T01:01:22+00:00","dateModified":"2026-04-26T01:02:02+00:00","description":"Dans le cadre d'une ancienne quincaillerie, cette brasserie pleine de caract\u00e8re vous propose des plats traditionnels. Le g\u00e9rant Cl\u00e9ment Salvador et son Restaurants LE PETIT BRAMAIS Situ\u00e9 \u00e0 Fanjeaux, nous vous proposons de d\u00e9couvrir notre territoire ! , Office De Tourisme Au C\u0153ur Des Collines Cathares","breadcrumb":{"@id":"https:\/\/collinescathares.com\/en\/restaurants\/le-petit-bramais\/#breadcrumb"},"inLanguage":"en-US","potentialAction":[{"@type":"ReadAction","target":["https:\/\/collinescathares.com\/en\/restaurants\/le-petit-bramais\/"]}]},{"@type":"ImageObject","inLanguage":"en-US","@id":"https:\/\/collinescathares.com\/en\/restaurants\/le-petit-bramais\/#primaryimage","url":"https:\/\/collinescathares.com\/wp-content\/uploads\/2021\/09\/LE-PETIT-BRAMAIS-5.jpg","contentUrl":"https:\/\/collinescathares.com\/wp-content\/uploads\/2021\/09\/LE-PETIT-BRAMAIS-5.jpg"},{"@type":"BreadcrumbList","@id":"https:\/\/collinescathares.com\/en\/restaurants\/le-petit-bramais\/#breadcrumb","itemListElement":[{"@type":"ListItem","position":1,"name":"Home","item":"https:\/\/collinescathares.com\/en\/home\/"},{"@type":"ListItem","position":2,"name":"Restaurants","item":"https:\/\/collinescathares.com\/en\/category\/restaurants-en\/"},{"@type":"ListItem","position":3,"name":"LE PETIT BRAMAIS"}]},{"@type":"WebSite","@id":"https:\/\/collinescathares.com\/en\/#website","url":"https:\/\/collinescathares.com\/en\/","name":"Office De Tourisme Au C\u0153ur Des Collines Cathares","description":"Situ\u00e9 \u00e0 Fanjeaux, nous vous proposons de d\u00e9couvrir notre territoire !","publisher":{"@id":"https:\/\/collinescathares.com\/en\/#organization"},"potentialAction":[{"@type":"SearchAction","target":{"@type":"EntryPoint","urlTemplate":"https:\/\/collinescathares.com\/en\/?s={search_term_string}"},"query-input":{"@type":"PropertyValueSpecification","valueRequired":true,"valueName":"search_term_string"}}],"inLanguage":"en-US"},{"@type":"Organization","@id":"https:\/\/collinescathares.com\/en\/#organization","name":"Office de Tourisme Au C\u0153ur Des Collines Cathares","url":"https:\/\/collinescathares.com\/en\/","logo":{"@type":"ImageObject","inLanguage":"en-US","@id":"https:\/\/collinescathares.com\/en\/#\/schema\/logo\/image\/","url":"https:\/\/collinescathares.com\/wp-content\/uploads\/2020\/06\/logo_Tourisme_lauragais-1.jpg","contentUrl":"https:\/\/collinescathares.com\/wp-content\/uploads\/2020\/06\/logo_Tourisme_lauragais-1.jpg","width":209,"height":250,"caption":"Office de Tourisme Au C\u0153ur Des Collines Cathares"},"image":{"@id":"https:\/\/collinescathares.com\/en\/#\/schema\/logo\/image\/"},"sameAs":["https:\/\/www.facebook.com\/tourismelauragais","https:\/\/www.instagram.com\/officetourismecollinescathares\/?hl=fr","https:\/\/www.pinterest.fr\/oticollinescathares\/boards\/"]},{"@type":"Person","@id":"https:\/\/collinescathares.com\/en\/#\/schema\/person\/599b8b6b8fd81d72e2a03b412201f661","name":"adminreso","image":{"@type":"ImageObject","inLanguage":"en-US","@id":"https:\/\/collinescathares.com\/en\/#\/schema\/person\/image\/","url":"https:\/\/secure.gravatar.com\/avatar\/6a8a6fbe9df7c51e1f428a312af274a2?s=96&d=mm&r=g","contentUrl":"https:\/\/secure.gravatar.com\/avatar\/6a8a6fbe9df7c51e1f428a312af274a2?s=96&d=mm&r=g","caption":"adminreso"},"sameAs":["http:\/\/collinescathares.com\/new"]}]}},"_links":{"self":[{"href":"https:\/\/collinescathares.com\/en\/wp-json\/wp\/v2\/posts\/261016","targetHints":{"allow":["GET"]}}],"collection":[{"href":"https:\/\/collinescathares.com\/en\/wp-json\/wp\/v2\/posts"}],"about":[{"href":"https:\/\/collinescathares.com\/en\/wp-json\/wp\/v2\/types\/post"}],"author":[{"embeddable":true,"href":"https:\/\/collinescathares.com\/en\/wp-json\/wp\/v2\/users\/1"}],"replies":[{"embeddable":true,"href":"https:\/\/collinescathares.com\/en\/wp-json\/wp\/v2\/comments?post=261016"}],"version-history":[{"count":1,"href":"https:\/\/collinescathares.com\/en\/wp-json\/wp\/v2\/posts\/261016\/revisions"}],"predecessor-version":[{"id":261217,"href":"https:\/\/collinescathares.com\/en\/wp-json\/wp\/v2\/posts\/261016\/revisions\/261217"}],"wp:featuredmedia":[{"embeddable":true,"href":"https:\/\/collinescathares.com\/en\/wp-json\/wp\/v2\/media\/106715"}],"wp:attachment":[{"href":"https:\/\/collinescathares.com\/en\/wp-json\/wp\/v2\/media?parent=261016"}],"wp:term":[{"taxonomy":"category","embeddable":true,"href":"https:\/\/collinescathares.com\/en\/wp-json\/wp\/v2\/categories?post=261016"},{"taxonomy":"post_tag","embeddable":true,"href":"https:\/\/collinescathares.com\/en\/wp-json\/wp\/v2\/tags?post=261016"}],"curies":[{"name":"wp","href":"https:\/\/api.w.org\/{rel}","templated":true}]}}