{"id":261821,"date":"2026-02-06T09:11:01","date_gmt":"2026-02-06T08:11:01","guid":{"rendered":"https:\/\/collinescathares.com\/gites\/las-pelats\/"},"modified":"2026-04-29T10:10:45","modified_gmt":"2026-04-29T08:10:45","slug":"las-pelats","status":"publish","type":"post","link":"https:\/\/collinescathares.com\/en\/gites\/las-pelats\/","title":{"rendered":"LAS PELATS"},"content":{"rendered":"<p>Une terrasse plein sud abrit\u00e9e d&#8217;une toiture permet des repas \u00e0 l&#8217;ext\u00e9rieur. Devant la piscine un pool house \u00e9quip\u00e9 d&#8217;une kitchenette et d&#8217;une plancha pour des repas au bord de l&#8217;eau. Une plage de piscine en travertin de 100 m2 avec mobilier de jardin et bains de soleil invitera au farniente et les plus sportifs partiront randonner \u00e0 pieds ou \u00e0 v\u00e9los dans les alentours ou le long des berges du Canal du Midi. Lac du Lampy \u00e0 10 km o\u00f9 la baignade est des plus agr\u00e9ables. Commerces et restaurants \u00e0 Bram \u00e0 10km.  Le gite comprend : s\u00e9jour-cuisine climatis\u00e9 donnant sur une grande terrasse de 45m\u00b2 abrit\u00e9e et le jardin, mobilier de jardin et barbecue, 2 chambres avec 2 lits 140 et 2 salles d&#8217;eau avec un WC attenant. Annexe mitoyenne au gite pour 5 personnes suppl\u00e9mentaires. avec 2 chambres 1 lit 140 et 1lits 140 et 90 superpos\u00e9s, salle d&#8217;eau avec un WC (3 salle d&#8217;eau en tout dans le g\u00eete). Garage et buanderie. Chauffage \u00e9lectrique en suppl\u00e9ment. M\u00e9nage \u00e0 la demande. Chien admis sous condition de bonne conduite. \u00c9picerie au village. Climatisation dans l&#8217;annexe du g\u00eete.<\/p>\n","protected":false},"excerpt":{"rendered":"<p>Une terrasse plein sud abrit\u00e9e d&#8217;une toiture permet des repas \u00e0 l&#8217;ext\u00e9rieur. Devant la piscine un pool house \u00e9quip\u00e9 d&#8217;une kitchenette et d&#8217;une plancha pour des repas au bord de l&#8217;eau. Une plage de piscine en travertin de 100 m2 avec mobilier de jardin et bains de soleil invitera au farniente et les plus sportifs [&hellip;]<\/p>\n","protected":false},"author":1,"featured_media":256064,"comment_status":"closed","ping_status":"closed","sticky":false,"template":"","format":"standard","meta":{"_acf_changed":false,"footnotes":""},"categories":[47],"tags":[],"class_list":["post-261821","post","type-post","status-publish","format-standard","has-post-thumbnail","hentry","category-gites"],"acf":[],"yoast_head":"<!-- This site is optimized with the Yoast SEO plugin v26.8 - https:\/\/yoast.com\/product\/yoast-seo-wordpress\/ -->\n<title>LAS PELATS G\u00eetes - Office De Tourisme Au C\u0153ur Des Collines Cathares<\/title>\n<meta name=\"description\" content=\"Une terrasse plein sud abrit\u00e9e d&#039;une toiture permet des repas \u00e0 l&#039;ext\u00e9rieur. Devant la piscine un pool house \u00e9quip\u00e9 d&#039;une kitchenette et d&#039;une plancha G\u00eetes LAS PELATS Situ\u00e9 \u00e0 Fanjeaux, nous vous proposons de d\u00e9couvrir notre territoire ! , Office De Tourisme Au C\u0153ur Des Collines Cathares\" \/>\n<meta name=\"robots\" content=\"index, follow, max-snippet:-1, max-image-preview:large, max-video-preview:-1\" \/>\n<link rel=\"canonical\" href=\"https:\/\/collinescathares.com\/en\/gites\/las-pelats\/\" \/>\n<meta property=\"og:locale\" content=\"en_US\" \/>\n<meta property=\"og:type\" content=\"article\" \/>\n<meta property=\"og:title\" content=\"LAS PELATS G\u00eetes - Office De Tourisme Au C\u0153ur Des Collines Cathares\" \/>\n<meta property=\"og:description\" content=\"Une terrasse plein sud abrit\u00e9e d&#039;une toiture permet des repas \u00e0 l&#039;ext\u00e9rieur. Devant la piscine un pool house \u00e9quip\u00e9 d&#039;une kitchenette et d&#039;une plancha G\u00eetes LAS PELATS Situ\u00e9 \u00e0 Fanjeaux, nous vous proposons de d\u00e9couvrir notre territoire ! , Office De Tourisme Au C\u0153ur Des Collines Cathares\" \/>\n<meta property=\"og:url\" content=\"https:\/\/collinescathares.com\/en\/gites\/las-pelats\/\" \/>\n<meta property=\"og:site_name\" content=\"Office De Tourisme Au C\u0153ur Des Collines Cathares\" \/>\n<meta property=\"article:publisher\" content=\"https:\/\/www.facebook.com\/tourismelauragais\" \/>\n<meta property=\"article:published_time\" content=\"2026-02-06T08:11:01+00:00\" \/>\n<meta property=\"article:modified_time\" content=\"2026-04-29T08:10:45+00:00\" \/>\n<meta property=\"og:image\" content=\"https:\/\/collinescathares.com\/wp-content\/uploads\/2025\/07\/11G2181-1200.jpg\" \/>\n\t<meta property=\"og:image:width\" content=\"1200\" \/>\n\t<meta property=\"og:image:height\" content=\"1600\" \/>\n\t<meta property=\"og:image:type\" content=\"image\/jpeg\" \/>\n<meta name=\"author\" content=\"adminreso\" \/>\n<meta name=\"twitter:card\" content=\"summary_large_image\" \/>\n<meta name=\"twitter:label1\" content=\"Written by\" \/>\n\t<meta name=\"twitter:data1\" content=\"adminreso\" \/>\n\t<meta name=\"twitter:label2\" content=\"Est. reading time\" \/>\n\t<meta name=\"twitter:data2\" content=\"1 minute\" \/>\n<script type=\"application\/ld+json\" class=\"yoast-schema-graph\">{\"@context\":\"https:\/\/schema.org\",\"@graph\":[{\"@type\":\"Article\",\"@id\":\"https:\/\/collinescathares.com\/en\/gites\/las-pelats\/#article\",\"isPartOf\":{\"@id\":\"https:\/\/collinescathares.com\/en\/gites\/las-pelats\/\"},\"author\":{\"name\":\"adminreso\",\"@id\":\"https:\/\/collinescathares.com\/en\/#\/schema\/person\/599b8b6b8fd81d72e2a03b412201f661\"},\"headline\":\"LAS PELATS\",\"datePublished\":\"2026-02-06T08:11:01+00:00\",\"dateModified\":\"2026-04-29T08:10:45+00:00\",\"mainEntityOfPage\":{\"@id\":\"https:\/\/collinescathares.com\/en\/gites\/las-pelats\/\"},\"wordCount\":191,\"publisher\":{\"@id\":\"https:\/\/collinescathares.com\/en\/#organization\"},\"image\":{\"@id\":\"https:\/\/collinescathares.com\/en\/gites\/las-pelats\/#primaryimage\"},\"thumbnailUrl\":\"https:\/\/collinescathares.com\/wp-content\/uploads\/2025\/07\/11G2181-1200.jpg\",\"articleSection\":[\"G\u00eetes\"],\"inLanguage\":\"en-US\"},{\"@type\":\"WebPage\",\"@id\":\"https:\/\/collinescathares.com\/en\/gites\/las-pelats\/\",\"url\":\"https:\/\/collinescathares.com\/en\/gites\/las-pelats\/\",\"name\":\"LAS PELATS G\u00eetes - Office De Tourisme Au C\u0153ur Des Collines Cathares\",\"isPartOf\":{\"@id\":\"https:\/\/collinescathares.com\/en\/#website\"},\"primaryImageOfPage\":{\"@id\":\"https:\/\/collinescathares.com\/en\/gites\/las-pelats\/#primaryimage\"},\"image\":{\"@id\":\"https:\/\/collinescathares.com\/en\/gites\/las-pelats\/#primaryimage\"},\"thumbnailUrl\":\"https:\/\/collinescathares.com\/wp-content\/uploads\/2025\/07\/11G2181-1200.jpg\",\"datePublished\":\"2026-02-06T08:11:01+00:00\",\"dateModified\":\"2026-04-29T08:10:45+00:00\",\"description\":\"Une terrasse plein sud abrit\u00e9e d'une toiture permet des repas \u00e0 l'ext\u00e9rieur. Devant la piscine un pool house \u00e9quip\u00e9 d'une kitchenette et d'une plancha G\u00eetes LAS PELATS Situ\u00e9 \u00e0 Fanjeaux, nous vous proposons de d\u00e9couvrir notre territoire ! , Office De Tourisme Au C\u0153ur Des Collines Cathares\",\"breadcrumb\":{\"@id\":\"https:\/\/collinescathares.com\/en\/gites\/las-pelats\/#breadcrumb\"},\"inLanguage\":\"en-US\",\"potentialAction\":[{\"@type\":\"ReadAction\",\"target\":[\"https:\/\/collinescathares.com\/en\/gites\/las-pelats\/\"]}]},{\"@type\":\"ImageObject\",\"inLanguage\":\"en-US\",\"@id\":\"https:\/\/collinescathares.com\/en\/gites\/las-pelats\/#primaryimage\",\"url\":\"https:\/\/collinescathares.com\/wp-content\/uploads\/2025\/07\/11G2181-1200.jpg\",\"contentUrl\":\"https:\/\/collinescathares.com\/wp-content\/uploads\/2025\/07\/11G2181-1200.jpg\",\"width\":1200,\"height\":1600},{\"@type\":\"BreadcrumbList\",\"@id\":\"https:\/\/collinescathares.com\/en\/gites\/las-pelats\/#breadcrumb\",\"itemListElement\":[{\"@type\":\"ListItem\",\"position\":1,\"name\":\"Home\",\"item\":\"https:\/\/collinescathares.com\/en\/home\/\"},{\"@type\":\"ListItem\",\"position\":2,\"name\":\"G\u00eetes\",\"item\":\"https:\/\/collinescathares.com\/category\/gites\/\"},{\"@type\":\"ListItem\",\"position\":3,\"name\":\"LAS PELATS\"}]},{\"@type\":\"WebSite\",\"@id\":\"https:\/\/collinescathares.com\/en\/#website\",\"url\":\"https:\/\/collinescathares.com\/en\/\",\"name\":\"Office De Tourisme Au C\u0153ur Des Collines Cathares\",\"description\":\"Situ\u00e9 \u00e0 Fanjeaux, nous vous proposons de d\u00e9couvrir notre territoire !\",\"publisher\":{\"@id\":\"https:\/\/collinescathares.com\/en\/#organization\"},\"potentialAction\":[{\"@type\":\"SearchAction\",\"target\":{\"@type\":\"EntryPoint\",\"urlTemplate\":\"https:\/\/collinescathares.com\/en\/?s={search_term_string}\"},\"query-input\":{\"@type\":\"PropertyValueSpecification\",\"valueRequired\":true,\"valueName\":\"search_term_string\"}}],\"inLanguage\":\"en-US\"},{\"@type\":\"Organization\",\"@id\":\"https:\/\/collinescathares.com\/en\/#organization\",\"name\":\"Office de Tourisme Au C\u0153ur Des Collines Cathares\",\"url\":\"https:\/\/collinescathares.com\/en\/\",\"logo\":{\"@type\":\"ImageObject\",\"inLanguage\":\"en-US\",\"@id\":\"https:\/\/collinescathares.com\/en\/#\/schema\/logo\/image\/\",\"url\":\"https:\/\/collinescathares.com\/wp-content\/uploads\/2020\/06\/logo_Tourisme_lauragais-1.jpg\",\"contentUrl\":\"https:\/\/collinescathares.com\/wp-content\/uploads\/2020\/06\/logo_Tourisme_lauragais-1.jpg\",\"width\":209,\"height\":250,\"caption\":\"Office de Tourisme Au C\u0153ur Des Collines Cathares\"},\"image\":{\"@id\":\"https:\/\/collinescathares.com\/en\/#\/schema\/logo\/image\/\"},\"sameAs\":[\"https:\/\/www.facebook.com\/tourismelauragais\",\"https:\/\/www.instagram.com\/officetourismecollinescathares\/?hl=fr\",\"https:\/\/www.pinterest.fr\/oticollinescathares\/boards\/\"]},{\"@type\":\"Person\",\"@id\":\"https:\/\/collinescathares.com\/en\/#\/schema\/person\/599b8b6b8fd81d72e2a03b412201f661\",\"name\":\"adminreso\",\"image\":{\"@type\":\"ImageObject\",\"inLanguage\":\"en-US\",\"@id\":\"https:\/\/collinescathares.com\/en\/#\/schema\/person\/image\/\",\"url\":\"https:\/\/secure.gravatar.com\/avatar\/6a8a6fbe9df7c51e1f428a312af274a2?s=96&d=mm&r=g\",\"contentUrl\":\"https:\/\/secure.gravatar.com\/avatar\/6a8a6fbe9df7c51e1f428a312af274a2?s=96&d=mm&r=g\",\"caption\":\"adminreso\"},\"sameAs\":[\"http:\/\/collinescathares.com\/new\"]}]}<\/script>\n<!-- \/ Yoast SEO plugin. -->","yoast_head_json":{"title":"LAS PELATS G\u00eetes - Office De Tourisme Au C\u0153ur Des Collines Cathares","description":"Une terrasse plein sud abrit\u00e9e d'une toiture permet des repas \u00e0 l'ext\u00e9rieur. Devant la piscine un pool house \u00e9quip\u00e9 d'une kitchenette et d'une plancha G\u00eetes LAS PELATS Situ\u00e9 \u00e0 Fanjeaux, nous vous proposons de d\u00e9couvrir notre territoire ! , Office De Tourisme Au C\u0153ur Des Collines Cathares","robots":{"index":"index","follow":"follow","max-snippet":"max-snippet:-1","max-image-preview":"max-image-preview:large","max-video-preview":"max-video-preview:-1"},"canonical":"https:\/\/collinescathares.com\/en\/gites\/las-pelats\/","og_locale":"en_US","og_type":"article","og_title":"LAS PELATS G\u00eetes - Office De Tourisme Au C\u0153ur Des Collines Cathares","og_description":"Une terrasse plein sud abrit\u00e9e d'une toiture permet des repas \u00e0 l'ext\u00e9rieur. Devant la piscine un pool house \u00e9quip\u00e9 d'une kitchenette et d'une plancha G\u00eetes LAS PELATS Situ\u00e9 \u00e0 Fanjeaux, nous vous proposons de d\u00e9couvrir notre territoire ! , Office De Tourisme Au C\u0153ur Des Collines Cathares","og_url":"https:\/\/collinescathares.com\/en\/gites\/las-pelats\/","og_site_name":"Office De Tourisme Au C\u0153ur Des Collines Cathares","article_publisher":"https:\/\/www.facebook.com\/tourismelauragais","article_published_time":"2026-02-06T08:11:01+00:00","article_modified_time":"2026-04-29T08:10:45+00:00","og_image":[{"width":1200,"height":1600,"url":"https:\/\/collinescathares.com\/wp-content\/uploads\/2025\/07\/11G2181-1200.jpg","type":"image\/jpeg"}],"author":"adminreso","twitter_card":"summary_large_image","twitter_misc":{"Written by":"adminreso","Est. reading time":"1 minute"},"schema":{"@context":"https:\/\/schema.org","@graph":[{"@type":"Article","@id":"https:\/\/collinescathares.com\/en\/gites\/las-pelats\/#article","isPartOf":{"@id":"https:\/\/collinescathares.com\/en\/gites\/las-pelats\/"},"author":{"name":"adminreso","@id":"https:\/\/collinescathares.com\/en\/#\/schema\/person\/599b8b6b8fd81d72e2a03b412201f661"},"headline":"LAS PELATS","datePublished":"2026-02-06T08:11:01+00:00","dateModified":"2026-04-29T08:10:45+00:00","mainEntityOfPage":{"@id":"https:\/\/collinescathares.com\/en\/gites\/las-pelats\/"},"wordCount":191,"publisher":{"@id":"https:\/\/collinescathares.com\/en\/#organization"},"image":{"@id":"https:\/\/collinescathares.com\/en\/gites\/las-pelats\/#primaryimage"},"thumbnailUrl":"https:\/\/collinescathares.com\/wp-content\/uploads\/2025\/07\/11G2181-1200.jpg","articleSection":["G\u00eetes"],"inLanguage":"en-US"},{"@type":"WebPage","@id":"https:\/\/collinescathares.com\/en\/gites\/las-pelats\/","url":"https:\/\/collinescathares.com\/en\/gites\/las-pelats\/","name":"LAS PELATS G\u00eetes - Office De Tourisme Au C\u0153ur Des Collines Cathares","isPartOf":{"@id":"https:\/\/collinescathares.com\/en\/#website"},"primaryImageOfPage":{"@id":"https:\/\/collinescathares.com\/en\/gites\/las-pelats\/#primaryimage"},"image":{"@id":"https:\/\/collinescathares.com\/en\/gites\/las-pelats\/#primaryimage"},"thumbnailUrl":"https:\/\/collinescathares.com\/wp-content\/uploads\/2025\/07\/11G2181-1200.jpg","datePublished":"2026-02-06T08:11:01+00:00","dateModified":"2026-04-29T08:10:45+00:00","description":"Une terrasse plein sud abrit\u00e9e d'une toiture permet des repas \u00e0 l'ext\u00e9rieur. Devant la piscine un pool house \u00e9quip\u00e9 d'une kitchenette et d'une plancha G\u00eetes LAS PELATS Situ\u00e9 \u00e0 Fanjeaux, nous vous proposons de d\u00e9couvrir notre territoire ! , Office De Tourisme Au C\u0153ur Des Collines Cathares","breadcrumb":{"@id":"https:\/\/collinescathares.com\/en\/gites\/las-pelats\/#breadcrumb"},"inLanguage":"en-US","potentialAction":[{"@type":"ReadAction","target":["https:\/\/collinescathares.com\/en\/gites\/las-pelats\/"]}]},{"@type":"ImageObject","inLanguage":"en-US","@id":"https:\/\/collinescathares.com\/en\/gites\/las-pelats\/#primaryimage","url":"https:\/\/collinescathares.com\/wp-content\/uploads\/2025\/07\/11G2181-1200.jpg","contentUrl":"https:\/\/collinescathares.com\/wp-content\/uploads\/2025\/07\/11G2181-1200.jpg","width":1200,"height":1600},{"@type":"BreadcrumbList","@id":"https:\/\/collinescathares.com\/en\/gites\/las-pelats\/#breadcrumb","itemListElement":[{"@type":"ListItem","position":1,"name":"Home","item":"https:\/\/collinescathares.com\/en\/home\/"},{"@type":"ListItem","position":2,"name":"G\u00eetes","item":"https:\/\/collinescathares.com\/category\/gites\/"},{"@type":"ListItem","position":3,"name":"LAS PELATS"}]},{"@type":"WebSite","@id":"https:\/\/collinescathares.com\/en\/#website","url":"https:\/\/collinescathares.com\/en\/","name":"Office De Tourisme Au C\u0153ur Des Collines Cathares","description":"Situ\u00e9 \u00e0 Fanjeaux, nous vous proposons de d\u00e9couvrir notre territoire !","publisher":{"@id":"https:\/\/collinescathares.com\/en\/#organization"},"potentialAction":[{"@type":"SearchAction","target":{"@type":"EntryPoint","urlTemplate":"https:\/\/collinescathares.com\/en\/?s={search_term_string}"},"query-input":{"@type":"PropertyValueSpecification","valueRequired":true,"valueName":"search_term_string"}}],"inLanguage":"en-US"},{"@type":"Organization","@id":"https:\/\/collinescathares.com\/en\/#organization","name":"Office de Tourisme Au C\u0153ur Des Collines Cathares","url":"https:\/\/collinescathares.com\/en\/","logo":{"@type":"ImageObject","inLanguage":"en-US","@id":"https:\/\/collinescathares.com\/en\/#\/schema\/logo\/image\/","url":"https:\/\/collinescathares.com\/wp-content\/uploads\/2020\/06\/logo_Tourisme_lauragais-1.jpg","contentUrl":"https:\/\/collinescathares.com\/wp-content\/uploads\/2020\/06\/logo_Tourisme_lauragais-1.jpg","width":209,"height":250,"caption":"Office de Tourisme Au C\u0153ur Des Collines Cathares"},"image":{"@id":"https:\/\/collinescathares.com\/en\/#\/schema\/logo\/image\/"},"sameAs":["https:\/\/www.facebook.com\/tourismelauragais","https:\/\/www.instagram.com\/officetourismecollinescathares\/?hl=fr","https:\/\/www.pinterest.fr\/oticollinescathares\/boards\/"]},{"@type":"Person","@id":"https:\/\/collinescathares.com\/en\/#\/schema\/person\/599b8b6b8fd81d72e2a03b412201f661","name":"adminreso","image":{"@type":"ImageObject","inLanguage":"en-US","@id":"https:\/\/collinescathares.com\/en\/#\/schema\/person\/image\/","url":"https:\/\/secure.gravatar.com\/avatar\/6a8a6fbe9df7c51e1f428a312af274a2?s=96&d=mm&r=g","contentUrl":"https:\/\/secure.gravatar.com\/avatar\/6a8a6fbe9df7c51e1f428a312af274a2?s=96&d=mm&r=g","caption":"adminreso"},"sameAs":["http:\/\/collinescathares.com\/new"]}]}},"_links":{"self":[{"href":"https:\/\/collinescathares.com\/en\/wp-json\/wp\/v2\/posts\/261821","targetHints":{"allow":["GET"]}}],"collection":[{"href":"https:\/\/collinescathares.com\/en\/wp-json\/wp\/v2\/posts"}],"about":[{"href":"https:\/\/collinescathares.com\/en\/wp-json\/wp\/v2\/types\/post"}],"author":[{"embeddable":true,"href":"https:\/\/collinescathares.com\/en\/wp-json\/wp\/v2\/users\/1"}],"replies":[{"embeddable":true,"href":"https:\/\/collinescathares.com\/en\/wp-json\/wp\/v2\/comments?post=261821"}],"version-history":[{"count":1,"href":"https:\/\/collinescathares.com\/en\/wp-json\/wp\/v2\/posts\/261821\/revisions"}],"predecessor-version":[{"id":262120,"href":"https:\/\/collinescathares.com\/en\/wp-json\/wp\/v2\/posts\/261821\/revisions\/262120"}],"wp:featuredmedia":[{"embeddable":true,"href":"https:\/\/collinescathares.com\/en\/wp-json\/wp\/v2\/media\/256064"}],"wp:attachment":[{"href":"https:\/\/collinescathares.com\/en\/wp-json\/wp\/v2\/media?parent=261821"}],"wp:term":[{"taxonomy":"category","embeddable":true,"href":"https:\/\/collinescathares.com\/en\/wp-json\/wp\/v2\/categories?post=261821"},{"taxonomy":"post_tag","embeddable":true,"href":"https:\/\/collinescathares.com\/en\/wp-json\/wp\/v2\/tags?post=261821"}],"curies":[{"name":"wp","href":"https:\/\/api.w.org\/{rel}","templated":true}]}}