{"id":261865,"date":"2026-02-06T09:11:15","date_gmt":"2026-02-06T08:11:15","guid":{"rendered":"https:\/\/collinescathares.com\/gites\/gite-laude-a-la-joie\/"},"modified":"2026-04-29T10:11:42","modified_gmt":"2026-04-29T08:11:42","slug":"gite-laude-a-la-joie","status":"publish","type":"post","link":"https:\/\/collinescathares.com\/en\/gites\/gite-laude-a-la-joie\/","title":{"rendered":"G\u00ceTE &#8211; L&#8217;AUDE \u00c0 LA JOIE"},"content":{"rendered":"<p>G\u00eete au c\u0153ur de la Malep\u00e8re, \u00e0 Montr\u00e9al.<br \/>\nAu rez-de-chauss\u00e9e d&#8217;une maison en pierres (avec entr\u00e9e ind\u00e9pendante).<\/p>\n<p>Le g\u00eete comprend :<br \/>\n&#8211; Une grande cuisine avec coin repas donnant sur un petit jardin o\u00f9 salon de jardin, parasol, chiliennes et barbecue sont mis \u00e0 disposition;<br \/>\n&#8211; une pi\u00e8ce de vie de 30m2 avec un canap\u00e9 convertible et, attenante, une alc\u00f4ve avec un lit standard en 140;<br \/>\n&#8211; Une salle de bain et un WC ind\u00e9pendant;<br \/>\n&#8211; Parking gratuit dans la rue devant le gite.<\/p>\n<p>Le g\u00eete peut accueillir 2 adultes et 2 enfants ou 3 adultes (+ b\u00e9b\u00e9).<\/p>\n<p>Montr\u00e9al, charmant village, dispose de tous les commerces (boulangerie, \u00e9picerie, restaurants&#8230;)<br \/>\nVous serez id\u00e9alement situ\u00e9s entre Carcassonne, Castelnaudary et Mirepoix, pour d\u00e9couvrir le pays du cassoulet, du canal du Midi et des cathares.<\/p>\n","protected":false},"excerpt":{"rendered":"<p>G\u00eete au c\u0153ur de la Malep\u00e8re, \u00e0 Montr\u00e9al. Au rez-de-chauss\u00e9e d&#8217;une maison en pierres (avec entr\u00e9e ind\u00e9pendante). Le g\u00eete comprend : &#8211; Une grande cuisine avec coin repas donnant sur un petit jardin o\u00f9 salon de jardin, parasol, chiliennes et barbecue sont mis \u00e0 disposition; &#8211; une pi\u00e8ce de vie de 30m2 avec un canap\u00e9 [&hellip;]<\/p>\n","protected":false},"author":1,"featured_media":113352,"comment_status":"closed","ping_status":"closed","sticky":false,"template":"","format":"standard","meta":{"_acf_changed":false,"footnotes":""},"categories":[47],"tags":[],"class_list":["post-261865","post","type-post","status-publish","format-standard","has-post-thumbnail","hentry","category-gites"],"acf":[],"yoast_head":"<!-- This site is optimized with the Yoast SEO plugin v26.8 - https:\/\/yoast.com\/product\/yoast-seo-wordpress\/ -->\n<title>G\u00ceTE - L&#039;AUDE \u00c0 LA JOIE G\u00eetes - Office De Tourisme Au C\u0153ur Des Collines Cathares<\/title>\n<meta name=\"description\" content=\"G\u00eete au c\u0153ur de la Malep\u00e8re, \u00e0 Montr\u00e9al. Au rez-de-chauss\u00e9e d&#039;une maison en pierres (avec entr\u00e9e ind\u00e9pendante). Le g\u00eete comprend : - Une grande cuisine G\u00eetes G\u00ceTE - L&#039;AUDE \u00c0 LA JOIE Situ\u00e9 \u00e0 Fanjeaux, nous vous proposons de d\u00e9couvrir notre territoire ! , Office De Tourisme Au C\u0153ur Des Collines Cathares\" \/>\n<meta name=\"robots\" content=\"index, follow, max-snippet:-1, max-image-preview:large, max-video-preview:-1\" \/>\n<link rel=\"canonical\" href=\"https:\/\/collinescathares.com\/en\/gites\/gite-laude-a-la-joie\/\" \/>\n<meta property=\"og:locale\" content=\"en_US\" \/>\n<meta property=\"og:type\" content=\"article\" \/>\n<meta property=\"og:title\" content=\"G\u00ceTE - L&#039;AUDE \u00c0 LA JOIE G\u00eetes - Office De Tourisme Au C\u0153ur Des Collines Cathares\" \/>\n<meta property=\"og:description\" content=\"G\u00eete au c\u0153ur de la Malep\u00e8re, \u00e0 Montr\u00e9al. Au rez-de-chauss\u00e9e d&#039;une maison en pierres (avec entr\u00e9e ind\u00e9pendante). Le g\u00eete comprend : - Une grande cuisine G\u00eetes G\u00ceTE - L&#039;AUDE \u00c0 LA JOIE Situ\u00e9 \u00e0 Fanjeaux, nous vous proposons de d\u00e9couvrir notre territoire ! , Office De Tourisme Au C\u0153ur Des Collines Cathares\" \/>\n<meta property=\"og:url\" content=\"https:\/\/collinescathares.com\/en\/gites\/gite-laude-a-la-joie\/\" \/>\n<meta property=\"og:site_name\" content=\"Office De Tourisme Au C\u0153ur Des Collines Cathares\" \/>\n<meta property=\"article:publisher\" content=\"https:\/\/www.facebook.com\/tourismelauragais\" \/>\n<meta property=\"article:published_time\" content=\"2026-02-06T08:11:15+00:00\" \/>\n<meta property=\"article:modified_time\" content=\"2026-04-29T08:11:42+00:00\" \/>\n<meta property=\"og:image\" content=\"https:\/\/collinescathares.com\/wp-content\/uploads\/2021\/10\/Sans-titre-2021-07-13T182620.253.jpg\" \/>\n\t<meta property=\"og:image:width\" content=\"1200\" \/>\n\t<meta property=\"og:image:height\" content=\"900\" \/>\n\t<meta property=\"og:image:type\" content=\"image\/jpeg\" \/>\n<meta name=\"author\" content=\"adminreso\" \/>\n<meta name=\"twitter:card\" content=\"summary_large_image\" \/>\n<meta name=\"twitter:label1\" content=\"Written by\" \/>\n\t<meta name=\"twitter:data1\" content=\"adminreso\" \/>\n\t<meta name=\"twitter:label2\" content=\"Est. reading time\" \/>\n\t<meta name=\"twitter:data2\" content=\"1 minute\" \/>\n<script type=\"application\/ld+json\" class=\"yoast-schema-graph\">{\"@context\":\"https:\/\/schema.org\",\"@graph\":[{\"@type\":\"Article\",\"@id\":\"https:\/\/collinescathares.com\/en\/gites\/gite-laude-a-la-joie\/#article\",\"isPartOf\":{\"@id\":\"https:\/\/collinescathares.com\/en\/gites\/gite-laude-a-la-joie\/\"},\"author\":{\"name\":\"adminreso\",\"@id\":\"https:\/\/collinescathares.com\/en\/#\/schema\/person\/599b8b6b8fd81d72e2a03b412201f661\"},\"headline\":\"G\u00ceTE &#8211; L&#8217;AUDE \u00c0 LA JOIE\",\"datePublished\":\"2026-02-06T08:11:15+00:00\",\"dateModified\":\"2026-04-29T08:11:42+00:00\",\"mainEntityOfPage\":{\"@id\":\"https:\/\/collinescathares.com\/en\/gites\/gite-laude-a-la-joie\/\"},\"wordCount\":148,\"publisher\":{\"@id\":\"https:\/\/collinescathares.com\/en\/#organization\"},\"image\":{\"@id\":\"https:\/\/collinescathares.com\/en\/gites\/gite-laude-a-la-joie\/#primaryimage\"},\"thumbnailUrl\":\"https:\/\/collinescathares.com\/wp-content\/uploads\/2021\/10\/Sans-titre-2021-07-13T182620.253.jpg\",\"articleSection\":[\"G\u00eetes\"],\"inLanguage\":\"en-US\"},{\"@type\":\"WebPage\",\"@id\":\"https:\/\/collinescathares.com\/en\/gites\/gite-laude-a-la-joie\/\",\"url\":\"https:\/\/collinescathares.com\/en\/gites\/gite-laude-a-la-joie\/\",\"name\":\"G\u00ceTE - L'AUDE \u00c0 LA JOIE G\u00eetes - Office De Tourisme Au C\u0153ur Des Collines Cathares\",\"isPartOf\":{\"@id\":\"https:\/\/collinescathares.com\/en\/#website\"},\"primaryImageOfPage\":{\"@id\":\"https:\/\/collinescathares.com\/en\/gites\/gite-laude-a-la-joie\/#primaryimage\"},\"image\":{\"@id\":\"https:\/\/collinescathares.com\/en\/gites\/gite-laude-a-la-joie\/#primaryimage\"},\"thumbnailUrl\":\"https:\/\/collinescathares.com\/wp-content\/uploads\/2021\/10\/Sans-titre-2021-07-13T182620.253.jpg\",\"datePublished\":\"2026-02-06T08:11:15+00:00\",\"dateModified\":\"2026-04-29T08:11:42+00:00\",\"description\":\"G\u00eete au c\u0153ur de la Malep\u00e8re, \u00e0 Montr\u00e9al. Au rez-de-chauss\u00e9e d'une maison en pierres (avec entr\u00e9e ind\u00e9pendante). Le g\u00eete comprend : - Une grande cuisine G\u00eetes G\u00ceTE - L'AUDE \u00c0 LA JOIE Situ\u00e9 \u00e0 Fanjeaux, nous vous proposons de d\u00e9couvrir notre territoire ! , Office De Tourisme Au C\u0153ur Des Collines Cathares\",\"breadcrumb\":{\"@id\":\"https:\/\/collinescathares.com\/en\/gites\/gite-laude-a-la-joie\/#breadcrumb\"},\"inLanguage\":\"en-US\",\"potentialAction\":[{\"@type\":\"ReadAction\",\"target\":[\"https:\/\/collinescathares.com\/en\/gites\/gite-laude-a-la-joie\/\"]}]},{\"@type\":\"ImageObject\",\"inLanguage\":\"en-US\",\"@id\":\"https:\/\/collinescathares.com\/en\/gites\/gite-laude-a-la-joie\/#primaryimage\",\"url\":\"https:\/\/collinescathares.com\/wp-content\/uploads\/2021\/10\/Sans-titre-2021-07-13T182620.253.jpg\",\"contentUrl\":\"https:\/\/collinescathares.com\/wp-content\/uploads\/2021\/10\/Sans-titre-2021-07-13T182620.253.jpg\",\"width\":1200,\"height\":900},{\"@type\":\"BreadcrumbList\",\"@id\":\"https:\/\/collinescathares.com\/en\/gites\/gite-laude-a-la-joie\/#breadcrumb\",\"itemListElement\":[{\"@type\":\"ListItem\",\"position\":1,\"name\":\"Home\",\"item\":\"https:\/\/collinescathares.com\/en\/home\/\"},{\"@type\":\"ListItem\",\"position\":2,\"name\":\"G\u00eetes\",\"item\":\"https:\/\/collinescathares.com\/category\/gites\/\"},{\"@type\":\"ListItem\",\"position\":3,\"name\":\"G\u00ceTE &#8211; L&#8217;AUDE \u00c0 LA JOIE\"}]},{\"@type\":\"WebSite\",\"@id\":\"https:\/\/collinescathares.com\/en\/#website\",\"url\":\"https:\/\/collinescathares.com\/en\/\",\"name\":\"Office De Tourisme Au C\u0153ur Des Collines Cathares\",\"description\":\"Situ\u00e9 \u00e0 Fanjeaux, nous vous proposons de d\u00e9couvrir notre territoire !\",\"publisher\":{\"@id\":\"https:\/\/collinescathares.com\/en\/#organization\"},\"potentialAction\":[{\"@type\":\"SearchAction\",\"target\":{\"@type\":\"EntryPoint\",\"urlTemplate\":\"https:\/\/collinescathares.com\/en\/?s={search_term_string}\"},\"query-input\":{\"@type\":\"PropertyValueSpecification\",\"valueRequired\":true,\"valueName\":\"search_term_string\"}}],\"inLanguage\":\"en-US\"},{\"@type\":\"Organization\",\"@id\":\"https:\/\/collinescathares.com\/en\/#organization\",\"name\":\"Office de Tourisme Au C\u0153ur Des Collines Cathares\",\"url\":\"https:\/\/collinescathares.com\/en\/\",\"logo\":{\"@type\":\"ImageObject\",\"inLanguage\":\"en-US\",\"@id\":\"https:\/\/collinescathares.com\/en\/#\/schema\/logo\/image\/\",\"url\":\"https:\/\/collinescathares.com\/wp-content\/uploads\/2020\/06\/logo_Tourisme_lauragais-1.jpg\",\"contentUrl\":\"https:\/\/collinescathares.com\/wp-content\/uploads\/2020\/06\/logo_Tourisme_lauragais-1.jpg\",\"width\":209,\"height\":250,\"caption\":\"Office de Tourisme Au C\u0153ur Des Collines Cathares\"},\"image\":{\"@id\":\"https:\/\/collinescathares.com\/en\/#\/schema\/logo\/image\/\"},\"sameAs\":[\"https:\/\/www.facebook.com\/tourismelauragais\",\"https:\/\/www.instagram.com\/officetourismecollinescathares\/?hl=fr\",\"https:\/\/www.pinterest.fr\/oticollinescathares\/boards\/\"]},{\"@type\":\"Person\",\"@id\":\"https:\/\/collinescathares.com\/en\/#\/schema\/person\/599b8b6b8fd81d72e2a03b412201f661\",\"name\":\"adminreso\",\"image\":{\"@type\":\"ImageObject\",\"inLanguage\":\"en-US\",\"@id\":\"https:\/\/collinescathares.com\/en\/#\/schema\/person\/image\/\",\"url\":\"https:\/\/secure.gravatar.com\/avatar\/6a8a6fbe9df7c51e1f428a312af274a2?s=96&d=mm&r=g\",\"contentUrl\":\"https:\/\/secure.gravatar.com\/avatar\/6a8a6fbe9df7c51e1f428a312af274a2?s=96&d=mm&r=g\",\"caption\":\"adminreso\"},\"sameAs\":[\"http:\/\/collinescathares.com\/new\"]}]}<\/script>\n<!-- \/ Yoast SEO plugin. -->","yoast_head_json":{"title":"G\u00ceTE - L'AUDE \u00c0 LA JOIE G\u00eetes - Office De Tourisme Au C\u0153ur Des Collines Cathares","description":"G\u00eete au c\u0153ur de la Malep\u00e8re, \u00e0 Montr\u00e9al. Au rez-de-chauss\u00e9e d'une maison en pierres (avec entr\u00e9e ind\u00e9pendante). Le g\u00eete comprend : - Une grande cuisine G\u00eetes G\u00ceTE - L'AUDE \u00c0 LA JOIE Situ\u00e9 \u00e0 Fanjeaux, nous vous proposons de d\u00e9couvrir notre territoire ! , Office De Tourisme Au C\u0153ur Des Collines Cathares","robots":{"index":"index","follow":"follow","max-snippet":"max-snippet:-1","max-image-preview":"max-image-preview:large","max-video-preview":"max-video-preview:-1"},"canonical":"https:\/\/collinescathares.com\/en\/gites\/gite-laude-a-la-joie\/","og_locale":"en_US","og_type":"article","og_title":"G\u00ceTE - L'AUDE \u00c0 LA JOIE G\u00eetes - Office De Tourisme Au C\u0153ur Des Collines Cathares","og_description":"G\u00eete au c\u0153ur de la Malep\u00e8re, \u00e0 Montr\u00e9al. Au rez-de-chauss\u00e9e d'une maison en pierres (avec entr\u00e9e ind\u00e9pendante). Le g\u00eete comprend : - Une grande cuisine G\u00eetes G\u00ceTE - L'AUDE \u00c0 LA JOIE Situ\u00e9 \u00e0 Fanjeaux, nous vous proposons de d\u00e9couvrir notre territoire ! , Office De Tourisme Au C\u0153ur Des Collines Cathares","og_url":"https:\/\/collinescathares.com\/en\/gites\/gite-laude-a-la-joie\/","og_site_name":"Office De Tourisme Au C\u0153ur Des Collines Cathares","article_publisher":"https:\/\/www.facebook.com\/tourismelauragais","article_published_time":"2026-02-06T08:11:15+00:00","article_modified_time":"2026-04-29T08:11:42+00:00","og_image":[{"width":1200,"height":900,"url":"https:\/\/collinescathares.com\/wp-content\/uploads\/2021\/10\/Sans-titre-2021-07-13T182620.253.jpg","type":"image\/jpeg"}],"author":"adminreso","twitter_card":"summary_large_image","twitter_misc":{"Written by":"adminreso","Est. reading time":"1 minute"},"schema":{"@context":"https:\/\/schema.org","@graph":[{"@type":"Article","@id":"https:\/\/collinescathares.com\/en\/gites\/gite-laude-a-la-joie\/#article","isPartOf":{"@id":"https:\/\/collinescathares.com\/en\/gites\/gite-laude-a-la-joie\/"},"author":{"name":"adminreso","@id":"https:\/\/collinescathares.com\/en\/#\/schema\/person\/599b8b6b8fd81d72e2a03b412201f661"},"headline":"G\u00ceTE &#8211; L&#8217;AUDE \u00c0 LA JOIE","datePublished":"2026-02-06T08:11:15+00:00","dateModified":"2026-04-29T08:11:42+00:00","mainEntityOfPage":{"@id":"https:\/\/collinescathares.com\/en\/gites\/gite-laude-a-la-joie\/"},"wordCount":148,"publisher":{"@id":"https:\/\/collinescathares.com\/en\/#organization"},"image":{"@id":"https:\/\/collinescathares.com\/en\/gites\/gite-laude-a-la-joie\/#primaryimage"},"thumbnailUrl":"https:\/\/collinescathares.com\/wp-content\/uploads\/2021\/10\/Sans-titre-2021-07-13T182620.253.jpg","articleSection":["G\u00eetes"],"inLanguage":"en-US"},{"@type":"WebPage","@id":"https:\/\/collinescathares.com\/en\/gites\/gite-laude-a-la-joie\/","url":"https:\/\/collinescathares.com\/en\/gites\/gite-laude-a-la-joie\/","name":"G\u00ceTE - L'AUDE \u00c0 LA JOIE G\u00eetes - Office De Tourisme Au C\u0153ur Des Collines Cathares","isPartOf":{"@id":"https:\/\/collinescathares.com\/en\/#website"},"primaryImageOfPage":{"@id":"https:\/\/collinescathares.com\/en\/gites\/gite-laude-a-la-joie\/#primaryimage"},"image":{"@id":"https:\/\/collinescathares.com\/en\/gites\/gite-laude-a-la-joie\/#primaryimage"},"thumbnailUrl":"https:\/\/collinescathares.com\/wp-content\/uploads\/2021\/10\/Sans-titre-2021-07-13T182620.253.jpg","datePublished":"2026-02-06T08:11:15+00:00","dateModified":"2026-04-29T08:11:42+00:00","description":"G\u00eete au c\u0153ur de la Malep\u00e8re, \u00e0 Montr\u00e9al. Au rez-de-chauss\u00e9e d'une maison en pierres (avec entr\u00e9e ind\u00e9pendante). Le g\u00eete comprend : - Une grande cuisine G\u00eetes G\u00ceTE - L'AUDE \u00c0 LA JOIE Situ\u00e9 \u00e0 Fanjeaux, nous vous proposons de d\u00e9couvrir notre territoire ! , Office De Tourisme Au C\u0153ur Des Collines Cathares","breadcrumb":{"@id":"https:\/\/collinescathares.com\/en\/gites\/gite-laude-a-la-joie\/#breadcrumb"},"inLanguage":"en-US","potentialAction":[{"@type":"ReadAction","target":["https:\/\/collinescathares.com\/en\/gites\/gite-laude-a-la-joie\/"]}]},{"@type":"ImageObject","inLanguage":"en-US","@id":"https:\/\/collinescathares.com\/en\/gites\/gite-laude-a-la-joie\/#primaryimage","url":"https:\/\/collinescathares.com\/wp-content\/uploads\/2021\/10\/Sans-titre-2021-07-13T182620.253.jpg","contentUrl":"https:\/\/collinescathares.com\/wp-content\/uploads\/2021\/10\/Sans-titre-2021-07-13T182620.253.jpg","width":1200,"height":900},{"@type":"BreadcrumbList","@id":"https:\/\/collinescathares.com\/en\/gites\/gite-laude-a-la-joie\/#breadcrumb","itemListElement":[{"@type":"ListItem","position":1,"name":"Home","item":"https:\/\/collinescathares.com\/en\/home\/"},{"@type":"ListItem","position":2,"name":"G\u00eetes","item":"https:\/\/collinescathares.com\/category\/gites\/"},{"@type":"ListItem","position":3,"name":"G\u00ceTE &#8211; L&#8217;AUDE \u00c0 LA JOIE"}]},{"@type":"WebSite","@id":"https:\/\/collinescathares.com\/en\/#website","url":"https:\/\/collinescathares.com\/en\/","name":"Office De Tourisme Au C\u0153ur Des Collines Cathares","description":"Situ\u00e9 \u00e0 Fanjeaux, nous vous proposons de d\u00e9couvrir notre territoire !","publisher":{"@id":"https:\/\/collinescathares.com\/en\/#organization"},"potentialAction":[{"@type":"SearchAction","target":{"@type":"EntryPoint","urlTemplate":"https:\/\/collinescathares.com\/en\/?s={search_term_string}"},"query-input":{"@type":"PropertyValueSpecification","valueRequired":true,"valueName":"search_term_string"}}],"inLanguage":"en-US"},{"@type":"Organization","@id":"https:\/\/collinescathares.com\/en\/#organization","name":"Office de Tourisme Au C\u0153ur Des Collines Cathares","url":"https:\/\/collinescathares.com\/en\/","logo":{"@type":"ImageObject","inLanguage":"en-US","@id":"https:\/\/collinescathares.com\/en\/#\/schema\/logo\/image\/","url":"https:\/\/collinescathares.com\/wp-content\/uploads\/2020\/06\/logo_Tourisme_lauragais-1.jpg","contentUrl":"https:\/\/collinescathares.com\/wp-content\/uploads\/2020\/06\/logo_Tourisme_lauragais-1.jpg","width":209,"height":250,"caption":"Office de Tourisme Au C\u0153ur Des Collines Cathares"},"image":{"@id":"https:\/\/collinescathares.com\/en\/#\/schema\/logo\/image\/"},"sameAs":["https:\/\/www.facebook.com\/tourismelauragais","https:\/\/www.instagram.com\/officetourismecollinescathares\/?hl=fr","https:\/\/www.pinterest.fr\/oticollinescathares\/boards\/"]},{"@type":"Person","@id":"https:\/\/collinescathares.com\/en\/#\/schema\/person\/599b8b6b8fd81d72e2a03b412201f661","name":"adminreso","image":{"@type":"ImageObject","inLanguage":"en-US","@id":"https:\/\/collinescathares.com\/en\/#\/schema\/person\/image\/","url":"https:\/\/secure.gravatar.com\/avatar\/6a8a6fbe9df7c51e1f428a312af274a2?s=96&d=mm&r=g","contentUrl":"https:\/\/secure.gravatar.com\/avatar\/6a8a6fbe9df7c51e1f428a312af274a2?s=96&d=mm&r=g","caption":"adminreso"},"sameAs":["http:\/\/collinescathares.com\/new"]}]}},"_links":{"self":[{"href":"https:\/\/collinescathares.com\/en\/wp-json\/wp\/v2\/posts\/261865","targetHints":{"allow":["GET"]}}],"collection":[{"href":"https:\/\/collinescathares.com\/en\/wp-json\/wp\/v2\/posts"}],"about":[{"href":"https:\/\/collinescathares.com\/en\/wp-json\/wp\/v2\/types\/post"}],"author":[{"embeddable":true,"href":"https:\/\/collinescathares.com\/en\/wp-json\/wp\/v2\/users\/1"}],"replies":[{"embeddable":true,"href":"https:\/\/collinescathares.com\/en\/wp-json\/wp\/v2\/comments?post=261865"}],"version-history":[{"count":1,"href":"https:\/\/collinescathares.com\/en\/wp-json\/wp\/v2\/posts\/261865\/revisions"}],"predecessor-version":[{"id":262164,"href":"https:\/\/collinescathares.com\/en\/wp-json\/wp\/v2\/posts\/261865\/revisions\/262164"}],"wp:featuredmedia":[{"embeddable":true,"href":"https:\/\/collinescathares.com\/en\/wp-json\/wp\/v2\/media\/113352"}],"wp:attachment":[{"href":"https:\/\/collinescathares.com\/en\/wp-json\/wp\/v2\/media?parent=261865"}],"wp:term":[{"taxonomy":"category","embeddable":true,"href":"https:\/\/collinescathares.com\/en\/wp-json\/wp\/v2\/categories?post=261865"},{"taxonomy":"post_tag","embeddable":true,"href":"https:\/\/collinescathares.com\/en\/wp-json\/wp\/v2\/tags?post=261865"}],"curies":[{"name":"wp","href":"https:\/\/api.w.org\/{rel}","templated":true}]}}