{"id":261874,"date":"2026-02-06T09:11:17","date_gmt":"2026-02-06T08:11:17","guid":{"rendered":"https:\/\/collinescathares.com\/chambres-dhotes\/chateau-de-fajac-la-selve\/"},"modified":"2026-04-28T10:11:49","modified_gmt":"2026-04-28T08:11:49","slug":"chateau-de-fajac-la-selve","status":"publish","type":"post","link":"https:\/\/collinescathares.com\/en\/chambres-dhotes\/chateau-de-fajac-la-selve\/","title":{"rendered":"CH\u00c2TEAU DE FAJAC LA SELVE"},"content":{"rendered":"<p>Le Domaine de Fajac la Selve, situ\u00e9 \u00e0 deux pas de la bastide m\u00e9di\u00e9vale de Mirepoix (20 min), du Canal du Midi (25 min) et de la Cit\u00e9 de Fanjeaux (15min), est un petit coin de paradis.<\/p>\n<p>Lola, votre h\u00f4te, vous propose 5 chambres d&#8217;h\u00f4tes au charme indescriptible :<br \/>\n&#8211;\tla chambre Sarah : 2 personnes (1 lit double);<br \/>\n&#8211;\tla chambre Flora : 2 personnes (1 lit double);<br \/>\n&#8211;\tla chambre Okuni : 2 personnes (1 lit double);<br \/>\n&#8211;\tla chambre Louise : 3 personnes (1 lit double et 1 lit simple);<br \/>\n&#8211;\tla chambre d\u2019Olympe : 3 personnes (1 lit double et 1 lit simple).<br \/>\nToutes les chambres comptent une salle de bain privative avec toilettes.<\/p>\n<p>Durant leur s\u00e9jour, les h\u00f4tes ont acc\u00e8s \u00e0 la piscine et au grand parc entourant le ch\u00e2teau.<br \/>\nService de table d&#8217;h\u00f4tes (sur demande : cuisine m\u00e9diterran\u00e9enne aux produits de saison et locaux.<\/p>\n","protected":false},"excerpt":{"rendered":"<p>Le Domaine de Fajac la Selve, situ\u00e9 \u00e0 deux pas de la bastide m\u00e9di\u00e9vale de Mirepoix (20 min), du Canal du Midi (25 min) et de la Cit\u00e9 de Fanjeaux (15min), est un petit coin de paradis. Lola, votre h\u00f4te, vous propose 5 chambres d&#8217;h\u00f4tes au charme indescriptible : &#8211; la chambre Sarah : 2 [&hellip;]<\/p>\n","protected":false},"author":1,"featured_media":122180,"comment_status":"closed","ping_status":"closed","sticky":false,"template":"","format":"standard","meta":{"_acf_changed":false,"footnotes":""},"categories":[50],"tags":[],"class_list":["post-261874","post","type-post","status-publish","format-standard","has-post-thumbnail","hentry","category-chambres-dhotes"],"acf":[],"yoast_head":"<!-- This site is optimized with the Yoast SEO plugin v26.8 - https:\/\/yoast.com\/product\/yoast-seo-wordpress\/ -->\n<title>CH\u00c2TEAU DE FAJAC LA SELVE Chambres d&#039;h\u00f4tes - Office De Tourisme Au C\u0153ur Des Collines Cathares<\/title>\n<meta name=\"description\" content=\"Le Domaine de Fajac la Selve, situ\u00e9 \u00e0 deux pas de la bastide m\u00e9di\u00e9vale de Mirepoix (20 min), du Canal du Midi (25 min) et de la Cit\u00e9 de Fanjeaux (15min), Chambres d&#039;h\u00f4tes CH\u00c2TEAU DE FAJAC LA SELVE Situ\u00e9 \u00e0 Fanjeaux, nous vous proposons de d\u00e9couvrir notre territoire ! , Office De Tourisme Au C\u0153ur Des Collines Cathares\" \/>\n<meta name=\"robots\" content=\"index, follow, max-snippet:-1, max-image-preview:large, max-video-preview:-1\" \/>\n<link rel=\"canonical\" href=\"https:\/\/collinescathares.com\/en\/chambres-dhotes\/chateau-de-fajac-la-selve\/\" \/>\n<meta property=\"og:locale\" content=\"en_US\" \/>\n<meta property=\"og:type\" content=\"article\" \/>\n<meta property=\"og:title\" content=\"CH\u00c2TEAU DE FAJAC LA SELVE Chambres d&#039;h\u00f4tes - Office De Tourisme Au C\u0153ur Des Collines Cathares\" \/>\n<meta property=\"og:description\" content=\"Le Domaine de Fajac la Selve, situ\u00e9 \u00e0 deux pas de la bastide m\u00e9di\u00e9vale de Mirepoix (20 min), du Canal du Midi (25 min) et de la Cit\u00e9 de Fanjeaux (15min), Chambres d&#039;h\u00f4tes CH\u00c2TEAU DE FAJAC LA SELVE Situ\u00e9 \u00e0 Fanjeaux, nous vous proposons de d\u00e9couvrir notre territoire ! , Office De Tourisme Au C\u0153ur Des Collines Cathares\" \/>\n<meta property=\"og:url\" content=\"https:\/\/collinescathares.com\/en\/chambres-dhotes\/chateau-de-fajac-la-selve\/\" \/>\n<meta property=\"og:site_name\" content=\"Office De Tourisme Au C\u0153ur Des Collines Cathares\" \/>\n<meta property=\"article:publisher\" content=\"https:\/\/www.facebook.com\/tourismelauragais\" \/>\n<meta property=\"article:published_time\" content=\"2026-02-06T08:11:17+00:00\" \/>\n<meta property=\"article:modified_time\" content=\"2026-04-28T08:11:49+00:00\" \/>\n<meta property=\"og:image\" content=\"https:\/\/collinescathares.com\/wp-content\/uploads\/2021\/12\/Sans-titre-2021-11-30T154644.542.jpg\" \/>\n\t<meta property=\"og:image:width\" content=\"1\" \/>\n\t<meta property=\"og:image:height\" content=\"1\" \/>\n\t<meta property=\"og:image:type\" content=\"image\/jpeg\" \/>\n<meta name=\"author\" content=\"adminreso\" \/>\n<meta name=\"twitter:card\" content=\"summary_large_image\" \/>\n<meta name=\"twitter:label1\" content=\"Written by\" \/>\n\t<meta name=\"twitter:data1\" content=\"adminreso\" \/>\n\t<meta name=\"twitter:label2\" content=\"Est. reading time\" \/>\n\t<meta name=\"twitter:data2\" content=\"1 minute\" \/>\n<script type=\"application\/ld+json\" class=\"yoast-schema-graph\">{\"@context\":\"https:\/\/schema.org\",\"@graph\":[{\"@type\":\"Article\",\"@id\":\"https:\/\/collinescathares.com\/en\/chambres-dhotes\/chateau-de-fajac-la-selve\/#article\",\"isPartOf\":{\"@id\":\"https:\/\/collinescathares.com\/en\/chambres-dhotes\/chateau-de-fajac-la-selve\/\"},\"author\":{\"name\":\"adminreso\",\"@id\":\"https:\/\/collinescathares.com\/en\/#\/schema\/person\/599b8b6b8fd81d72e2a03b412201f661\"},\"headline\":\"CH\u00c2TEAU DE FAJAC LA SELVE\",\"datePublished\":\"2026-02-06T08:11:17+00:00\",\"dateModified\":\"2026-04-28T08:11:49+00:00\",\"mainEntityOfPage\":{\"@id\":\"https:\/\/collinescathares.com\/en\/chambres-dhotes\/chateau-de-fajac-la-selve\/\"},\"wordCount\":146,\"publisher\":{\"@id\":\"https:\/\/collinescathares.com\/en\/#organization\"},\"image\":{\"@id\":\"https:\/\/collinescathares.com\/en\/chambres-dhotes\/chateau-de-fajac-la-selve\/#primaryimage\"},\"thumbnailUrl\":\"https:\/\/collinescathares.com\/wp-content\/uploads\/2021\/12\/Sans-titre-2021-11-30T154644.542.jpg\",\"articleSection\":[\"Chambres d'h\u00f4tes\"],\"inLanguage\":\"en-US\"},{\"@type\":\"WebPage\",\"@id\":\"https:\/\/collinescathares.com\/en\/chambres-dhotes\/chateau-de-fajac-la-selve\/\",\"url\":\"https:\/\/collinescathares.com\/en\/chambres-dhotes\/chateau-de-fajac-la-selve\/\",\"name\":\"CH\u00c2TEAU DE FAJAC LA SELVE Chambres d'h\u00f4tes - Office De Tourisme Au C\u0153ur Des Collines Cathares\",\"isPartOf\":{\"@id\":\"https:\/\/collinescathares.com\/en\/#website\"},\"primaryImageOfPage\":{\"@id\":\"https:\/\/collinescathares.com\/en\/chambres-dhotes\/chateau-de-fajac-la-selve\/#primaryimage\"},\"image\":{\"@id\":\"https:\/\/collinescathares.com\/en\/chambres-dhotes\/chateau-de-fajac-la-selve\/#primaryimage\"},\"thumbnailUrl\":\"https:\/\/collinescathares.com\/wp-content\/uploads\/2021\/12\/Sans-titre-2021-11-30T154644.542.jpg\",\"datePublished\":\"2026-02-06T08:11:17+00:00\",\"dateModified\":\"2026-04-28T08:11:49+00:00\",\"description\":\"Le Domaine de Fajac la Selve, situ\u00e9 \u00e0 deux pas de la bastide m\u00e9di\u00e9vale de Mirepoix (20 min), du Canal du Midi (25 min) et de la Cit\u00e9 de Fanjeaux (15min), Chambres d'h\u00f4tes CH\u00c2TEAU DE FAJAC LA SELVE Situ\u00e9 \u00e0 Fanjeaux, nous vous proposons de d\u00e9couvrir notre territoire ! , Office De Tourisme Au C\u0153ur Des Collines Cathares\",\"breadcrumb\":{\"@id\":\"https:\/\/collinescathares.com\/en\/chambres-dhotes\/chateau-de-fajac-la-selve\/#breadcrumb\"},\"inLanguage\":\"en-US\",\"potentialAction\":[{\"@type\":\"ReadAction\",\"target\":[\"https:\/\/collinescathares.com\/en\/chambres-dhotes\/chateau-de-fajac-la-selve\/\"]}]},{\"@type\":\"ImageObject\",\"inLanguage\":\"en-US\",\"@id\":\"https:\/\/collinescathares.com\/en\/chambres-dhotes\/chateau-de-fajac-la-selve\/#primaryimage\",\"url\":\"https:\/\/collinescathares.com\/wp-content\/uploads\/2021\/12\/Sans-titre-2021-11-30T154644.542.jpg\",\"contentUrl\":\"https:\/\/collinescathares.com\/wp-content\/uploads\/2021\/12\/Sans-titre-2021-11-30T154644.542.jpg\"},{\"@type\":\"BreadcrumbList\",\"@id\":\"https:\/\/collinescathares.com\/en\/chambres-dhotes\/chateau-de-fajac-la-selve\/#breadcrumb\",\"itemListElement\":[{\"@type\":\"ListItem\",\"position\":1,\"name\":\"Home\",\"item\":\"https:\/\/collinescathares.com\/en\/home\/\"},{\"@type\":\"ListItem\",\"position\":2,\"name\":\"Chambres d'h\u00f4tes\",\"item\":\"https:\/\/collinescathares.com\/category\/chambres-dhotes\/\"},{\"@type\":\"ListItem\",\"position\":3,\"name\":\"CH\u00c2TEAU DE FAJAC LA SELVE\"}]},{\"@type\":\"WebSite\",\"@id\":\"https:\/\/collinescathares.com\/en\/#website\",\"url\":\"https:\/\/collinescathares.com\/en\/\",\"name\":\"Office De Tourisme Au C\u0153ur Des Collines Cathares\",\"description\":\"Situ\u00e9 \u00e0 Fanjeaux, nous vous proposons de d\u00e9couvrir notre territoire !\",\"publisher\":{\"@id\":\"https:\/\/collinescathares.com\/en\/#organization\"},\"potentialAction\":[{\"@type\":\"SearchAction\",\"target\":{\"@type\":\"EntryPoint\",\"urlTemplate\":\"https:\/\/collinescathares.com\/en\/?s={search_term_string}\"},\"query-input\":{\"@type\":\"PropertyValueSpecification\",\"valueRequired\":true,\"valueName\":\"search_term_string\"}}],\"inLanguage\":\"en-US\"},{\"@type\":\"Organization\",\"@id\":\"https:\/\/collinescathares.com\/en\/#organization\",\"name\":\"Office de Tourisme Au C\u0153ur Des Collines Cathares\",\"url\":\"https:\/\/collinescathares.com\/en\/\",\"logo\":{\"@type\":\"ImageObject\",\"inLanguage\":\"en-US\",\"@id\":\"https:\/\/collinescathares.com\/en\/#\/schema\/logo\/image\/\",\"url\":\"https:\/\/collinescathares.com\/wp-content\/uploads\/2020\/06\/logo_Tourisme_lauragais-1.jpg\",\"contentUrl\":\"https:\/\/collinescathares.com\/wp-content\/uploads\/2020\/06\/logo_Tourisme_lauragais-1.jpg\",\"width\":209,\"height\":250,\"caption\":\"Office de Tourisme Au C\u0153ur Des Collines Cathares\"},\"image\":{\"@id\":\"https:\/\/collinescathares.com\/en\/#\/schema\/logo\/image\/\"},\"sameAs\":[\"https:\/\/www.facebook.com\/tourismelauragais\",\"https:\/\/www.instagram.com\/officetourismecollinescathares\/?hl=fr\",\"https:\/\/www.pinterest.fr\/oticollinescathares\/boards\/\"]},{\"@type\":\"Person\",\"@id\":\"https:\/\/collinescathares.com\/en\/#\/schema\/person\/599b8b6b8fd81d72e2a03b412201f661\",\"name\":\"adminreso\",\"image\":{\"@type\":\"ImageObject\",\"inLanguage\":\"en-US\",\"@id\":\"https:\/\/collinescathares.com\/en\/#\/schema\/person\/image\/\",\"url\":\"https:\/\/secure.gravatar.com\/avatar\/6a8a6fbe9df7c51e1f428a312af274a2?s=96&d=mm&r=g\",\"contentUrl\":\"https:\/\/secure.gravatar.com\/avatar\/6a8a6fbe9df7c51e1f428a312af274a2?s=96&d=mm&r=g\",\"caption\":\"adminreso\"},\"sameAs\":[\"http:\/\/collinescathares.com\/new\"]}]}<\/script>\n<!-- \/ Yoast SEO plugin. -->","yoast_head_json":{"title":"CH\u00c2TEAU DE FAJAC LA SELVE Chambres d'h\u00f4tes - Office De Tourisme Au C\u0153ur Des Collines Cathares","description":"Le Domaine de Fajac la Selve, situ\u00e9 \u00e0 deux pas de la bastide m\u00e9di\u00e9vale de Mirepoix (20 min), du Canal du Midi (25 min) et de la Cit\u00e9 de Fanjeaux (15min), Chambres d'h\u00f4tes CH\u00c2TEAU DE FAJAC LA SELVE Situ\u00e9 \u00e0 Fanjeaux, nous vous proposons de d\u00e9couvrir notre territoire ! , Office De Tourisme Au C\u0153ur Des Collines Cathares","robots":{"index":"index","follow":"follow","max-snippet":"max-snippet:-1","max-image-preview":"max-image-preview:large","max-video-preview":"max-video-preview:-1"},"canonical":"https:\/\/collinescathares.com\/en\/chambres-dhotes\/chateau-de-fajac-la-selve\/","og_locale":"en_US","og_type":"article","og_title":"CH\u00c2TEAU DE FAJAC LA SELVE Chambres d'h\u00f4tes - Office De Tourisme Au C\u0153ur Des Collines Cathares","og_description":"Le Domaine de Fajac la Selve, situ\u00e9 \u00e0 deux pas de la bastide m\u00e9di\u00e9vale de Mirepoix (20 min), du Canal du Midi (25 min) et de la Cit\u00e9 de Fanjeaux (15min), Chambres d'h\u00f4tes CH\u00c2TEAU DE FAJAC LA SELVE Situ\u00e9 \u00e0 Fanjeaux, nous vous proposons de d\u00e9couvrir notre territoire ! , Office De Tourisme Au C\u0153ur Des Collines Cathares","og_url":"https:\/\/collinescathares.com\/en\/chambres-dhotes\/chateau-de-fajac-la-selve\/","og_site_name":"Office De Tourisme Au C\u0153ur Des Collines Cathares","article_publisher":"https:\/\/www.facebook.com\/tourismelauragais","article_published_time":"2026-02-06T08:11:17+00:00","article_modified_time":"2026-04-28T08:11:49+00:00","og_image":[{"url":"https:\/\/collinescathares.com\/wp-content\/uploads\/2021\/12\/Sans-titre-2021-11-30T154644.542.jpg","width":1,"height":1,"type":"image\/jpeg"}],"author":"adminreso","twitter_card":"summary_large_image","twitter_misc":{"Written by":"adminreso","Est. reading time":"1 minute"},"schema":{"@context":"https:\/\/schema.org","@graph":[{"@type":"Article","@id":"https:\/\/collinescathares.com\/en\/chambres-dhotes\/chateau-de-fajac-la-selve\/#article","isPartOf":{"@id":"https:\/\/collinescathares.com\/en\/chambres-dhotes\/chateau-de-fajac-la-selve\/"},"author":{"name":"adminreso","@id":"https:\/\/collinescathares.com\/en\/#\/schema\/person\/599b8b6b8fd81d72e2a03b412201f661"},"headline":"CH\u00c2TEAU DE FAJAC LA SELVE","datePublished":"2026-02-06T08:11:17+00:00","dateModified":"2026-04-28T08:11:49+00:00","mainEntityOfPage":{"@id":"https:\/\/collinescathares.com\/en\/chambres-dhotes\/chateau-de-fajac-la-selve\/"},"wordCount":146,"publisher":{"@id":"https:\/\/collinescathares.com\/en\/#organization"},"image":{"@id":"https:\/\/collinescathares.com\/en\/chambres-dhotes\/chateau-de-fajac-la-selve\/#primaryimage"},"thumbnailUrl":"https:\/\/collinescathares.com\/wp-content\/uploads\/2021\/12\/Sans-titre-2021-11-30T154644.542.jpg","articleSection":["Chambres d'h\u00f4tes"],"inLanguage":"en-US"},{"@type":"WebPage","@id":"https:\/\/collinescathares.com\/en\/chambres-dhotes\/chateau-de-fajac-la-selve\/","url":"https:\/\/collinescathares.com\/en\/chambres-dhotes\/chateau-de-fajac-la-selve\/","name":"CH\u00c2TEAU DE FAJAC LA SELVE Chambres d'h\u00f4tes - Office De Tourisme Au C\u0153ur Des Collines Cathares","isPartOf":{"@id":"https:\/\/collinescathares.com\/en\/#website"},"primaryImageOfPage":{"@id":"https:\/\/collinescathares.com\/en\/chambres-dhotes\/chateau-de-fajac-la-selve\/#primaryimage"},"image":{"@id":"https:\/\/collinescathares.com\/en\/chambres-dhotes\/chateau-de-fajac-la-selve\/#primaryimage"},"thumbnailUrl":"https:\/\/collinescathares.com\/wp-content\/uploads\/2021\/12\/Sans-titre-2021-11-30T154644.542.jpg","datePublished":"2026-02-06T08:11:17+00:00","dateModified":"2026-04-28T08:11:49+00:00","description":"Le Domaine de Fajac la Selve, situ\u00e9 \u00e0 deux pas de la bastide m\u00e9di\u00e9vale de Mirepoix (20 min), du Canal du Midi (25 min) et de la Cit\u00e9 de Fanjeaux (15min), Chambres d'h\u00f4tes CH\u00c2TEAU DE FAJAC LA SELVE Situ\u00e9 \u00e0 Fanjeaux, nous vous proposons de d\u00e9couvrir notre territoire ! , Office De Tourisme Au C\u0153ur Des Collines Cathares","breadcrumb":{"@id":"https:\/\/collinescathares.com\/en\/chambres-dhotes\/chateau-de-fajac-la-selve\/#breadcrumb"},"inLanguage":"en-US","potentialAction":[{"@type":"ReadAction","target":["https:\/\/collinescathares.com\/en\/chambres-dhotes\/chateau-de-fajac-la-selve\/"]}]},{"@type":"ImageObject","inLanguage":"en-US","@id":"https:\/\/collinescathares.com\/en\/chambres-dhotes\/chateau-de-fajac-la-selve\/#primaryimage","url":"https:\/\/collinescathares.com\/wp-content\/uploads\/2021\/12\/Sans-titre-2021-11-30T154644.542.jpg","contentUrl":"https:\/\/collinescathares.com\/wp-content\/uploads\/2021\/12\/Sans-titre-2021-11-30T154644.542.jpg"},{"@type":"BreadcrumbList","@id":"https:\/\/collinescathares.com\/en\/chambres-dhotes\/chateau-de-fajac-la-selve\/#breadcrumb","itemListElement":[{"@type":"ListItem","position":1,"name":"Home","item":"https:\/\/collinescathares.com\/en\/home\/"},{"@type":"ListItem","position":2,"name":"Chambres d'h\u00f4tes","item":"https:\/\/collinescathares.com\/category\/chambres-dhotes\/"},{"@type":"ListItem","position":3,"name":"CH\u00c2TEAU DE FAJAC LA SELVE"}]},{"@type":"WebSite","@id":"https:\/\/collinescathares.com\/en\/#website","url":"https:\/\/collinescathares.com\/en\/","name":"Office De Tourisme Au C\u0153ur Des Collines Cathares","description":"Situ\u00e9 \u00e0 Fanjeaux, nous vous proposons de d\u00e9couvrir notre territoire !","publisher":{"@id":"https:\/\/collinescathares.com\/en\/#organization"},"potentialAction":[{"@type":"SearchAction","target":{"@type":"EntryPoint","urlTemplate":"https:\/\/collinescathares.com\/en\/?s={search_term_string}"},"query-input":{"@type":"PropertyValueSpecification","valueRequired":true,"valueName":"search_term_string"}}],"inLanguage":"en-US"},{"@type":"Organization","@id":"https:\/\/collinescathares.com\/en\/#organization","name":"Office de Tourisme Au C\u0153ur Des Collines Cathares","url":"https:\/\/collinescathares.com\/en\/","logo":{"@type":"ImageObject","inLanguage":"en-US","@id":"https:\/\/collinescathares.com\/en\/#\/schema\/logo\/image\/","url":"https:\/\/collinescathares.com\/wp-content\/uploads\/2020\/06\/logo_Tourisme_lauragais-1.jpg","contentUrl":"https:\/\/collinescathares.com\/wp-content\/uploads\/2020\/06\/logo_Tourisme_lauragais-1.jpg","width":209,"height":250,"caption":"Office de Tourisme Au C\u0153ur Des Collines Cathares"},"image":{"@id":"https:\/\/collinescathares.com\/en\/#\/schema\/logo\/image\/"},"sameAs":["https:\/\/www.facebook.com\/tourismelauragais","https:\/\/www.instagram.com\/officetourismecollinescathares\/?hl=fr","https:\/\/www.pinterest.fr\/oticollinescathares\/boards\/"]},{"@type":"Person","@id":"https:\/\/collinescathares.com\/en\/#\/schema\/person\/599b8b6b8fd81d72e2a03b412201f661","name":"adminreso","image":{"@type":"ImageObject","inLanguage":"en-US","@id":"https:\/\/collinescathares.com\/en\/#\/schema\/person\/image\/","url":"https:\/\/secure.gravatar.com\/avatar\/6a8a6fbe9df7c51e1f428a312af274a2?s=96&d=mm&r=g","contentUrl":"https:\/\/secure.gravatar.com\/avatar\/6a8a6fbe9df7c51e1f428a312af274a2?s=96&d=mm&r=g","caption":"adminreso"},"sameAs":["http:\/\/collinescathares.com\/new"]}]}},"_links":{"self":[{"href":"https:\/\/collinescathares.com\/en\/wp-json\/wp\/v2\/posts\/261874","targetHints":{"allow":["GET"]}}],"collection":[{"href":"https:\/\/collinescathares.com\/en\/wp-json\/wp\/v2\/posts"}],"about":[{"href":"https:\/\/collinescathares.com\/en\/wp-json\/wp\/v2\/types\/post"}],"author":[{"embeddable":true,"href":"https:\/\/collinescathares.com\/en\/wp-json\/wp\/v2\/users\/1"}],"replies":[{"embeddable":true,"href":"https:\/\/collinescathares.com\/en\/wp-json\/wp\/v2\/comments?post=261874"}],"version-history":[{"count":1,"href":"https:\/\/collinescathares.com\/en\/wp-json\/wp\/v2\/posts\/261874\/revisions"}],"predecessor-version":[{"id":262173,"href":"https:\/\/collinescathares.com\/en\/wp-json\/wp\/v2\/posts\/261874\/revisions\/262173"}],"wp:featuredmedia":[{"embeddable":true,"href":"https:\/\/collinescathares.com\/en\/wp-json\/wp\/v2\/media\/122180"}],"wp:attachment":[{"href":"https:\/\/collinescathares.com\/en\/wp-json\/wp\/v2\/media?parent=261874"}],"wp:term":[{"taxonomy":"category","embeddable":true,"href":"https:\/\/collinescathares.com\/en\/wp-json\/wp\/v2\/categories?post=261874"},{"taxonomy":"post_tag","embeddable":true,"href":"https:\/\/collinescathares.com\/en\/wp-json\/wp\/v2\/tags?post=261874"}],"curies":[{"name":"wp","href":"https:\/\/api.w.org\/{rel}","templated":true}]}}