{"id":261976,"date":"2026-02-06T09:11:54","date_gmt":"2026-02-06T08:11:54","guid":{"rendered":"https:\/\/collinescathares.com\/gites\/chez-yvette\/"},"modified":"2026-04-29T10:14:36","modified_gmt":"2026-04-29T08:14:36","slug":"chez-yvette","status":"publish","type":"post","link":"https:\/\/collinescathares.com\/en\/gites\/chez-yvette\/","title":{"rendered":"CHEZ YVETTE"},"content":{"rendered":"<p>Situ\u00e9 \u00e0 Plaigne, au c\u0153ur du Lauragais, ce g\u00eete vous accueille sur une ferme en activit\u00e9.  Entour\u00e9 de champs et de collines, il offre un cadre calme et reposant, id\u00e9al pour un s\u00e9jour en famille. Mitoyen \u00e0 la maison des propri\u00e9taires, mais avec un ext\u00e9rieur bien ind\u00e9pendant.<br \/>\nVous profiterez d\u2019une agr\u00e9able avec terrasse avec mobilier de jardin et barbecue, id\u00e9al pour profiter des belles soir\u00e9es d&#8217;\u00e9t\u00e9.<br \/>\nLes enfants pourront d\u00e9couvrir la vie de la ferme et approcher les animaux, un poney, des cochons nains, des poules, des canards, un paon, des tortues ..<br \/>\n\u00c0 proximit\u00e9, Castelnaudary invite \u00e0 d\u00e9guster son c\u00e9l\u00e8bre cassoulet, Carcassonne et sa cit\u00e9 m\u00e9di\u00e9vale class\u00e9e \u00e0 l\u2019UNESCO sont facilement accessibles. Le Canal du Midi, tout proche, se pr\u00eate aux balades \u00e0 v\u00e9lo ou en bateau.<br \/>\nDe nombreux sentiers permettent de randonner dans le Pi\u00e9mont Pyr\u00e9n\u00e9en.<br \/>\nLes march\u00e9s traditionnels des alentours, vous feront d\u00e9couvrir les produits du terroir.<br \/>\nDes activit\u00e9s de plein air sont propos\u00e9es aux alentours : \u00e9quitation, baignade en lac, sports nautiques.<br \/>\nLe g\u00eete est le point de d\u00e9part id\u00e9al pour explorer l\u2019Aude et l\u2019Ari\u00e8ge voisines.<\/p>\n<p>Le g\u00eete comprend:<br \/>\nAu rez de chauss\u00e9e:<br \/>\n-une terrasse avec salon de jardin.<br \/>\n-un hall  donnant sur la buanderie et une salle d&#8217;eau avec WC.<br \/>\nA l&#8217;\u00e9tage:<br \/>\n-un grand s\u00e9jour avec cuisine \u00e9quip\u00e9e.<br \/>\n-un salon avec coin biblioth\u00e8que.<br \/>\n-une chambre avec 1 lit en 140.<br \/>\n-une chambre avec 2 lits en 90.<br \/>\n-une salle d&#8217;eau avec WC et double vasques.<br \/>\nParking privatif devant le g\u00eete.<\/p>\n<p>Chauffage \u00e9lectrique en suppl\u00e9ment.<\/p>\n","protected":false},"excerpt":{"rendered":"<p>Situ\u00e9 \u00e0 Plaigne, au c\u0153ur du Lauragais, ce g\u00eete vous accueille sur une ferme en activit\u00e9. Entour\u00e9 de champs et de collines, il offre un cadre calme et reposant, id\u00e9al pour un s\u00e9jour en famille. Mitoyen \u00e0 la maison des propri\u00e9taires, mais avec un ext\u00e9rieur bien ind\u00e9pendant. Vous profiterez d\u2019une agr\u00e9able avec terrasse avec mobilier [&hellip;]<\/p>\n","protected":false},"author":1,"featured_media":258560,"comment_status":"closed","ping_status":"closed","sticky":false,"template":"","format":"standard","meta":{"_acf_changed":false,"footnotes":""},"categories":[47],"tags":[],"class_list":["post-261976","post","type-post","status-publish","format-standard","has-post-thumbnail","hentry","category-gites"],"acf":[],"yoast_head":"<!-- This site is optimized with the Yoast SEO plugin v26.8 - https:\/\/yoast.com\/product\/yoast-seo-wordpress\/ -->\n<title>CHEZ YVETTE G\u00eetes - Office De Tourisme Au C\u0153ur Des Collines Cathares<\/title>\n<meta name=\"description\" content=\"Situ\u00e9 \u00e0 Plaigne, au c\u0153ur du Lauragais, ce g\u00eete vous accueille sur une ferme en activit\u00e9. Entour\u00e9 de champs et de collines, il offre un cadre calme et G\u00eetes CHEZ YVETTE Situ\u00e9 \u00e0 Fanjeaux, nous vous proposons de d\u00e9couvrir notre territoire ! , Office De Tourisme Au C\u0153ur Des Collines Cathares\" \/>\n<meta name=\"robots\" content=\"index, follow, max-snippet:-1, max-image-preview:large, max-video-preview:-1\" \/>\n<link rel=\"canonical\" href=\"https:\/\/collinescathares.com\/en\/gites\/chez-yvette\/\" \/>\n<meta property=\"og:locale\" content=\"en_US\" \/>\n<meta property=\"og:type\" content=\"article\" \/>\n<meta property=\"og:title\" content=\"CHEZ YVETTE G\u00eetes - Office De Tourisme Au C\u0153ur Des Collines Cathares\" \/>\n<meta property=\"og:description\" content=\"Situ\u00e9 \u00e0 Plaigne, au c\u0153ur du Lauragais, ce g\u00eete vous accueille sur une ferme en activit\u00e9. Entour\u00e9 de champs et de collines, il offre un cadre calme et G\u00eetes CHEZ YVETTE Situ\u00e9 \u00e0 Fanjeaux, nous vous proposons de d\u00e9couvrir notre territoire ! , Office De Tourisme Au C\u0153ur Des Collines Cathares\" \/>\n<meta property=\"og:url\" content=\"https:\/\/collinescathares.com\/en\/gites\/chez-yvette\/\" \/>\n<meta property=\"og:site_name\" content=\"Office De Tourisme Au C\u0153ur Des Collines Cathares\" \/>\n<meta property=\"article:publisher\" content=\"https:\/\/www.facebook.com\/tourismelauragais\" \/>\n<meta property=\"article:published_time\" content=\"2026-02-06T08:11:54+00:00\" \/>\n<meta property=\"article:modified_time\" content=\"2026-04-29T08:14:36+00:00\" \/>\n<meta property=\"og:image\" content=\"https:\/\/collinescathares.com\/wp-content\/uploads\/2025\/09\/11G3546-1200.jpg\" \/>\n\t<meta property=\"og:image:width\" content=\"1200\" \/>\n\t<meta property=\"og:image:height\" content=\"900\" \/>\n\t<meta property=\"og:image:type\" content=\"image\/jpeg\" \/>\n<meta name=\"author\" content=\"adminreso\" \/>\n<meta name=\"twitter:card\" content=\"summary_large_image\" \/>\n<meta name=\"twitter:label1\" content=\"Written by\" \/>\n\t<meta name=\"twitter:data1\" content=\"adminreso\" \/>\n\t<meta name=\"twitter:label2\" content=\"Est. reading time\" \/>\n\t<meta name=\"twitter:data2\" content=\"1 minute\" \/>\n<script type=\"application\/ld+json\" class=\"yoast-schema-graph\">{\"@context\":\"https:\/\/schema.org\",\"@graph\":[{\"@type\":\"Article\",\"@id\":\"https:\/\/collinescathares.com\/en\/gites\/chez-yvette\/#article\",\"isPartOf\":{\"@id\":\"https:\/\/collinescathares.com\/en\/gites\/chez-yvette\/\"},\"author\":{\"name\":\"adminreso\",\"@id\":\"https:\/\/collinescathares.com\/en\/#\/schema\/person\/599b8b6b8fd81d72e2a03b412201f661\"},\"headline\":\"CHEZ YVETTE\",\"datePublished\":\"2026-02-06T08:11:54+00:00\",\"dateModified\":\"2026-04-29T08:14:36+00:00\",\"mainEntityOfPage\":{\"@id\":\"https:\/\/collinescathares.com\/en\/gites\/chez-yvette\/\"},\"wordCount\":284,\"publisher\":{\"@id\":\"https:\/\/collinescathares.com\/en\/#organization\"},\"image\":{\"@id\":\"https:\/\/collinescathares.com\/en\/gites\/chez-yvette\/#primaryimage\"},\"thumbnailUrl\":\"https:\/\/collinescathares.com\/wp-content\/uploads\/2025\/09\/11G3546-1200.jpg\",\"articleSection\":[\"G\u00eetes\"],\"inLanguage\":\"en-US\"},{\"@type\":\"WebPage\",\"@id\":\"https:\/\/collinescathares.com\/en\/gites\/chez-yvette\/\",\"url\":\"https:\/\/collinescathares.com\/en\/gites\/chez-yvette\/\",\"name\":\"CHEZ YVETTE G\u00eetes - Office De Tourisme Au C\u0153ur Des Collines Cathares\",\"isPartOf\":{\"@id\":\"https:\/\/collinescathares.com\/en\/#website\"},\"primaryImageOfPage\":{\"@id\":\"https:\/\/collinescathares.com\/en\/gites\/chez-yvette\/#primaryimage\"},\"image\":{\"@id\":\"https:\/\/collinescathares.com\/en\/gites\/chez-yvette\/#primaryimage\"},\"thumbnailUrl\":\"https:\/\/collinescathares.com\/wp-content\/uploads\/2025\/09\/11G3546-1200.jpg\",\"datePublished\":\"2026-02-06T08:11:54+00:00\",\"dateModified\":\"2026-04-29T08:14:36+00:00\",\"description\":\"Situ\u00e9 \u00e0 Plaigne, au c\u0153ur du Lauragais, ce g\u00eete vous accueille sur une ferme en activit\u00e9. Entour\u00e9 de champs et de collines, il offre un cadre calme et G\u00eetes CHEZ YVETTE Situ\u00e9 \u00e0 Fanjeaux, nous vous proposons de d\u00e9couvrir notre territoire ! , Office De Tourisme Au C\u0153ur Des Collines Cathares\",\"breadcrumb\":{\"@id\":\"https:\/\/collinescathares.com\/en\/gites\/chez-yvette\/#breadcrumb\"},\"inLanguage\":\"en-US\",\"potentialAction\":[{\"@type\":\"ReadAction\",\"target\":[\"https:\/\/collinescathares.com\/en\/gites\/chez-yvette\/\"]}]},{\"@type\":\"ImageObject\",\"inLanguage\":\"en-US\",\"@id\":\"https:\/\/collinescathares.com\/en\/gites\/chez-yvette\/#primaryimage\",\"url\":\"https:\/\/collinescathares.com\/wp-content\/uploads\/2025\/09\/11G3546-1200.jpg\",\"contentUrl\":\"https:\/\/collinescathares.com\/wp-content\/uploads\/2025\/09\/11G3546-1200.jpg\",\"width\":1200,\"height\":900},{\"@type\":\"BreadcrumbList\",\"@id\":\"https:\/\/collinescathares.com\/en\/gites\/chez-yvette\/#breadcrumb\",\"itemListElement\":[{\"@type\":\"ListItem\",\"position\":1,\"name\":\"Home\",\"item\":\"https:\/\/collinescathares.com\/en\/home\/\"},{\"@type\":\"ListItem\",\"position\":2,\"name\":\"G\u00eetes\",\"item\":\"https:\/\/collinescathares.com\/category\/gites\/\"},{\"@type\":\"ListItem\",\"position\":3,\"name\":\"CHEZ YVETTE\"}]},{\"@type\":\"WebSite\",\"@id\":\"https:\/\/collinescathares.com\/en\/#website\",\"url\":\"https:\/\/collinescathares.com\/en\/\",\"name\":\"Office De Tourisme Au C\u0153ur Des Collines Cathares\",\"description\":\"Situ\u00e9 \u00e0 Fanjeaux, nous vous proposons de d\u00e9couvrir notre territoire !\",\"publisher\":{\"@id\":\"https:\/\/collinescathares.com\/en\/#organization\"},\"potentialAction\":[{\"@type\":\"SearchAction\",\"target\":{\"@type\":\"EntryPoint\",\"urlTemplate\":\"https:\/\/collinescathares.com\/en\/?s={search_term_string}\"},\"query-input\":{\"@type\":\"PropertyValueSpecification\",\"valueRequired\":true,\"valueName\":\"search_term_string\"}}],\"inLanguage\":\"en-US\"},{\"@type\":\"Organization\",\"@id\":\"https:\/\/collinescathares.com\/en\/#organization\",\"name\":\"Office de Tourisme Au C\u0153ur Des Collines Cathares\",\"url\":\"https:\/\/collinescathares.com\/en\/\",\"logo\":{\"@type\":\"ImageObject\",\"inLanguage\":\"en-US\",\"@id\":\"https:\/\/collinescathares.com\/en\/#\/schema\/logo\/image\/\",\"url\":\"https:\/\/collinescathares.com\/wp-content\/uploads\/2020\/06\/logo_Tourisme_lauragais-1.jpg\",\"contentUrl\":\"https:\/\/collinescathares.com\/wp-content\/uploads\/2020\/06\/logo_Tourisme_lauragais-1.jpg\",\"width\":209,\"height\":250,\"caption\":\"Office de Tourisme Au C\u0153ur Des Collines Cathares\"},\"image\":{\"@id\":\"https:\/\/collinescathares.com\/en\/#\/schema\/logo\/image\/\"},\"sameAs\":[\"https:\/\/www.facebook.com\/tourismelauragais\",\"https:\/\/www.instagram.com\/officetourismecollinescathares\/?hl=fr\",\"https:\/\/www.pinterest.fr\/oticollinescathares\/boards\/\"]},{\"@type\":\"Person\",\"@id\":\"https:\/\/collinescathares.com\/en\/#\/schema\/person\/599b8b6b8fd81d72e2a03b412201f661\",\"name\":\"adminreso\",\"image\":{\"@type\":\"ImageObject\",\"inLanguage\":\"en-US\",\"@id\":\"https:\/\/collinescathares.com\/en\/#\/schema\/person\/image\/\",\"url\":\"https:\/\/secure.gravatar.com\/avatar\/6a8a6fbe9df7c51e1f428a312af274a2?s=96&d=mm&r=g\",\"contentUrl\":\"https:\/\/secure.gravatar.com\/avatar\/6a8a6fbe9df7c51e1f428a312af274a2?s=96&d=mm&r=g\",\"caption\":\"adminreso\"},\"sameAs\":[\"http:\/\/collinescathares.com\/new\"]}]}<\/script>\n<!-- \/ Yoast SEO plugin. -->","yoast_head_json":{"title":"CHEZ YVETTE G\u00eetes - Office De Tourisme Au C\u0153ur Des Collines Cathares","description":"Situ\u00e9 \u00e0 Plaigne, au c\u0153ur du Lauragais, ce g\u00eete vous accueille sur une ferme en activit\u00e9. Entour\u00e9 de champs et de collines, il offre un cadre calme et G\u00eetes CHEZ YVETTE Situ\u00e9 \u00e0 Fanjeaux, nous vous proposons de d\u00e9couvrir notre territoire ! , Office De Tourisme Au C\u0153ur Des Collines Cathares","robots":{"index":"index","follow":"follow","max-snippet":"max-snippet:-1","max-image-preview":"max-image-preview:large","max-video-preview":"max-video-preview:-1"},"canonical":"https:\/\/collinescathares.com\/en\/gites\/chez-yvette\/","og_locale":"en_US","og_type":"article","og_title":"CHEZ YVETTE G\u00eetes - Office De Tourisme Au C\u0153ur Des Collines Cathares","og_description":"Situ\u00e9 \u00e0 Plaigne, au c\u0153ur du Lauragais, ce g\u00eete vous accueille sur une ferme en activit\u00e9. Entour\u00e9 de champs et de collines, il offre un cadre calme et G\u00eetes CHEZ YVETTE Situ\u00e9 \u00e0 Fanjeaux, nous vous proposons de d\u00e9couvrir notre territoire ! , Office De Tourisme Au C\u0153ur Des Collines Cathares","og_url":"https:\/\/collinescathares.com\/en\/gites\/chez-yvette\/","og_site_name":"Office De Tourisme Au C\u0153ur Des Collines Cathares","article_publisher":"https:\/\/www.facebook.com\/tourismelauragais","article_published_time":"2026-02-06T08:11:54+00:00","article_modified_time":"2026-04-29T08:14:36+00:00","og_image":[{"width":1200,"height":900,"url":"https:\/\/collinescathares.com\/wp-content\/uploads\/2025\/09\/11G3546-1200.jpg","type":"image\/jpeg"}],"author":"adminreso","twitter_card":"summary_large_image","twitter_misc":{"Written by":"adminreso","Est. reading time":"1 minute"},"schema":{"@context":"https:\/\/schema.org","@graph":[{"@type":"Article","@id":"https:\/\/collinescathares.com\/en\/gites\/chez-yvette\/#article","isPartOf":{"@id":"https:\/\/collinescathares.com\/en\/gites\/chez-yvette\/"},"author":{"name":"adminreso","@id":"https:\/\/collinescathares.com\/en\/#\/schema\/person\/599b8b6b8fd81d72e2a03b412201f661"},"headline":"CHEZ YVETTE","datePublished":"2026-02-06T08:11:54+00:00","dateModified":"2026-04-29T08:14:36+00:00","mainEntityOfPage":{"@id":"https:\/\/collinescathares.com\/en\/gites\/chez-yvette\/"},"wordCount":284,"publisher":{"@id":"https:\/\/collinescathares.com\/en\/#organization"},"image":{"@id":"https:\/\/collinescathares.com\/en\/gites\/chez-yvette\/#primaryimage"},"thumbnailUrl":"https:\/\/collinescathares.com\/wp-content\/uploads\/2025\/09\/11G3546-1200.jpg","articleSection":["G\u00eetes"],"inLanguage":"en-US"},{"@type":"WebPage","@id":"https:\/\/collinescathares.com\/en\/gites\/chez-yvette\/","url":"https:\/\/collinescathares.com\/en\/gites\/chez-yvette\/","name":"CHEZ YVETTE G\u00eetes - Office De Tourisme Au C\u0153ur Des Collines Cathares","isPartOf":{"@id":"https:\/\/collinescathares.com\/en\/#website"},"primaryImageOfPage":{"@id":"https:\/\/collinescathares.com\/en\/gites\/chez-yvette\/#primaryimage"},"image":{"@id":"https:\/\/collinescathares.com\/en\/gites\/chez-yvette\/#primaryimage"},"thumbnailUrl":"https:\/\/collinescathares.com\/wp-content\/uploads\/2025\/09\/11G3546-1200.jpg","datePublished":"2026-02-06T08:11:54+00:00","dateModified":"2026-04-29T08:14:36+00:00","description":"Situ\u00e9 \u00e0 Plaigne, au c\u0153ur du Lauragais, ce g\u00eete vous accueille sur une ferme en activit\u00e9. Entour\u00e9 de champs et de collines, il offre un cadre calme et G\u00eetes CHEZ YVETTE Situ\u00e9 \u00e0 Fanjeaux, nous vous proposons de d\u00e9couvrir notre territoire ! , Office De Tourisme Au C\u0153ur Des Collines Cathares","breadcrumb":{"@id":"https:\/\/collinescathares.com\/en\/gites\/chez-yvette\/#breadcrumb"},"inLanguage":"en-US","potentialAction":[{"@type":"ReadAction","target":["https:\/\/collinescathares.com\/en\/gites\/chez-yvette\/"]}]},{"@type":"ImageObject","inLanguage":"en-US","@id":"https:\/\/collinescathares.com\/en\/gites\/chez-yvette\/#primaryimage","url":"https:\/\/collinescathares.com\/wp-content\/uploads\/2025\/09\/11G3546-1200.jpg","contentUrl":"https:\/\/collinescathares.com\/wp-content\/uploads\/2025\/09\/11G3546-1200.jpg","width":1200,"height":900},{"@type":"BreadcrumbList","@id":"https:\/\/collinescathares.com\/en\/gites\/chez-yvette\/#breadcrumb","itemListElement":[{"@type":"ListItem","position":1,"name":"Home","item":"https:\/\/collinescathares.com\/en\/home\/"},{"@type":"ListItem","position":2,"name":"G\u00eetes","item":"https:\/\/collinescathares.com\/category\/gites\/"},{"@type":"ListItem","position":3,"name":"CHEZ YVETTE"}]},{"@type":"WebSite","@id":"https:\/\/collinescathares.com\/en\/#website","url":"https:\/\/collinescathares.com\/en\/","name":"Office De Tourisme Au C\u0153ur Des Collines Cathares","description":"Situ\u00e9 \u00e0 Fanjeaux, nous vous proposons de d\u00e9couvrir notre territoire !","publisher":{"@id":"https:\/\/collinescathares.com\/en\/#organization"},"potentialAction":[{"@type":"SearchAction","target":{"@type":"EntryPoint","urlTemplate":"https:\/\/collinescathares.com\/en\/?s={search_term_string}"},"query-input":{"@type":"PropertyValueSpecification","valueRequired":true,"valueName":"search_term_string"}}],"inLanguage":"en-US"},{"@type":"Organization","@id":"https:\/\/collinescathares.com\/en\/#organization","name":"Office de Tourisme Au C\u0153ur Des Collines Cathares","url":"https:\/\/collinescathares.com\/en\/","logo":{"@type":"ImageObject","inLanguage":"en-US","@id":"https:\/\/collinescathares.com\/en\/#\/schema\/logo\/image\/","url":"https:\/\/collinescathares.com\/wp-content\/uploads\/2020\/06\/logo_Tourisme_lauragais-1.jpg","contentUrl":"https:\/\/collinescathares.com\/wp-content\/uploads\/2020\/06\/logo_Tourisme_lauragais-1.jpg","width":209,"height":250,"caption":"Office de Tourisme Au C\u0153ur Des Collines Cathares"},"image":{"@id":"https:\/\/collinescathares.com\/en\/#\/schema\/logo\/image\/"},"sameAs":["https:\/\/www.facebook.com\/tourismelauragais","https:\/\/www.instagram.com\/officetourismecollinescathares\/?hl=fr","https:\/\/www.pinterest.fr\/oticollinescathares\/boards\/"]},{"@type":"Person","@id":"https:\/\/collinescathares.com\/en\/#\/schema\/person\/599b8b6b8fd81d72e2a03b412201f661","name":"adminreso","image":{"@type":"ImageObject","inLanguage":"en-US","@id":"https:\/\/collinescathares.com\/en\/#\/schema\/person\/image\/","url":"https:\/\/secure.gravatar.com\/avatar\/6a8a6fbe9df7c51e1f428a312af274a2?s=96&d=mm&r=g","contentUrl":"https:\/\/secure.gravatar.com\/avatar\/6a8a6fbe9df7c51e1f428a312af274a2?s=96&d=mm&r=g","caption":"adminreso"},"sameAs":["http:\/\/collinescathares.com\/new"]}]}},"_links":{"self":[{"href":"https:\/\/collinescathares.com\/en\/wp-json\/wp\/v2\/posts\/261976","targetHints":{"allow":["GET"]}}],"collection":[{"href":"https:\/\/collinescathares.com\/en\/wp-json\/wp\/v2\/posts"}],"about":[{"href":"https:\/\/collinescathares.com\/en\/wp-json\/wp\/v2\/types\/post"}],"author":[{"embeddable":true,"href":"https:\/\/collinescathares.com\/en\/wp-json\/wp\/v2\/users\/1"}],"replies":[{"embeddable":true,"href":"https:\/\/collinescathares.com\/en\/wp-json\/wp\/v2\/comments?post=261976"}],"version-history":[{"count":1,"href":"https:\/\/collinescathares.com\/en\/wp-json\/wp\/v2\/posts\/261976\/revisions"}],"predecessor-version":[{"id":262320,"href":"https:\/\/collinescathares.com\/en\/wp-json\/wp\/v2\/posts\/261976\/revisions\/262320"}],"wp:featuredmedia":[{"embeddable":true,"href":"https:\/\/collinescathares.com\/en\/wp-json\/wp\/v2\/media\/258560"}],"wp:attachment":[{"href":"https:\/\/collinescathares.com\/en\/wp-json\/wp\/v2\/media?parent=261976"}],"wp:term":[{"taxonomy":"category","embeddable":true,"href":"https:\/\/collinescathares.com\/en\/wp-json\/wp\/v2\/categories?post=261976"},{"taxonomy":"post_tag","embeddable":true,"href":"https:\/\/collinescathares.com\/en\/wp-json\/wp\/v2\/tags?post=261976"}],"curies":[{"name":"wp","href":"https:\/\/api.w.org\/{rel}","templated":true}]}}