{"id":262832,"date":"2026-03-04T13:59:27","date_gmt":"2026-03-04T12:59:27","guid":{"rendered":"https:\/\/collinescathares.com\/agenda\/velocipedie-occitane\/"},"modified":"2026-04-29T14:58:13","modified_gmt":"2026-04-29T12:58:13","slug":"velocipedie-occitane","status":"publish","type":"post","link":"https:\/\/collinescathares.com\/en\/agenda\/velocipedie-occitane\/","title":{"rendered":"V\u00c9LOCIP\u00c9DIE OCCITANE"},"content":{"rendered":"<p>Les 11, 12 et 13 septembre 2026, les Offices de Tourisme des Pyr\u00e9n\u00e9es Cathares, du Limouxin, Collines Cathares Tourisme et l\u2019Office de Tourisme des Pyr\u00e9n\u00e9es Audoises organisent la deuxi\u00e8me \u00e9dition de la V\u00e9locip\u00e9die Occitane. Rejoignez nous pour emprunter la voie verte \u00e0 v\u00e9lo, du canal du Midi jusqu\u2019\u00e0 Monts\u00e9gur, et laissez-vous charmer par la richesse des paysages . Traverser les vignobles, d\u00e9guster les vins audois, p\u00e9daler \u00e0 son rythme et faire un d\u00e9tour par les plus beaux villages de l\u2019Aude et de l\u2019Ari\u00e8ge avec de la bonne humeur et loin de l\u2019agitation urbaine !<\/p>\n<p>Pr\u00e9pare ton v\u00e9lo, l\u2019aventure commence ! Depuis le canal du Midi (qui f\u00eatera son trenti\u00e8me anniversaire \u00e0 l&#8217;Unesco) jusqu\u2019au ch\u00e2teau de Monts\u00e9gur en Ari\u00e8ge, suis la voie verte et laisse toi porter par la diversit\u00e9 des paysages : vignobles de Malep\u00e8re et de Limoux, villages occitans pleins de charme, reflets scintillants du lac de Montbel et sentiers cathares empreints d\u2019histoire.<\/p>\n<p>Ici, l\u2019aventure se vit dans un esprit convivial, au fil des circuits courts et des rencontres authentiques. \u00c0 chaque d\u00e9tour, des producteurs locaux t\u2019accueillent pour des pauses gourmandes : d\u00e9gustation de vins, haltes dans les vignes, produits du terroir\u2026 Un voyage o\u00f9 le plaisir passe autant par les paysages que par l\u2019assiette. Alors, pr\u00eat \u00e0 p\u00e9daler ?<\/p>\n<p>Le sport en journ\u00e9e, la f\u00eate en soir\u00e9e ! Apr\u00e8s l\u2019effort, place \u00e0 la convivialit\u00e9 ! Chaque soir, une f\u00eate de village t\u2019attend : foodtrucks aux saveurs locales, concerts live et DJ enflamment l\u2019ambiance sous les \u00e9toiles. C\u2019est le moment de rel\u00e2cher la pression, d\u2019\u00e9changer sur les paysages travers\u00e9s, de rire, de partager un verre et de prolonger l\u2019exp\u00e9rience dans une ambiance chaleureuse et festive.<\/p>\n<p>Et pour que l\u2019exp\u00e9rience soit compl\u00e8te, les nuit\u00e9es en tente ou en g\u00eete sont incluses, pour r\u00e9cup\u00e9rer en douceur avant de repartir le lendemain. Trois jours d\u2019\u00e9vasion, de d\u00e9couvertes et de f\u00eate, LE TOUT POUR SEULEMENT 90\u20ac !<\/p>\n<p>Alors, pr\u00eat \u00e0 p\u00e9daler ?<\/p>\n","protected":false},"excerpt":{"rendered":"<p>Les 11, 12 et 13 septembre 2026, les Offices de Tourisme des Pyr\u00e9n\u00e9es Cathares, du Limouxin, Collines Cathares Tourisme et l\u2019Office de Tourisme des Pyr\u00e9n\u00e9es Audoises organisent la deuxi\u00e8me \u00e9dition de la V\u00e9locip\u00e9die Occitane. Rejoignez nous pour emprunter la voie verte \u00e0 v\u00e9lo, du canal du Midi jusqu\u2019\u00e0 Monts\u00e9gur, et laissez-vous charmer par la richesse [&hellip;]<\/p>\n","protected":false},"author":1,"featured_media":262829,"comment_status":"closed","ping_status":"closed","sticky":false,"template":"","format":"standard","meta":{"_acf_changed":false,"footnotes":""},"categories":[2],"tags":[],"class_list":["post-262832","post","type-post","status-publish","format-standard","has-post-thumbnail","hentry","category-agenda"],"acf":[],"yoast_head":"<!-- This site is optimized with the Yoast SEO plugin v26.8 - https:\/\/yoast.com\/product\/yoast-seo-wordpress\/ -->\n<title>V\u00c9LOCIP\u00c9DIE OCCITANE Expositions - Office De Tourisme Au C\u0153ur Des Collines Cathares<\/title>\n<meta name=\"description\" content=\"Les 11, 12 et 13 septembre 2026, les Offices de Tourisme des Pyr\u00e9n\u00e9es Cathares, du Limouxin, Collines Cathares Tourisme et l\u2019Office de Tourisme des Expositions V\u00c9LOCIP\u00c9DIE OCCITANE Situ\u00e9 \u00e0 Fanjeaux, nous vous proposons de d\u00e9couvrir notre territoire ! , Office De Tourisme Au C\u0153ur Des Collines Cathares\" \/>\n<meta name=\"robots\" content=\"index, follow, max-snippet:-1, max-image-preview:large, max-video-preview:-1\" \/>\n<link rel=\"canonical\" href=\"https:\/\/collinescathares.com\/en\/agenda\/velocipedie-occitane\/\" \/>\n<meta property=\"og:locale\" content=\"en_US\" \/>\n<meta property=\"og:type\" content=\"article\" \/>\n<meta property=\"og:title\" content=\"V\u00c9LOCIP\u00c9DIE OCCITANE Expositions - Office De Tourisme Au C\u0153ur Des Collines Cathares\" \/>\n<meta property=\"og:description\" content=\"Les 11, 12 et 13 septembre 2026, les Offices de Tourisme des Pyr\u00e9n\u00e9es Cathares, du Limouxin, Collines Cathares Tourisme et l\u2019Office de Tourisme des Expositions V\u00c9LOCIP\u00c9DIE OCCITANE Situ\u00e9 \u00e0 Fanjeaux, nous vous proposons de d\u00e9couvrir notre territoire ! , Office De Tourisme Au C\u0153ur Des Collines Cathares\" \/>\n<meta property=\"og:url\" content=\"https:\/\/collinescathares.com\/en\/agenda\/velocipedie-occitane\/\" \/>\n<meta property=\"og:site_name\" content=\"Office De Tourisme Au C\u0153ur Des Collines Cathares\" \/>\n<meta property=\"article:publisher\" content=\"https:\/\/www.facebook.com\/tourismelauragais\" \/>\n<meta property=\"article:published_time\" content=\"2026-03-04T12:59:27+00:00\" \/>\n<meta property=\"article:modified_time\" content=\"2026-04-29T12:58:13+00:00\" \/>\n<meta property=\"og:image\" content=\"https:\/\/collinescathares.com\/wp-content\/uploads\/2026\/03\/Copie-de-Les-animations-format-1200-900-9-.jpg\" \/>\n\t<meta property=\"og:image:width\" content=\"1200\" \/>\n\t<meta property=\"og:image:height\" content=\"900\" \/>\n\t<meta property=\"og:image:type\" content=\"image\/jpeg\" \/>\n<meta name=\"author\" content=\"adminreso\" \/>\n<meta name=\"twitter:card\" content=\"summary_large_image\" \/>\n<meta name=\"twitter:label1\" content=\"Written by\" \/>\n\t<meta name=\"twitter:data1\" content=\"adminreso\" \/>\n\t<meta name=\"twitter:label2\" content=\"Est. reading time\" \/>\n\t<meta name=\"twitter:data2\" content=\"2 minutes\" \/>\n<script type=\"application\/ld+json\" class=\"yoast-schema-graph\">{\"@context\":\"https:\/\/schema.org\",\"@graph\":[{\"@type\":\"Article\",\"@id\":\"https:\/\/collinescathares.com\/en\/agenda\/velocipedie-occitane\/#article\",\"isPartOf\":{\"@id\":\"https:\/\/collinescathares.com\/en\/agenda\/velocipedie-occitane\/\"},\"author\":{\"name\":\"adminreso\",\"@id\":\"https:\/\/collinescathares.com\/en\/#\/schema\/person\/599b8b6b8fd81d72e2a03b412201f661\"},\"headline\":\"V\u00c9LOCIP\u00c9DIE OCCITANE\",\"datePublished\":\"2026-03-04T12:59:27+00:00\",\"dateModified\":\"2026-04-29T12:58:13+00:00\",\"mainEntityOfPage\":{\"@id\":\"https:\/\/collinescathares.com\/en\/agenda\/velocipedie-occitane\/\"},\"wordCount\":362,\"publisher\":{\"@id\":\"https:\/\/collinescathares.com\/en\/#organization\"},\"image\":{\"@id\":\"https:\/\/collinescathares.com\/en\/agenda\/velocipedie-occitane\/#primaryimage\"},\"thumbnailUrl\":\"https:\/\/collinescathares.com\/wp-content\/uploads\/2026\/03\/Copie-de-Les-animations-format-1200-900-9-.jpg\",\"articleSection\":[\"Expositions\"],\"inLanguage\":\"en-US\"},{\"@type\":\"WebPage\",\"@id\":\"https:\/\/collinescathares.com\/en\/agenda\/velocipedie-occitane\/\",\"url\":\"https:\/\/collinescathares.com\/en\/agenda\/velocipedie-occitane\/\",\"name\":\"V\u00c9LOCIP\u00c9DIE OCCITANE Expositions - Office De Tourisme Au C\u0153ur Des Collines Cathares\",\"isPartOf\":{\"@id\":\"https:\/\/collinescathares.com\/en\/#website\"},\"primaryImageOfPage\":{\"@id\":\"https:\/\/collinescathares.com\/en\/agenda\/velocipedie-occitane\/#primaryimage\"},\"image\":{\"@id\":\"https:\/\/collinescathares.com\/en\/agenda\/velocipedie-occitane\/#primaryimage\"},\"thumbnailUrl\":\"https:\/\/collinescathares.com\/wp-content\/uploads\/2026\/03\/Copie-de-Les-animations-format-1200-900-9-.jpg\",\"datePublished\":\"2026-03-04T12:59:27+00:00\",\"dateModified\":\"2026-04-29T12:58:13+00:00\",\"description\":\"Les 11, 12 et 13 septembre 2026, les Offices de Tourisme des Pyr\u00e9n\u00e9es Cathares, du Limouxin, Collines Cathares Tourisme et l\u2019Office de Tourisme des Expositions V\u00c9LOCIP\u00c9DIE OCCITANE Situ\u00e9 \u00e0 Fanjeaux, nous vous proposons de d\u00e9couvrir notre territoire ! , Office De Tourisme Au C\u0153ur Des Collines Cathares\",\"breadcrumb\":{\"@id\":\"https:\/\/collinescathares.com\/en\/agenda\/velocipedie-occitane\/#breadcrumb\"},\"inLanguage\":\"en-US\",\"potentialAction\":[{\"@type\":\"ReadAction\",\"target\":[\"https:\/\/collinescathares.com\/en\/agenda\/velocipedie-occitane\/\"]}]},{\"@type\":\"ImageObject\",\"inLanguage\":\"en-US\",\"@id\":\"https:\/\/collinescathares.com\/en\/agenda\/velocipedie-occitane\/#primaryimage\",\"url\":\"https:\/\/collinescathares.com\/wp-content\/uploads\/2026\/03\/Copie-de-Les-animations-format-1200-900-9-.jpg\",\"contentUrl\":\"https:\/\/collinescathares.com\/wp-content\/uploads\/2026\/03\/Copie-de-Les-animations-format-1200-900-9-.jpg\",\"width\":1200,\"height\":900},{\"@type\":\"BreadcrumbList\",\"@id\":\"https:\/\/collinescathares.com\/en\/agenda\/velocipedie-occitane\/#breadcrumb\",\"itemListElement\":[{\"@type\":\"ListItem\",\"position\":1,\"name\":\"Home\",\"item\":\"https:\/\/collinescathares.com\/en\/home\/\"},{\"@type\":\"ListItem\",\"position\":2,\"name\":\"Calendar\",\"item\":\"https:\/\/collinescathares.com\/en\/category\/calendar\/\"},{\"@type\":\"ListItem\",\"position\":3,\"name\":\"V\u00c9LOCIP\u00c9DIE OCCITANE\"}]},{\"@type\":\"WebSite\",\"@id\":\"https:\/\/collinescathares.com\/en\/#website\",\"url\":\"https:\/\/collinescathares.com\/en\/\",\"name\":\"Office De Tourisme Au C\u0153ur Des Collines Cathares\",\"description\":\"Situ\u00e9 \u00e0 Fanjeaux, nous vous proposons de d\u00e9couvrir notre territoire !\",\"publisher\":{\"@id\":\"https:\/\/collinescathares.com\/en\/#organization\"},\"potentialAction\":[{\"@type\":\"SearchAction\",\"target\":{\"@type\":\"EntryPoint\",\"urlTemplate\":\"https:\/\/collinescathares.com\/en\/?s={search_term_string}\"},\"query-input\":{\"@type\":\"PropertyValueSpecification\",\"valueRequired\":true,\"valueName\":\"search_term_string\"}}],\"inLanguage\":\"en-US\"},{\"@type\":\"Organization\",\"@id\":\"https:\/\/collinescathares.com\/en\/#organization\",\"name\":\"Office de Tourisme Au C\u0153ur Des Collines Cathares\",\"url\":\"https:\/\/collinescathares.com\/en\/\",\"logo\":{\"@type\":\"ImageObject\",\"inLanguage\":\"en-US\",\"@id\":\"https:\/\/collinescathares.com\/en\/#\/schema\/logo\/image\/\",\"url\":\"https:\/\/collinescathares.com\/wp-content\/uploads\/2020\/06\/logo_Tourisme_lauragais-1.jpg\",\"contentUrl\":\"https:\/\/collinescathares.com\/wp-content\/uploads\/2020\/06\/logo_Tourisme_lauragais-1.jpg\",\"width\":209,\"height\":250,\"caption\":\"Office de Tourisme Au C\u0153ur Des Collines Cathares\"},\"image\":{\"@id\":\"https:\/\/collinescathares.com\/en\/#\/schema\/logo\/image\/\"},\"sameAs\":[\"https:\/\/www.facebook.com\/tourismelauragais\",\"https:\/\/www.instagram.com\/officetourismecollinescathares\/?hl=fr\",\"https:\/\/www.pinterest.fr\/oticollinescathares\/boards\/\"]},{\"@type\":\"Person\",\"@id\":\"https:\/\/collinescathares.com\/en\/#\/schema\/person\/599b8b6b8fd81d72e2a03b412201f661\",\"name\":\"adminreso\",\"image\":{\"@type\":\"ImageObject\",\"inLanguage\":\"en-US\",\"@id\":\"https:\/\/collinescathares.com\/en\/#\/schema\/person\/image\/\",\"url\":\"https:\/\/secure.gravatar.com\/avatar\/6a8a6fbe9df7c51e1f428a312af274a2?s=96&d=mm&r=g\",\"contentUrl\":\"https:\/\/secure.gravatar.com\/avatar\/6a8a6fbe9df7c51e1f428a312af274a2?s=96&d=mm&r=g\",\"caption\":\"adminreso\"},\"sameAs\":[\"http:\/\/collinescathares.com\/new\"]}]}<\/script>\n<!-- \/ Yoast SEO plugin. -->","yoast_head_json":{"title":"V\u00c9LOCIP\u00c9DIE OCCITANE Expositions - Office De Tourisme Au C\u0153ur Des Collines Cathares","description":"Les 11, 12 et 13 septembre 2026, les Offices de Tourisme des Pyr\u00e9n\u00e9es Cathares, du Limouxin, Collines Cathares Tourisme et l\u2019Office de Tourisme des Expositions V\u00c9LOCIP\u00c9DIE OCCITANE Situ\u00e9 \u00e0 Fanjeaux, nous vous proposons de d\u00e9couvrir notre territoire ! , Office De Tourisme Au C\u0153ur Des Collines Cathares","robots":{"index":"index","follow":"follow","max-snippet":"max-snippet:-1","max-image-preview":"max-image-preview:large","max-video-preview":"max-video-preview:-1"},"canonical":"https:\/\/collinescathares.com\/en\/agenda\/velocipedie-occitane\/","og_locale":"en_US","og_type":"article","og_title":"V\u00c9LOCIP\u00c9DIE OCCITANE Expositions - Office De Tourisme Au C\u0153ur Des Collines Cathares","og_description":"Les 11, 12 et 13 septembre 2026, les Offices de Tourisme des Pyr\u00e9n\u00e9es Cathares, du Limouxin, Collines Cathares Tourisme et l\u2019Office de Tourisme des Expositions V\u00c9LOCIP\u00c9DIE OCCITANE Situ\u00e9 \u00e0 Fanjeaux, nous vous proposons de d\u00e9couvrir notre territoire ! , Office De Tourisme Au C\u0153ur Des Collines Cathares","og_url":"https:\/\/collinescathares.com\/en\/agenda\/velocipedie-occitane\/","og_site_name":"Office De Tourisme Au C\u0153ur Des Collines Cathares","article_publisher":"https:\/\/www.facebook.com\/tourismelauragais","article_published_time":"2026-03-04T12:59:27+00:00","article_modified_time":"2026-04-29T12:58:13+00:00","og_image":[{"width":1200,"height":900,"url":"https:\/\/collinescathares.com\/wp-content\/uploads\/2026\/03\/Copie-de-Les-animations-format-1200-900-9-.jpg","type":"image\/jpeg"}],"author":"adminreso","twitter_card":"summary_large_image","twitter_misc":{"Written by":"adminreso","Est. reading time":"2 minutes"},"schema":{"@context":"https:\/\/schema.org","@graph":[{"@type":"Article","@id":"https:\/\/collinescathares.com\/en\/agenda\/velocipedie-occitane\/#article","isPartOf":{"@id":"https:\/\/collinescathares.com\/en\/agenda\/velocipedie-occitane\/"},"author":{"name":"adminreso","@id":"https:\/\/collinescathares.com\/en\/#\/schema\/person\/599b8b6b8fd81d72e2a03b412201f661"},"headline":"V\u00c9LOCIP\u00c9DIE OCCITANE","datePublished":"2026-03-04T12:59:27+00:00","dateModified":"2026-04-29T12:58:13+00:00","mainEntityOfPage":{"@id":"https:\/\/collinescathares.com\/en\/agenda\/velocipedie-occitane\/"},"wordCount":362,"publisher":{"@id":"https:\/\/collinescathares.com\/en\/#organization"},"image":{"@id":"https:\/\/collinescathares.com\/en\/agenda\/velocipedie-occitane\/#primaryimage"},"thumbnailUrl":"https:\/\/collinescathares.com\/wp-content\/uploads\/2026\/03\/Copie-de-Les-animations-format-1200-900-9-.jpg","articleSection":["Expositions"],"inLanguage":"en-US"},{"@type":"WebPage","@id":"https:\/\/collinescathares.com\/en\/agenda\/velocipedie-occitane\/","url":"https:\/\/collinescathares.com\/en\/agenda\/velocipedie-occitane\/","name":"V\u00c9LOCIP\u00c9DIE OCCITANE Expositions - Office De Tourisme Au C\u0153ur Des Collines Cathares","isPartOf":{"@id":"https:\/\/collinescathares.com\/en\/#website"},"primaryImageOfPage":{"@id":"https:\/\/collinescathares.com\/en\/agenda\/velocipedie-occitane\/#primaryimage"},"image":{"@id":"https:\/\/collinescathares.com\/en\/agenda\/velocipedie-occitane\/#primaryimage"},"thumbnailUrl":"https:\/\/collinescathares.com\/wp-content\/uploads\/2026\/03\/Copie-de-Les-animations-format-1200-900-9-.jpg","datePublished":"2026-03-04T12:59:27+00:00","dateModified":"2026-04-29T12:58:13+00:00","description":"Les 11, 12 et 13 septembre 2026, les Offices de Tourisme des Pyr\u00e9n\u00e9es Cathares, du Limouxin, Collines Cathares Tourisme et l\u2019Office de Tourisme des Expositions V\u00c9LOCIP\u00c9DIE OCCITANE Situ\u00e9 \u00e0 Fanjeaux, nous vous proposons de d\u00e9couvrir notre territoire ! , Office De Tourisme Au C\u0153ur Des Collines Cathares","breadcrumb":{"@id":"https:\/\/collinescathares.com\/en\/agenda\/velocipedie-occitane\/#breadcrumb"},"inLanguage":"en-US","potentialAction":[{"@type":"ReadAction","target":["https:\/\/collinescathares.com\/en\/agenda\/velocipedie-occitane\/"]}]},{"@type":"ImageObject","inLanguage":"en-US","@id":"https:\/\/collinescathares.com\/en\/agenda\/velocipedie-occitane\/#primaryimage","url":"https:\/\/collinescathares.com\/wp-content\/uploads\/2026\/03\/Copie-de-Les-animations-format-1200-900-9-.jpg","contentUrl":"https:\/\/collinescathares.com\/wp-content\/uploads\/2026\/03\/Copie-de-Les-animations-format-1200-900-9-.jpg","width":1200,"height":900},{"@type":"BreadcrumbList","@id":"https:\/\/collinescathares.com\/en\/agenda\/velocipedie-occitane\/#breadcrumb","itemListElement":[{"@type":"ListItem","position":1,"name":"Home","item":"https:\/\/collinescathares.com\/en\/home\/"},{"@type":"ListItem","position":2,"name":"Calendar","item":"https:\/\/collinescathares.com\/en\/category\/calendar\/"},{"@type":"ListItem","position":3,"name":"V\u00c9LOCIP\u00c9DIE OCCITANE"}]},{"@type":"WebSite","@id":"https:\/\/collinescathares.com\/en\/#website","url":"https:\/\/collinescathares.com\/en\/","name":"Office De Tourisme Au C\u0153ur Des Collines Cathares","description":"Situ\u00e9 \u00e0 Fanjeaux, nous vous proposons de d\u00e9couvrir notre territoire !","publisher":{"@id":"https:\/\/collinescathares.com\/en\/#organization"},"potentialAction":[{"@type":"SearchAction","target":{"@type":"EntryPoint","urlTemplate":"https:\/\/collinescathares.com\/en\/?s={search_term_string}"},"query-input":{"@type":"PropertyValueSpecification","valueRequired":true,"valueName":"search_term_string"}}],"inLanguage":"en-US"},{"@type":"Organization","@id":"https:\/\/collinescathares.com\/en\/#organization","name":"Office de Tourisme Au C\u0153ur Des Collines Cathares","url":"https:\/\/collinescathares.com\/en\/","logo":{"@type":"ImageObject","inLanguage":"en-US","@id":"https:\/\/collinescathares.com\/en\/#\/schema\/logo\/image\/","url":"https:\/\/collinescathares.com\/wp-content\/uploads\/2020\/06\/logo_Tourisme_lauragais-1.jpg","contentUrl":"https:\/\/collinescathares.com\/wp-content\/uploads\/2020\/06\/logo_Tourisme_lauragais-1.jpg","width":209,"height":250,"caption":"Office de Tourisme Au C\u0153ur Des Collines Cathares"},"image":{"@id":"https:\/\/collinescathares.com\/en\/#\/schema\/logo\/image\/"},"sameAs":["https:\/\/www.facebook.com\/tourismelauragais","https:\/\/www.instagram.com\/officetourismecollinescathares\/?hl=fr","https:\/\/www.pinterest.fr\/oticollinescathares\/boards\/"]},{"@type":"Person","@id":"https:\/\/collinescathares.com\/en\/#\/schema\/person\/599b8b6b8fd81d72e2a03b412201f661","name":"adminreso","image":{"@type":"ImageObject","inLanguage":"en-US","@id":"https:\/\/collinescathares.com\/en\/#\/schema\/person\/image\/","url":"https:\/\/secure.gravatar.com\/avatar\/6a8a6fbe9df7c51e1f428a312af274a2?s=96&d=mm&r=g","contentUrl":"https:\/\/secure.gravatar.com\/avatar\/6a8a6fbe9df7c51e1f428a312af274a2?s=96&d=mm&r=g","caption":"adminreso"},"sameAs":["http:\/\/collinescathares.com\/new"]}]}},"_links":{"self":[{"href":"https:\/\/collinescathares.com\/en\/wp-json\/wp\/v2\/posts\/262832","targetHints":{"allow":["GET"]}}],"collection":[{"href":"https:\/\/collinescathares.com\/en\/wp-json\/wp\/v2\/posts"}],"about":[{"href":"https:\/\/collinescathares.com\/en\/wp-json\/wp\/v2\/types\/post"}],"author":[{"embeddable":true,"href":"https:\/\/collinescathares.com\/en\/wp-json\/wp\/v2\/users\/1"}],"replies":[{"embeddable":true,"href":"https:\/\/collinescathares.com\/en\/wp-json\/wp\/v2\/comments?post=262832"}],"version-history":[{"count":1,"href":"https:\/\/collinescathares.com\/en\/wp-json\/wp\/v2\/posts\/262832\/revisions"}],"predecessor-version":[{"id":262891,"href":"https:\/\/collinescathares.com\/en\/wp-json\/wp\/v2\/posts\/262832\/revisions\/262891"}],"wp:featuredmedia":[{"embeddable":true,"href":"https:\/\/collinescathares.com\/en\/wp-json\/wp\/v2\/media\/262829"}],"wp:attachment":[{"href":"https:\/\/collinescathares.com\/en\/wp-json\/wp\/v2\/media?parent=262832"}],"wp:term":[{"taxonomy":"category","embeddable":true,"href":"https:\/\/collinescathares.com\/en\/wp-json\/wp\/v2\/categories?post=262832"},{"taxonomy":"post_tag","embeddable":true,"href":"https:\/\/collinescathares.com\/en\/wp-json\/wp\/v2\/tags?post=262832"}],"curies":[{"name":"wp","href":"https:\/\/api.w.org\/{rel}","templated":true}]}}