{"id":263574,"date":"2026-03-31T10:15:26","date_gmt":"2026-03-31T08:15:26","guid":{"rendered":"https:\/\/collinescathares.com\/gites\/la-mirguette\/"},"modified":"2026-04-29T10:14:53","modified_gmt":"2026-04-29T08:14:53","slug":"la-mirguette","status":"publish","type":"post","link":"https:\/\/collinescathares.com\/en\/gites\/la-mirguette\/","title":{"rendered":"LA MIRGUETTE"},"content":{"rendered":"<p>Au c\u0153ur du Carcassonnais, La Mirguette vous accueille \u00e0 Montr\u00e9al, un village perch\u00e9 qui domine les paysages vallonn\u00e9s de la campagne audoise. Vous profitez ici d&#8217;un emplacement privil\u00e9gi\u00e9 pour d\u00e9couvrir Carcassonne et sa cit\u00e9 m\u00e9di\u00e9vale, mais aussi Fanjeaux, haut lieu du patrimoine religieux, ou encore les rives paisibles du canal du Midi. Plus au sud, les premiers contreforts de l&#8217;Ari\u00e8ge offrent de belles id\u00e9es de sorties pour varier les ambiances et les d\u00e9couvertes.<br \/>\nCette maison ind\u00e9pendante, id\u00e9ale pour un s\u00e9jour en tribu ou en famille, offre une ambiance traditionnelle et chaleureuse, pens\u00e9e pour conjuguer repos, activit\u00e9s nature et t\u00e9l\u00e9travail. Le rez-de-chauss\u00e9e r\u00e9unit une grande pi\u00e8ce \u00e0 vivre avec un salon \u00e9quip\u00e9 d&#8217;un vid\u00e9oprojecteur, une cuisine ouverte tr\u00e8s bien \u00e9quip\u00e9e avec piano de cuisson, r\u00e9frig\u00e9rateur am\u00e9ricain, robots culinaires et cafeti\u00e8re Senseo, ainsi qu&#8217;une salle \u00e0 manger donnant directement sur la terrasse. Vous y trouvez \u00e9galement une salle d&#8217;eau avec WC et une chambre confortable. Ainsi qu&#8217;un WC ind\u00e9pendant.<br \/>\n\u00c0 l&#8217;\u00e9tage, le couloir climatis\u00e9 dessert une salle de bain \u00e9quip\u00e9e d&#8217;une baignoire et d&#8217;une douche, compl\u00e9t\u00e9e par un v\u00e9lo elliptique pour ceux qui souhaitent poursuivre leurs habitudes sportives. Un WC ind\u00e9pendant. Trois chambres spacieuses compl\u00e8tent l&#8217;ensemble, dont l&#8217;une poss\u00e8de une terrasse privative surplombant le jardin.<br \/>\n\u2022 Chambre 1 rez-de-chauss\u00e9e : 1 lit 160&#215;200, salle d&#8217;eau et WC priv\u00e9s<br \/>\n\u2022 Chambre 2 \u00e9tage : 1 lit 180&#215;200, terrasse privative<br \/>\n\u2022 Chambre 3 \u00e9tage : 1 lit 160&#215;200 et 1 lit 90&#215;190<br \/>\n\u2022 Chambre 4 \u00e9tage : 1 lit 140&#215;190 et 1 lit 90&#215;190<br \/>\nLe jardin clos et priv\u00e9 est am\u00e9nag\u00e9 pour profiter pleinement de l&#8217;ext\u00e9rieur, avec terrasse couverte, salon de jardin, brasero et plancha. La piscine privative (7 x 3 m, profondeur 1,10 m), accessible par une \u00e9chelle amovible et ouverte de juin \u00e0 septembre, offre un bel espace de d\u00e9tente. Le parking priv\u00e9 et couvert devant le g\u00eete facilite votre arriv\u00e9e.<br \/>\nVous appr\u00e9cierez enfin le s\u00e9jour climatis\u00e9 en<\/p>\n","protected":false},"excerpt":{"rendered":"<p>Au c\u0153ur du Carcassonnais, La Mirguette vous accueille \u00e0 Montr\u00e9al, un village perch\u00e9 qui domine les paysages vallonn\u00e9s de la campagne audoise. Vous profitez ici d&#8217;un emplacement privil\u00e9gi\u00e9 pour d\u00e9couvrir Carcassonne et sa cit\u00e9 m\u00e9di\u00e9vale, mais aussi Fanjeaux, haut lieu du patrimoine religieux, ou encore les rives paisibles du canal du Midi. Plus au sud, [&hellip;]<\/p>\n","protected":false},"author":1,"featured_media":263571,"comment_status":"closed","ping_status":"closed","sticky":false,"template":"","format":"standard","meta":{"_acf_changed":false,"footnotes":""},"categories":[47],"tags":[],"class_list":["post-263574","post","type-post","status-publish","format-standard","has-post-thumbnail","hentry","category-gites"],"acf":[],"yoast_head":"<!-- This site is optimized with the Yoast SEO plugin v26.8 - https:\/\/yoast.com\/product\/yoast-seo-wordpress\/ -->\n<title>LA MIRGUETTE G\u00eetes - Office De Tourisme Au C\u0153ur Des Collines Cathares<\/title>\n<meta name=\"description\" content=\"Au c\u0153ur du Carcassonnais, La Mirguette vous accueille \u00e0 Montr\u00e9al, un village perch\u00e9 qui domine les paysages vallonn\u00e9s de la campagne audoise. Vous G\u00eetes LA MIRGUETTE Situ\u00e9 \u00e0 Fanjeaux, nous vous proposons de d\u00e9couvrir notre territoire ! , Office De Tourisme Au C\u0153ur Des Collines Cathares\" \/>\n<meta name=\"robots\" content=\"index, follow, max-snippet:-1, max-image-preview:large, max-video-preview:-1\" \/>\n<link rel=\"canonical\" href=\"https:\/\/collinescathares.com\/en\/gites\/la-mirguette\/\" \/>\n<meta property=\"og:locale\" content=\"en_US\" \/>\n<meta property=\"og:type\" content=\"article\" \/>\n<meta property=\"og:title\" content=\"LA MIRGUETTE G\u00eetes - Office De Tourisme Au C\u0153ur Des Collines Cathares\" \/>\n<meta property=\"og:description\" content=\"Au c\u0153ur du Carcassonnais, La Mirguette vous accueille \u00e0 Montr\u00e9al, un village perch\u00e9 qui domine les paysages vallonn\u00e9s de la campagne audoise. Vous G\u00eetes LA MIRGUETTE Situ\u00e9 \u00e0 Fanjeaux, nous vous proposons de d\u00e9couvrir notre territoire ! , Office De Tourisme Au C\u0153ur Des Collines Cathares\" \/>\n<meta property=\"og:url\" content=\"https:\/\/collinescathares.com\/en\/gites\/la-mirguette\/\" \/>\n<meta property=\"og:site_name\" content=\"Office De Tourisme Au C\u0153ur Des Collines Cathares\" \/>\n<meta property=\"article:publisher\" content=\"https:\/\/www.facebook.com\/tourismelauragais\" \/>\n<meta property=\"article:published_time\" content=\"2026-03-31T08:15:26+00:00\" \/>\n<meta property=\"article:modified_time\" content=\"2026-04-29T08:14:53+00:00\" \/>\n<meta property=\"og:image\" content=\"https:\/\/collinescathares.com\/wp-content\/uploads\/2026\/03\/11G3654-1200.jpg\" \/>\n\t<meta property=\"og:image:width\" content=\"1200\" \/>\n\t<meta property=\"og:image:height\" content=\"876\" \/>\n\t<meta property=\"og:image:type\" content=\"image\/jpeg\" \/>\n<meta name=\"author\" content=\"adminreso\" \/>\n<meta name=\"twitter:card\" content=\"summary_large_image\" \/>\n<meta name=\"twitter:label1\" content=\"Written by\" \/>\n\t<meta name=\"twitter:data1\" content=\"adminreso\" \/>\n\t<meta name=\"twitter:label2\" content=\"Est. reading time\" \/>\n\t<meta name=\"twitter:data2\" content=\"2 minutes\" \/>\n<script type=\"application\/ld+json\" class=\"yoast-schema-graph\">{\"@context\":\"https:\/\/schema.org\",\"@graph\":[{\"@type\":\"Article\",\"@id\":\"https:\/\/collinescathares.com\/en\/gites\/la-mirguette\/#article\",\"isPartOf\":{\"@id\":\"https:\/\/collinescathares.com\/en\/gites\/la-mirguette\/\"},\"author\":{\"name\":\"adminreso\",\"@id\":\"https:\/\/collinescathares.com\/en\/#\/schema\/person\/599b8b6b8fd81d72e2a03b412201f661\"},\"headline\":\"LA MIRGUETTE\",\"datePublished\":\"2026-03-31T08:15:26+00:00\",\"dateModified\":\"2026-04-29T08:14:53+00:00\",\"mainEntityOfPage\":{\"@id\":\"https:\/\/collinescathares.com\/en\/gites\/la-mirguette\/\"},\"wordCount\":349,\"publisher\":{\"@id\":\"https:\/\/collinescathares.com\/en\/#organization\"},\"image\":{\"@id\":\"https:\/\/collinescathares.com\/en\/gites\/la-mirguette\/#primaryimage\"},\"thumbnailUrl\":\"https:\/\/collinescathares.com\/wp-content\/uploads\/2026\/03\/11G3654-1200.jpg\",\"articleSection\":[\"G\u00eetes\"],\"inLanguage\":\"en-US\"},{\"@type\":\"WebPage\",\"@id\":\"https:\/\/collinescathares.com\/en\/gites\/la-mirguette\/\",\"url\":\"https:\/\/collinescathares.com\/en\/gites\/la-mirguette\/\",\"name\":\"LA MIRGUETTE G\u00eetes - Office De Tourisme Au C\u0153ur Des Collines Cathares\",\"isPartOf\":{\"@id\":\"https:\/\/collinescathares.com\/en\/#website\"},\"primaryImageOfPage\":{\"@id\":\"https:\/\/collinescathares.com\/en\/gites\/la-mirguette\/#primaryimage\"},\"image\":{\"@id\":\"https:\/\/collinescathares.com\/en\/gites\/la-mirguette\/#primaryimage\"},\"thumbnailUrl\":\"https:\/\/collinescathares.com\/wp-content\/uploads\/2026\/03\/11G3654-1200.jpg\",\"datePublished\":\"2026-03-31T08:15:26+00:00\",\"dateModified\":\"2026-04-29T08:14:53+00:00\",\"description\":\"Au c\u0153ur du Carcassonnais, La Mirguette vous accueille \u00e0 Montr\u00e9al, un village perch\u00e9 qui domine les paysages vallonn\u00e9s de la campagne audoise. Vous G\u00eetes LA MIRGUETTE Situ\u00e9 \u00e0 Fanjeaux, nous vous proposons de d\u00e9couvrir notre territoire ! , Office De Tourisme Au C\u0153ur Des Collines Cathares\",\"breadcrumb\":{\"@id\":\"https:\/\/collinescathares.com\/en\/gites\/la-mirguette\/#breadcrumb\"},\"inLanguage\":\"en-US\",\"potentialAction\":[{\"@type\":\"ReadAction\",\"target\":[\"https:\/\/collinescathares.com\/en\/gites\/la-mirguette\/\"]}]},{\"@type\":\"ImageObject\",\"inLanguage\":\"en-US\",\"@id\":\"https:\/\/collinescathares.com\/en\/gites\/la-mirguette\/#primaryimage\",\"url\":\"https:\/\/collinescathares.com\/wp-content\/uploads\/2026\/03\/11G3654-1200.jpg\",\"contentUrl\":\"https:\/\/collinescathares.com\/wp-content\/uploads\/2026\/03\/11G3654-1200.jpg\",\"width\":1200,\"height\":876},{\"@type\":\"BreadcrumbList\",\"@id\":\"https:\/\/collinescathares.com\/en\/gites\/la-mirguette\/#breadcrumb\",\"itemListElement\":[{\"@type\":\"ListItem\",\"position\":1,\"name\":\"Home\",\"item\":\"https:\/\/collinescathares.com\/en\/home\/\"},{\"@type\":\"ListItem\",\"position\":2,\"name\":\"G\u00eetes\",\"item\":\"https:\/\/collinescathares.com\/category\/gites\/\"},{\"@type\":\"ListItem\",\"position\":3,\"name\":\"LA MIRGUETTE\"}]},{\"@type\":\"WebSite\",\"@id\":\"https:\/\/collinescathares.com\/en\/#website\",\"url\":\"https:\/\/collinescathares.com\/en\/\",\"name\":\"Office De Tourisme Au C\u0153ur Des Collines Cathares\",\"description\":\"Situ\u00e9 \u00e0 Fanjeaux, nous vous proposons de d\u00e9couvrir notre territoire !\",\"publisher\":{\"@id\":\"https:\/\/collinescathares.com\/en\/#organization\"},\"potentialAction\":[{\"@type\":\"SearchAction\",\"target\":{\"@type\":\"EntryPoint\",\"urlTemplate\":\"https:\/\/collinescathares.com\/en\/?s={search_term_string}\"},\"query-input\":{\"@type\":\"PropertyValueSpecification\",\"valueRequired\":true,\"valueName\":\"search_term_string\"}}],\"inLanguage\":\"en-US\"},{\"@type\":\"Organization\",\"@id\":\"https:\/\/collinescathares.com\/en\/#organization\",\"name\":\"Office de Tourisme Au C\u0153ur Des Collines Cathares\",\"url\":\"https:\/\/collinescathares.com\/en\/\",\"logo\":{\"@type\":\"ImageObject\",\"inLanguage\":\"en-US\",\"@id\":\"https:\/\/collinescathares.com\/en\/#\/schema\/logo\/image\/\",\"url\":\"https:\/\/collinescathares.com\/wp-content\/uploads\/2020\/06\/logo_Tourisme_lauragais-1.jpg\",\"contentUrl\":\"https:\/\/collinescathares.com\/wp-content\/uploads\/2020\/06\/logo_Tourisme_lauragais-1.jpg\",\"width\":209,\"height\":250,\"caption\":\"Office de Tourisme Au C\u0153ur Des Collines Cathares\"},\"image\":{\"@id\":\"https:\/\/collinescathares.com\/en\/#\/schema\/logo\/image\/\"},\"sameAs\":[\"https:\/\/www.facebook.com\/tourismelauragais\",\"https:\/\/www.instagram.com\/officetourismecollinescathares\/?hl=fr\",\"https:\/\/www.pinterest.fr\/oticollinescathares\/boards\/\"]},{\"@type\":\"Person\",\"@id\":\"https:\/\/collinescathares.com\/en\/#\/schema\/person\/599b8b6b8fd81d72e2a03b412201f661\",\"name\":\"adminreso\",\"image\":{\"@type\":\"ImageObject\",\"inLanguage\":\"en-US\",\"@id\":\"https:\/\/collinescathares.com\/en\/#\/schema\/person\/image\/\",\"url\":\"https:\/\/secure.gravatar.com\/avatar\/6a8a6fbe9df7c51e1f428a312af274a2?s=96&d=mm&r=g\",\"contentUrl\":\"https:\/\/secure.gravatar.com\/avatar\/6a8a6fbe9df7c51e1f428a312af274a2?s=96&d=mm&r=g\",\"caption\":\"adminreso\"},\"sameAs\":[\"http:\/\/collinescathares.com\/new\"]}]}<\/script>\n<!-- \/ Yoast SEO plugin. -->","yoast_head_json":{"title":"LA MIRGUETTE G\u00eetes - Office De Tourisme Au C\u0153ur Des Collines Cathares","description":"Au c\u0153ur du Carcassonnais, La Mirguette vous accueille \u00e0 Montr\u00e9al, un village perch\u00e9 qui domine les paysages vallonn\u00e9s de la campagne audoise. Vous G\u00eetes LA MIRGUETTE Situ\u00e9 \u00e0 Fanjeaux, nous vous proposons de d\u00e9couvrir notre territoire ! , Office De Tourisme Au C\u0153ur Des Collines Cathares","robots":{"index":"index","follow":"follow","max-snippet":"max-snippet:-1","max-image-preview":"max-image-preview:large","max-video-preview":"max-video-preview:-1"},"canonical":"https:\/\/collinescathares.com\/en\/gites\/la-mirguette\/","og_locale":"en_US","og_type":"article","og_title":"LA MIRGUETTE G\u00eetes - Office De Tourisme Au C\u0153ur Des Collines Cathares","og_description":"Au c\u0153ur du Carcassonnais, La Mirguette vous accueille \u00e0 Montr\u00e9al, un village perch\u00e9 qui domine les paysages vallonn\u00e9s de la campagne audoise. Vous G\u00eetes LA MIRGUETTE Situ\u00e9 \u00e0 Fanjeaux, nous vous proposons de d\u00e9couvrir notre territoire ! , Office De Tourisme Au C\u0153ur Des Collines Cathares","og_url":"https:\/\/collinescathares.com\/en\/gites\/la-mirguette\/","og_site_name":"Office De Tourisme Au C\u0153ur Des Collines Cathares","article_publisher":"https:\/\/www.facebook.com\/tourismelauragais","article_published_time":"2026-03-31T08:15:26+00:00","article_modified_time":"2026-04-29T08:14:53+00:00","og_image":[{"width":1200,"height":876,"url":"https:\/\/collinescathares.com\/wp-content\/uploads\/2026\/03\/11G3654-1200.jpg","type":"image\/jpeg"}],"author":"adminreso","twitter_card":"summary_large_image","twitter_misc":{"Written by":"adminreso","Est. reading time":"2 minutes"},"schema":{"@context":"https:\/\/schema.org","@graph":[{"@type":"Article","@id":"https:\/\/collinescathares.com\/en\/gites\/la-mirguette\/#article","isPartOf":{"@id":"https:\/\/collinescathares.com\/en\/gites\/la-mirguette\/"},"author":{"name":"adminreso","@id":"https:\/\/collinescathares.com\/en\/#\/schema\/person\/599b8b6b8fd81d72e2a03b412201f661"},"headline":"LA MIRGUETTE","datePublished":"2026-03-31T08:15:26+00:00","dateModified":"2026-04-29T08:14:53+00:00","mainEntityOfPage":{"@id":"https:\/\/collinescathares.com\/en\/gites\/la-mirguette\/"},"wordCount":349,"publisher":{"@id":"https:\/\/collinescathares.com\/en\/#organization"},"image":{"@id":"https:\/\/collinescathares.com\/en\/gites\/la-mirguette\/#primaryimage"},"thumbnailUrl":"https:\/\/collinescathares.com\/wp-content\/uploads\/2026\/03\/11G3654-1200.jpg","articleSection":["G\u00eetes"],"inLanguage":"en-US"},{"@type":"WebPage","@id":"https:\/\/collinescathares.com\/en\/gites\/la-mirguette\/","url":"https:\/\/collinescathares.com\/en\/gites\/la-mirguette\/","name":"LA MIRGUETTE G\u00eetes - Office De Tourisme Au C\u0153ur Des Collines Cathares","isPartOf":{"@id":"https:\/\/collinescathares.com\/en\/#website"},"primaryImageOfPage":{"@id":"https:\/\/collinescathares.com\/en\/gites\/la-mirguette\/#primaryimage"},"image":{"@id":"https:\/\/collinescathares.com\/en\/gites\/la-mirguette\/#primaryimage"},"thumbnailUrl":"https:\/\/collinescathares.com\/wp-content\/uploads\/2026\/03\/11G3654-1200.jpg","datePublished":"2026-03-31T08:15:26+00:00","dateModified":"2026-04-29T08:14:53+00:00","description":"Au c\u0153ur du Carcassonnais, La Mirguette vous accueille \u00e0 Montr\u00e9al, un village perch\u00e9 qui domine les paysages vallonn\u00e9s de la campagne audoise. Vous G\u00eetes LA MIRGUETTE Situ\u00e9 \u00e0 Fanjeaux, nous vous proposons de d\u00e9couvrir notre territoire ! , Office De Tourisme Au C\u0153ur Des Collines Cathares","breadcrumb":{"@id":"https:\/\/collinescathares.com\/en\/gites\/la-mirguette\/#breadcrumb"},"inLanguage":"en-US","potentialAction":[{"@type":"ReadAction","target":["https:\/\/collinescathares.com\/en\/gites\/la-mirguette\/"]}]},{"@type":"ImageObject","inLanguage":"en-US","@id":"https:\/\/collinescathares.com\/en\/gites\/la-mirguette\/#primaryimage","url":"https:\/\/collinescathares.com\/wp-content\/uploads\/2026\/03\/11G3654-1200.jpg","contentUrl":"https:\/\/collinescathares.com\/wp-content\/uploads\/2026\/03\/11G3654-1200.jpg","width":1200,"height":876},{"@type":"BreadcrumbList","@id":"https:\/\/collinescathares.com\/en\/gites\/la-mirguette\/#breadcrumb","itemListElement":[{"@type":"ListItem","position":1,"name":"Home","item":"https:\/\/collinescathares.com\/en\/home\/"},{"@type":"ListItem","position":2,"name":"G\u00eetes","item":"https:\/\/collinescathares.com\/category\/gites\/"},{"@type":"ListItem","position":3,"name":"LA MIRGUETTE"}]},{"@type":"WebSite","@id":"https:\/\/collinescathares.com\/en\/#website","url":"https:\/\/collinescathares.com\/en\/","name":"Office De Tourisme Au C\u0153ur Des Collines Cathares","description":"Situ\u00e9 \u00e0 Fanjeaux, nous vous proposons de d\u00e9couvrir notre territoire !","publisher":{"@id":"https:\/\/collinescathares.com\/en\/#organization"},"potentialAction":[{"@type":"SearchAction","target":{"@type":"EntryPoint","urlTemplate":"https:\/\/collinescathares.com\/en\/?s={search_term_string}"},"query-input":{"@type":"PropertyValueSpecification","valueRequired":true,"valueName":"search_term_string"}}],"inLanguage":"en-US"},{"@type":"Organization","@id":"https:\/\/collinescathares.com\/en\/#organization","name":"Office de Tourisme Au C\u0153ur Des Collines Cathares","url":"https:\/\/collinescathares.com\/en\/","logo":{"@type":"ImageObject","inLanguage":"en-US","@id":"https:\/\/collinescathares.com\/en\/#\/schema\/logo\/image\/","url":"https:\/\/collinescathares.com\/wp-content\/uploads\/2020\/06\/logo_Tourisme_lauragais-1.jpg","contentUrl":"https:\/\/collinescathares.com\/wp-content\/uploads\/2020\/06\/logo_Tourisme_lauragais-1.jpg","width":209,"height":250,"caption":"Office de Tourisme Au C\u0153ur Des Collines Cathares"},"image":{"@id":"https:\/\/collinescathares.com\/en\/#\/schema\/logo\/image\/"},"sameAs":["https:\/\/www.facebook.com\/tourismelauragais","https:\/\/www.instagram.com\/officetourismecollinescathares\/?hl=fr","https:\/\/www.pinterest.fr\/oticollinescathares\/boards\/"]},{"@type":"Person","@id":"https:\/\/collinescathares.com\/en\/#\/schema\/person\/599b8b6b8fd81d72e2a03b412201f661","name":"adminreso","image":{"@type":"ImageObject","inLanguage":"en-US","@id":"https:\/\/collinescathares.com\/en\/#\/schema\/person\/image\/","url":"https:\/\/secure.gravatar.com\/avatar\/6a8a6fbe9df7c51e1f428a312af274a2?s=96&d=mm&r=g","contentUrl":"https:\/\/secure.gravatar.com\/avatar\/6a8a6fbe9df7c51e1f428a312af274a2?s=96&d=mm&r=g","caption":"adminreso"},"sameAs":["http:\/\/collinescathares.com\/new"]}]}},"_links":{"self":[{"href":"https:\/\/collinescathares.com\/en\/wp-json\/wp\/v2\/posts\/263574","targetHints":{"allow":["GET"]}}],"collection":[{"href":"https:\/\/collinescathares.com\/en\/wp-json\/wp\/v2\/posts"}],"about":[{"href":"https:\/\/collinescathares.com\/en\/wp-json\/wp\/v2\/types\/post"}],"author":[{"embeddable":true,"href":"https:\/\/collinescathares.com\/en\/wp-json\/wp\/v2\/users\/1"}],"replies":[{"embeddable":true,"href":"https:\/\/collinescathares.com\/en\/wp-json\/wp\/v2\/comments?post=263574"}],"version-history":[{"count":1,"href":"https:\/\/collinescathares.com\/en\/wp-json\/wp\/v2\/posts\/263574\/revisions"}],"predecessor-version":[{"id":263606,"href":"https:\/\/collinescathares.com\/en\/wp-json\/wp\/v2\/posts\/263574\/revisions\/263606"}],"wp:featuredmedia":[{"embeddable":true,"href":"https:\/\/collinescathares.com\/en\/wp-json\/wp\/v2\/media\/263571"}],"wp:attachment":[{"href":"https:\/\/collinescathares.com\/en\/wp-json\/wp\/v2\/media?parent=263574"}],"wp:term":[{"taxonomy":"category","embeddable":true,"href":"https:\/\/collinescathares.com\/en\/wp-json\/wp\/v2\/categories?post=263574"},{"taxonomy":"post_tag","embeddable":true,"href":"https:\/\/collinescathares.com\/en\/wp-json\/wp\/v2\/tags?post=263574"}],"curies":[{"name":"wp","href":"https:\/\/api.w.org\/{rel}","templated":true}]}}