{"id":252163,"date":"2025-03-21T11:54:01","date_gmt":"2025-03-21T10:54:01","guid":{"rendered":"https:\/\/collinescathares.com\/?p=252163"},"modified":"2025-03-21T12:04:37","modified_gmt":"2025-03-21T11:04:37","slug":"bienvenue-a-manon","status":"publish","type":"post","link":"https:\/\/collinescathares.com\/es\/non-classifiee\/bienvenue-a-manon\/","title":{"rendered":"Bienvenue \u00e0 Manon"},"content":{"rendered":"<div class=\"xdj266r x11i5rnm xat24cr x1mh8g0r x1vvkbs x126k92a\">\n<div dir=\"auto\"><\/div>\n<div dir=\"auto\">Depuis la fin du mois de janvier et jusqu&#8217;\u00e0 mi-septembre, notre structure accueille Manon Froidevaux en contrat d\u2019apprentissage.<\/div>\n<div dir=\"auto\">Etudiante \u00e0 l&#8217;Ecole Sup\u00e9rieure de La Raque \u00e0 Lasbordes, dans la fili\u00e8re &#8220;D\u00e9veloppement de Projets, Territoires et R\u00e9seaux&#8221;, Manon vient renforcer l&#8217;\u00e9quipe de l&#8217;Office de Tourisme Intercommunal et travaille sur l&#8217;organisation d&#8217;un bel \u00e9v\u00e9nement tant festif que sportif : <a href=\"https:\/\/www.pyreneescathares.com\/sejourner\/s-organiser\/velocipedie-occitane-mirepoix-fr-5387665\/\">V\u00e9locip\u00e9die Occitane<\/a>.<\/div>\n<\/div>\n<div class=\"x11i5rnm xat24cr x1mh8g0r x1vvkbs xtlvy1s x126k92a\">\n<div dir=\"auto\"><\/div>\n<div dir=\"auto\">Pour la Communaut\u00e9 de Communes Pi\u00e8ge Lauragais Malep\u00e8re, ce recrutement a un double avantage :<\/div>\n<ul>\n<li dir=\"auto\">Favoriser l&#8217;insertion des jeunes dans le monde du travail en leur faisant confiance<\/li>\n<li dir=\"auto\">Nourrir la vision et renforcer l&#8217;\u00e9quipe de son Office de Tourisme<\/li>\n<\/ul>\n<\/div>\n<div class=\"x11i5rnm xat24cr x1mh8g0r x1vvkbs xtlvy1s x126k92a\">\n<div dir=\"auto\"><\/div>\n<div dir=\"auto\">En photo : Andr\u00e9 Viola, pr\u00e9sident de la Communaut\u00e9 de Communes Pi\u00e8ge Lauragais Malep\u00e8re, Estelle Vilespy, vice-pr\u00e9sidente d\u00e9l\u00e9gu\u00e9e au Tourisme, Sandra Gibellini, directrice de l&#8217;Office de Tourisme Intercommunal et Manon Froidevaux, \u00e9tudiante \u00e0 La Raque \u00e0 Lasbordes et alternante \u00e0 l&#8217;Office de Tourisme Intercommunal.<\/div>\n<\/div>\n","protected":false},"excerpt":{"rendered":"<p>Depuis la fin du mois de janvier et jusqu&#8217;\u00e0 mi-septembre, notre structure accueille Manon Froidevaux en contrat d\u2019apprentissage. Etudiante \u00e0 l&#8217;Ecole Sup\u00e9rieure de La Raque \u00e0 Lasbordes, dans la fili\u00e8re &#8220;D\u00e9veloppement de Projets, Territoires et R\u00e9seaux&#8221;, Manon vient renforcer l&#8217;\u00e9quipe de l&#8217;Office de Tourisme Intercommunal et travaille sur l&#8217;organisation d&#8217;un bel \u00e9v\u00e9nement tant festif que [&hellip;]<\/p>\n","protected":false},"author":3,"featured_media":252167,"comment_status":"closed","ping_status":"closed","sticky":false,"template":"","format":"standard","meta":{"_acf_changed":false,"footnotes":""},"categories":[1],"tags":[],"class_list":["post-252163","post","type-post","status-publish","format-standard","has-post-thumbnail","hentry","category-non-classifiee"],"acf":[],"yoast_head":"<!-- This site is optimized with the Yoast SEO plugin v26.8 - https:\/\/yoast.com\/product\/yoast-seo-wordpress\/ -->\n<title>Bienvenue \u00e0 Manon Actualit\u00e9s - Office De Tourisme Au C\u0153ur Des Collines Cathares<\/title>\n<meta name=\"description\" content=\"Depuis la fin du mois de janvier et jusqu&#039;\u00e0 mi-septembre, notre structure accueille Manon Froidevaux en contrat d\u2019apprentissage. Etudiante \u00e0 l&#039;Ecole Actualit\u00e9s Bienvenue \u00e0 Manon Situ\u00e9 \u00e0 Fanjeaux, nous vous proposons de d\u00e9couvrir notre territoire ! , Office De Tourisme Au C\u0153ur Des Collines Cathares\" \/>\n<meta name=\"robots\" content=\"index, follow, max-snippet:-1, max-image-preview:large, max-video-preview:-1\" \/>\n<link rel=\"canonical\" href=\"https:\/\/collinescathares.com\/es\/non-classifiee\/bienvenue-a-manon\/\" \/>\n<meta property=\"og:locale\" content=\"es_ES\" \/>\n<meta property=\"og:type\" content=\"article\" \/>\n<meta property=\"og:title\" content=\"Bienvenue \u00e0 Manon Actualit\u00e9s - Office De Tourisme Au C\u0153ur Des Collines Cathares\" \/>\n<meta property=\"og:description\" content=\"Depuis la fin du mois de janvier et jusqu&#039;\u00e0 mi-septembre, notre structure accueille Manon Froidevaux en contrat d\u2019apprentissage. Etudiante \u00e0 l&#039;Ecole Actualit\u00e9s Bienvenue \u00e0 Manon Situ\u00e9 \u00e0 Fanjeaux, nous vous proposons de d\u00e9couvrir notre territoire ! , Office De Tourisme Au C\u0153ur Des Collines Cathares\" \/>\n<meta property=\"og:url\" content=\"https:\/\/collinescathares.com\/es\/non-classifiee\/bienvenue-a-manon\/\" \/>\n<meta property=\"og:site_name\" content=\"Office De Tourisme Au C\u0153ur Des Collines Cathares\" \/>\n<meta property=\"article:publisher\" content=\"https:\/\/www.facebook.com\/tourismelauragais\" \/>\n<meta property=\"article:published_time\" content=\"2025-03-21T10:54:01+00:00\" \/>\n<meta property=\"article:modified_time\" content=\"2025-03-21T11:04:37+00:00\" \/>\n<meta property=\"og:image\" content=\"https:\/\/collinescathares.com\/wp-content\/uploads\/2025\/03\/arrivee-de-Manon-1.jpg\" \/>\n\t<meta property=\"og:image:width\" content=\"2048\" \/>\n\t<meta property=\"og:image:height\" content=\"1712\" \/>\n\t<meta property=\"og:image:type\" content=\"image\/jpeg\" \/>\n<meta name=\"author\" content=\"Lucas\" \/>\n<meta name=\"twitter:card\" content=\"summary_large_image\" \/>\n<meta name=\"twitter:label1\" content=\"Escrito por\" \/>\n\t<meta name=\"twitter:data1\" content=\"Lucas\" \/>\n\t<meta name=\"twitter:label2\" content=\"Tiempo de lectura\" \/>\n\t<meta name=\"twitter:data2\" content=\"1 minuto\" \/>\n<script type=\"application\/ld+json\" class=\"yoast-schema-graph\">{\"@context\":\"https:\/\/schema.org\",\"@graph\":[{\"@type\":\"Article\",\"@id\":\"https:\/\/collinescathares.com\/es\/non-classifiee\/bienvenue-a-manon\/#article\",\"isPartOf\":{\"@id\":\"https:\/\/collinescathares.com\/es\/non-classifiee\/bienvenue-a-manon\/\"},\"author\":{\"name\":\"Lucas\",\"@id\":\"https:\/\/collinescathares.com\/es\/#\/schema\/person\/e4aa9571a8db93d46cdda9c69796bca1\"},\"headline\":\"Bienvenue \u00e0 Manon\",\"datePublished\":\"2025-03-21T10:54:01+00:00\",\"dateModified\":\"2025-03-21T11:04:37+00:00\",\"mainEntityOfPage\":{\"@id\":\"https:\/\/collinescathares.com\/es\/non-classifiee\/bienvenue-a-manon\/\"},\"wordCount\":162,\"publisher\":{\"@id\":\"https:\/\/collinescathares.com\/es\/#organization\"},\"image\":{\"@id\":\"https:\/\/collinescathares.com\/es\/non-classifiee\/bienvenue-a-manon\/#primaryimage\"},\"thumbnailUrl\":\"https:\/\/collinescathares.com\/wp-content\/uploads\/2025\/03\/arrivee-de-Manon-1.jpg\",\"articleSection\":[\"Actualit\u00e9s\"],\"inLanguage\":\"es\"},{\"@type\":\"WebPage\",\"@id\":\"https:\/\/collinescathares.com\/es\/non-classifiee\/bienvenue-a-manon\/\",\"url\":\"https:\/\/collinescathares.com\/es\/non-classifiee\/bienvenue-a-manon\/\",\"name\":\"Bienvenue \u00e0 Manon Actualit\u00e9s - Office De Tourisme Au C\u0153ur Des Collines Cathares\",\"isPartOf\":{\"@id\":\"https:\/\/collinescathares.com\/es\/#website\"},\"primaryImageOfPage\":{\"@id\":\"https:\/\/collinescathares.com\/es\/non-classifiee\/bienvenue-a-manon\/#primaryimage\"},\"image\":{\"@id\":\"https:\/\/collinescathares.com\/es\/non-classifiee\/bienvenue-a-manon\/#primaryimage\"},\"thumbnailUrl\":\"https:\/\/collinescathares.com\/wp-content\/uploads\/2025\/03\/arrivee-de-Manon-1.jpg\",\"datePublished\":\"2025-03-21T10:54:01+00:00\",\"dateModified\":\"2025-03-21T11:04:37+00:00\",\"description\":\"Depuis la fin du mois de janvier et jusqu'\u00e0 mi-septembre, notre structure accueille Manon Froidevaux en contrat d\u2019apprentissage. Etudiante \u00e0 l'Ecole Actualit\u00e9s Bienvenue \u00e0 Manon Situ\u00e9 \u00e0 Fanjeaux, nous vous proposons de d\u00e9couvrir notre territoire ! , Office De Tourisme Au C\u0153ur Des Collines Cathares\",\"breadcrumb\":{\"@id\":\"https:\/\/collinescathares.com\/es\/non-classifiee\/bienvenue-a-manon\/#breadcrumb\"},\"inLanguage\":\"es\",\"potentialAction\":[{\"@type\":\"ReadAction\",\"target\":[\"https:\/\/collinescathares.com\/es\/non-classifiee\/bienvenue-a-manon\/\"]}]},{\"@type\":\"ImageObject\",\"inLanguage\":\"es\",\"@id\":\"https:\/\/collinescathares.com\/es\/non-classifiee\/bienvenue-a-manon\/#primaryimage\",\"url\":\"https:\/\/collinescathares.com\/wp-content\/uploads\/2025\/03\/arrivee-de-Manon-1.jpg\",\"contentUrl\":\"https:\/\/collinescathares.com\/wp-content\/uploads\/2025\/03\/arrivee-de-Manon-1.jpg\",\"width\":2048,\"height\":1712},{\"@type\":\"BreadcrumbList\",\"@id\":\"https:\/\/collinescathares.com\/es\/non-classifiee\/bienvenue-a-manon\/#breadcrumb\",\"itemListElement\":[{\"@type\":\"ListItem\",\"position\":1,\"name\":\"Inicio\",\"item\":\"https:\/\/collinescathares.com\/es\/\"},{\"@type\":\"ListItem\",\"position\":2,\"name\":\"Sin categorizar\",\"item\":\"https:\/\/collinescathares.com\/es\/category\/sin-categorizar\/\"},{\"@type\":\"ListItem\",\"position\":3,\"name\":\"Bienvenue \u00e0 Manon\"}]},{\"@type\":\"WebSite\",\"@id\":\"https:\/\/collinescathares.com\/es\/#website\",\"url\":\"https:\/\/collinescathares.com\/es\/\",\"name\":\"Office De Tourisme Au C\u0153ur Des Collines Cathares\",\"description\":\"Situ\u00e9 \u00e0 Fanjeaux, nous vous proposons de d\u00e9couvrir notre territoire !\",\"publisher\":{\"@id\":\"https:\/\/collinescathares.com\/es\/#organization\"},\"potentialAction\":[{\"@type\":\"SearchAction\",\"target\":{\"@type\":\"EntryPoint\",\"urlTemplate\":\"https:\/\/collinescathares.com\/es\/?s={search_term_string}\"},\"query-input\":{\"@type\":\"PropertyValueSpecification\",\"valueRequired\":true,\"valueName\":\"search_term_string\"}}],\"inLanguage\":\"es\"},{\"@type\":\"Organization\",\"@id\":\"https:\/\/collinescathares.com\/es\/#organization\",\"name\":\"Office de Tourisme Au C\u0153ur Des Collines Cathares\",\"url\":\"https:\/\/collinescathares.com\/es\/\",\"logo\":{\"@type\":\"ImageObject\",\"inLanguage\":\"es\",\"@id\":\"https:\/\/collinescathares.com\/es\/#\/schema\/logo\/image\/\",\"url\":\"https:\/\/collinescathares.com\/wp-content\/uploads\/2020\/06\/logo_Tourisme_lauragais-1.jpg\",\"contentUrl\":\"https:\/\/collinescathares.com\/wp-content\/uploads\/2020\/06\/logo_Tourisme_lauragais-1.jpg\",\"width\":209,\"height\":250,\"caption\":\"Office de Tourisme Au C\u0153ur Des Collines Cathares\"},\"image\":{\"@id\":\"https:\/\/collinescathares.com\/es\/#\/schema\/logo\/image\/\"},\"sameAs\":[\"https:\/\/www.facebook.com\/tourismelauragais\",\"https:\/\/www.instagram.com\/officetourismecollinescathares\/?hl=fr\",\"https:\/\/www.pinterest.fr\/oticollinescathares\/boards\/\"]},{\"@type\":\"Person\",\"@id\":\"https:\/\/collinescathares.com\/es\/#\/schema\/person\/e4aa9571a8db93d46cdda9c69796bca1\",\"name\":\"Lucas\",\"image\":{\"@type\":\"ImageObject\",\"inLanguage\":\"es\",\"@id\":\"https:\/\/collinescathares.com\/es\/#\/schema\/person\/image\/\",\"url\":\"https:\/\/secure.gravatar.com\/avatar\/9ef721ed45dac462cf338b120d9b12e9?s=96&d=mm&r=g\",\"contentUrl\":\"https:\/\/secure.gravatar.com\/avatar\/9ef721ed45dac462cf338b120d9b12e9?s=96&d=mm&r=g\",\"caption\":\"Lucas\"}}]}<\/script>\n<!-- \/ Yoast SEO plugin. -->","yoast_head_json":{"title":"Bienvenue \u00e0 Manon Actualit\u00e9s - Office De Tourisme Au C\u0153ur Des Collines Cathares","description":"Depuis la fin du mois de janvier et jusqu'\u00e0 mi-septembre, notre structure accueille Manon Froidevaux en contrat d\u2019apprentissage. Etudiante \u00e0 l'Ecole Actualit\u00e9s Bienvenue \u00e0 Manon Situ\u00e9 \u00e0 Fanjeaux, nous vous proposons de d\u00e9couvrir notre territoire ! , Office De Tourisme Au C\u0153ur Des Collines Cathares","robots":{"index":"index","follow":"follow","max-snippet":"max-snippet:-1","max-image-preview":"max-image-preview:large","max-video-preview":"max-video-preview:-1"},"canonical":"https:\/\/collinescathares.com\/es\/non-classifiee\/bienvenue-a-manon\/","og_locale":"es_ES","og_type":"article","og_title":"Bienvenue \u00e0 Manon Actualit\u00e9s - Office De Tourisme Au C\u0153ur Des Collines Cathares","og_description":"Depuis la fin du mois de janvier et jusqu'\u00e0 mi-septembre, notre structure accueille Manon Froidevaux en contrat d\u2019apprentissage. Etudiante \u00e0 l'Ecole Actualit\u00e9s Bienvenue \u00e0 Manon Situ\u00e9 \u00e0 Fanjeaux, nous vous proposons de d\u00e9couvrir notre territoire ! , Office De Tourisme Au C\u0153ur Des Collines Cathares","og_url":"https:\/\/collinescathares.com\/es\/non-classifiee\/bienvenue-a-manon\/","og_site_name":"Office De Tourisme Au C\u0153ur Des Collines Cathares","article_publisher":"https:\/\/www.facebook.com\/tourismelauragais","article_published_time":"2025-03-21T10:54:01+00:00","article_modified_time":"2025-03-21T11:04:37+00:00","og_image":[{"width":2048,"height":1712,"url":"https:\/\/collinescathares.com\/wp-content\/uploads\/2025\/03\/arrivee-de-Manon-1.jpg","type":"image\/jpeg"}],"author":"Lucas","twitter_card":"summary_large_image","twitter_misc":{"Escrito por":"Lucas","Tiempo de lectura":"1 minuto"},"schema":{"@context":"https:\/\/schema.org","@graph":[{"@type":"Article","@id":"https:\/\/collinescathares.com\/es\/non-classifiee\/bienvenue-a-manon\/#article","isPartOf":{"@id":"https:\/\/collinescathares.com\/es\/non-classifiee\/bienvenue-a-manon\/"},"author":{"name":"Lucas","@id":"https:\/\/collinescathares.com\/es\/#\/schema\/person\/e4aa9571a8db93d46cdda9c69796bca1"},"headline":"Bienvenue \u00e0 Manon","datePublished":"2025-03-21T10:54:01+00:00","dateModified":"2025-03-21T11:04:37+00:00","mainEntityOfPage":{"@id":"https:\/\/collinescathares.com\/es\/non-classifiee\/bienvenue-a-manon\/"},"wordCount":162,"publisher":{"@id":"https:\/\/collinescathares.com\/es\/#organization"},"image":{"@id":"https:\/\/collinescathares.com\/es\/non-classifiee\/bienvenue-a-manon\/#primaryimage"},"thumbnailUrl":"https:\/\/collinescathares.com\/wp-content\/uploads\/2025\/03\/arrivee-de-Manon-1.jpg","articleSection":["Actualit\u00e9s"],"inLanguage":"es"},{"@type":"WebPage","@id":"https:\/\/collinescathares.com\/es\/non-classifiee\/bienvenue-a-manon\/","url":"https:\/\/collinescathares.com\/es\/non-classifiee\/bienvenue-a-manon\/","name":"Bienvenue \u00e0 Manon Actualit\u00e9s - Office De Tourisme Au C\u0153ur Des Collines Cathares","isPartOf":{"@id":"https:\/\/collinescathares.com\/es\/#website"},"primaryImageOfPage":{"@id":"https:\/\/collinescathares.com\/es\/non-classifiee\/bienvenue-a-manon\/#primaryimage"},"image":{"@id":"https:\/\/collinescathares.com\/es\/non-classifiee\/bienvenue-a-manon\/#primaryimage"},"thumbnailUrl":"https:\/\/collinescathares.com\/wp-content\/uploads\/2025\/03\/arrivee-de-Manon-1.jpg","datePublished":"2025-03-21T10:54:01+00:00","dateModified":"2025-03-21T11:04:37+00:00","description":"Depuis la fin du mois de janvier et jusqu'\u00e0 mi-septembre, notre structure accueille Manon Froidevaux en contrat d\u2019apprentissage. Etudiante \u00e0 l'Ecole Actualit\u00e9s Bienvenue \u00e0 Manon Situ\u00e9 \u00e0 Fanjeaux, nous vous proposons de d\u00e9couvrir notre territoire ! , Office De Tourisme Au C\u0153ur Des Collines Cathares","breadcrumb":{"@id":"https:\/\/collinescathares.com\/es\/non-classifiee\/bienvenue-a-manon\/#breadcrumb"},"inLanguage":"es","potentialAction":[{"@type":"ReadAction","target":["https:\/\/collinescathares.com\/es\/non-classifiee\/bienvenue-a-manon\/"]}]},{"@type":"ImageObject","inLanguage":"es","@id":"https:\/\/collinescathares.com\/es\/non-classifiee\/bienvenue-a-manon\/#primaryimage","url":"https:\/\/collinescathares.com\/wp-content\/uploads\/2025\/03\/arrivee-de-Manon-1.jpg","contentUrl":"https:\/\/collinescathares.com\/wp-content\/uploads\/2025\/03\/arrivee-de-Manon-1.jpg","width":2048,"height":1712},{"@type":"BreadcrumbList","@id":"https:\/\/collinescathares.com\/es\/non-classifiee\/bienvenue-a-manon\/#breadcrumb","itemListElement":[{"@type":"ListItem","position":1,"name":"Inicio","item":"https:\/\/collinescathares.com\/es\/"},{"@type":"ListItem","position":2,"name":"Sin categorizar","item":"https:\/\/collinescathares.com\/es\/category\/sin-categorizar\/"},{"@type":"ListItem","position":3,"name":"Bienvenue \u00e0 Manon"}]},{"@type":"WebSite","@id":"https:\/\/collinescathares.com\/es\/#website","url":"https:\/\/collinescathares.com\/es\/","name":"Office De Tourisme Au C\u0153ur Des Collines Cathares","description":"Situ\u00e9 \u00e0 Fanjeaux, nous vous proposons de d\u00e9couvrir notre territoire !","publisher":{"@id":"https:\/\/collinescathares.com\/es\/#organization"},"potentialAction":[{"@type":"SearchAction","target":{"@type":"EntryPoint","urlTemplate":"https:\/\/collinescathares.com\/es\/?s={search_term_string}"},"query-input":{"@type":"PropertyValueSpecification","valueRequired":true,"valueName":"search_term_string"}}],"inLanguage":"es"},{"@type":"Organization","@id":"https:\/\/collinescathares.com\/es\/#organization","name":"Office de Tourisme Au C\u0153ur Des Collines Cathares","url":"https:\/\/collinescathares.com\/es\/","logo":{"@type":"ImageObject","inLanguage":"es","@id":"https:\/\/collinescathares.com\/es\/#\/schema\/logo\/image\/","url":"https:\/\/collinescathares.com\/wp-content\/uploads\/2020\/06\/logo_Tourisme_lauragais-1.jpg","contentUrl":"https:\/\/collinescathares.com\/wp-content\/uploads\/2020\/06\/logo_Tourisme_lauragais-1.jpg","width":209,"height":250,"caption":"Office de Tourisme Au C\u0153ur Des Collines Cathares"},"image":{"@id":"https:\/\/collinescathares.com\/es\/#\/schema\/logo\/image\/"},"sameAs":["https:\/\/www.facebook.com\/tourismelauragais","https:\/\/www.instagram.com\/officetourismecollinescathares\/?hl=fr","https:\/\/www.pinterest.fr\/oticollinescathares\/boards\/"]},{"@type":"Person","@id":"https:\/\/collinescathares.com\/es\/#\/schema\/person\/e4aa9571a8db93d46cdda9c69796bca1","name":"Lucas","image":{"@type":"ImageObject","inLanguage":"es","@id":"https:\/\/collinescathares.com\/es\/#\/schema\/person\/image\/","url":"https:\/\/secure.gravatar.com\/avatar\/9ef721ed45dac462cf338b120d9b12e9?s=96&d=mm&r=g","contentUrl":"https:\/\/secure.gravatar.com\/avatar\/9ef721ed45dac462cf338b120d9b12e9?s=96&d=mm&r=g","caption":"Lucas"}}]}},"_links":{"self":[{"href":"https:\/\/collinescathares.com\/es\/wp-json\/wp\/v2\/posts\/252163","targetHints":{"allow":["GET"]}}],"collection":[{"href":"https:\/\/collinescathares.com\/es\/wp-json\/wp\/v2\/posts"}],"about":[{"href":"https:\/\/collinescathares.com\/es\/wp-json\/wp\/v2\/types\/post"}],"author":[{"embeddable":true,"href":"https:\/\/collinescathares.com\/es\/wp-json\/wp\/v2\/users\/3"}],"replies":[{"embeddable":true,"href":"https:\/\/collinescathares.com\/es\/wp-json\/wp\/v2\/comments?post=252163"}],"version-history":[{"count":2,"href":"https:\/\/collinescathares.com\/es\/wp-json\/wp\/v2\/posts\/252163\/revisions"}],"predecessor-version":[{"id":252177,"href":"https:\/\/collinescathares.com\/es\/wp-json\/wp\/v2\/posts\/252163\/revisions\/252177"}],"wp:featuredmedia":[{"embeddable":true,"href":"https:\/\/collinescathares.com\/es\/wp-json\/wp\/v2\/media\/252167"}],"wp:attachment":[{"href":"https:\/\/collinescathares.com\/es\/wp-json\/wp\/v2\/media?parent=252163"}],"wp:term":[{"taxonomy":"category","embeddable":true,"href":"https:\/\/collinescathares.com\/es\/wp-json\/wp\/v2\/categories?post=252163"},{"taxonomy":"post_tag","embeddable":true,"href":"https:\/\/collinescathares.com\/es\/wp-json\/wp\/v2\/tags?post=252163"}],"curies":[{"name":"wp","href":"https:\/\/api.w.org\/{rel}","templated":true}]}}