{"id":252520,"date":"2025-04-10T00:11:41","date_gmt":"2025-04-09T22:11:41","guid":{"rendered":"https:\/\/collinescathares.com\/evenements-ponctuels\/faites-de-lart-2\/"},"modified":"2025-04-17T15:19:18","modified_gmt":"2025-04-17T13:19:18","slug":"faites-de-lart-2","status":"publish","type":"post","link":"https:\/\/collinescathares.com\/es\/evenements-ponctuels\/faites-de-lart-2\/","title":{"rendered":"FAITES DE L&#8217;ART"},"content":{"rendered":"<p>Le cercle culturel Montr\u00e9alais vous \u00e0 vivre la deuxi\u00e8me \u00e9dition de &#8220;Faites de l\u2019art&#8221;, une manifestation qui se d\u00e9roulera le weekend des 26 et 27 avril dans le cadre de la Journ\u00e9e mondiale de l\u2019Art, institu\u00e9e par l\u2019UNESCO.<\/p>\n<p>Au programme : des parcours sensibles et artistiques dans le village, \u00e0 la rencontre d\u2019exposants investis dans l\u2019expression artistique, la cr\u00e9ativit\u00e9 et l\u2019\u00e9change\u2026 <\/p>\n<p>&#8220;Faites de l\u2019art&#8221; r\u00e9unira ainsi une belle mixit\u00e9 de talents : arts visuels, arts et traditions populaires, arts vivants, m\u00e9diations culturelles, artisanat d\u2019art vont s\u2019inviter dans les rues et les ruelles.<br \/>\nIl y aura de la photographie, du land art, des performances, des installations, du street art, des expositions de peinture, de la calligraphie japonaise, des dessins, aquarelles, cr\u00e9ations textiles, costumes, de la musique, des visites d\u2019ateliers de plasticiens et bien d\u2019autres d\u00e9couvertes que vous pourrez appr\u00e9cier.<br \/>\nVernissage le samedi 26 avril, auberge en espagnole.<\/p>\n<p>Venez nombreux !<\/p>\n","protected":false},"excerpt":{"rendered":"<p>Le cercle culturel Montr\u00e9alais vous \u00e0 vivre la deuxi\u00e8me \u00e9dition de &#8220;Faites de l\u2019art&#8221;, une manifestation qui se d\u00e9roulera le weekend des 26 et 27 avril dans le cadre de la Journ\u00e9e mondiale de l\u2019Art, institu\u00e9e par l\u2019UNESCO. Au programme : des parcours sensibles et artistiques dans le village, \u00e0 la rencontre d\u2019exposants investis dans [&hellip;]<\/p>\n","protected":false},"author":1,"featured_media":252225,"comment_status":"closed","ping_status":"closed","sticky":false,"template":"","format":"standard","meta":{"_acf_changed":false,"footnotes":""},"categories":[48],"tags":[],"class_list":["post-252520","post","type-post","status-publish","format-standard","has-post-thumbnail","hentry","category-evenements-ponctuels"],"acf":[],"yoast_head":"<!-- This site is optimized with the Yoast SEO plugin v26.8 - https:\/\/yoast.com\/product\/yoast-seo-wordpress\/ -->\n<title>FAITES DE L&#039;ART Ev\u00e9nements ponctuels - Office De Tourisme Au C\u0153ur Des Collines Cathares<\/title>\n<meta name=\"description\" content=\"Le cercle culturel Montr\u00e9alais vous \u00e0 vivre la deuxi\u00e8me \u00e9dition de &quot;Faites de l\u2019art&quot;, une manifestation qui se d\u00e9roulera le weekend des 26 et 27 avril Ev\u00e9nements ponctuels FAITES DE L&#039;ART Situ\u00e9 \u00e0 Fanjeaux, nous vous proposons de d\u00e9couvrir notre territoire ! , Office De Tourisme Au C\u0153ur Des Collines Cathares\" \/>\n<meta name=\"robots\" content=\"index, follow, max-snippet:-1, max-image-preview:large, max-video-preview:-1\" \/>\n<link rel=\"canonical\" href=\"https:\/\/collinescathares.com\/es\/evenements-ponctuels\/faites-de-lart-2\/\" \/>\n<meta property=\"og:locale\" content=\"es_ES\" \/>\n<meta property=\"og:type\" content=\"article\" \/>\n<meta property=\"og:title\" content=\"FAITES DE L&#039;ART Ev\u00e9nements ponctuels - Office De Tourisme Au C\u0153ur Des Collines Cathares\" \/>\n<meta property=\"og:description\" content=\"Le cercle culturel Montr\u00e9alais vous \u00e0 vivre la deuxi\u00e8me \u00e9dition de &quot;Faites de l\u2019art&quot;, une manifestation qui se d\u00e9roulera le weekend des 26 et 27 avril Ev\u00e9nements ponctuels FAITES DE L&#039;ART Situ\u00e9 \u00e0 Fanjeaux, nous vous proposons de d\u00e9couvrir notre territoire ! , Office De Tourisme Au C\u0153ur Des Collines Cathares\" \/>\n<meta property=\"og:url\" content=\"https:\/\/collinescathares.com\/es\/evenements-ponctuels\/faites-de-lart-2\/\" \/>\n<meta property=\"og:site_name\" content=\"Office De Tourisme Au C\u0153ur Des Collines Cathares\" \/>\n<meta property=\"article:publisher\" content=\"https:\/\/www.facebook.com\/tourismelauragais\" \/>\n<meta property=\"article:published_time\" content=\"2025-04-09T22:11:41+00:00\" \/>\n<meta property=\"article:modified_time\" content=\"2025-04-17T13:19:18+00:00\" \/>\n<meta property=\"og:image\" content=\"https:\/\/collinescathares.com\/wp-content\/uploads\/2025\/03\/FAITES-DE-L-ART-2-2.jpg\" \/>\n\t<meta property=\"og:image:width\" content=\"1200\" \/>\n\t<meta property=\"og:image:height\" content=\"900\" \/>\n\t<meta property=\"og:image:type\" content=\"image\/jpeg\" \/>\n<meta name=\"author\" content=\"adminreso\" \/>\n<meta name=\"twitter:card\" content=\"summary_large_image\" \/>\n<meta name=\"twitter:label1\" content=\"Escrito por\" \/>\n\t<meta name=\"twitter:data1\" content=\"adminreso\" \/>\n\t<meta name=\"twitter:label2\" content=\"Tiempo de lectura\" \/>\n\t<meta name=\"twitter:data2\" content=\"1 minuto\" \/>\n<script type=\"application\/ld+json\" class=\"yoast-schema-graph\">{\"@context\":\"https:\/\/schema.org\",\"@graph\":[{\"@type\":\"Article\",\"@id\":\"https:\/\/collinescathares.com\/es\/evenements-ponctuels\/faites-de-lart-2\/#article\",\"isPartOf\":{\"@id\":\"https:\/\/collinescathares.com\/es\/evenements-ponctuels\/faites-de-lart-2\/\"},\"author\":{\"name\":\"adminreso\",\"@id\":\"https:\/\/collinescathares.com\/es\/#\/schema\/person\/599b8b6b8fd81d72e2a03b412201f661\"},\"headline\":\"FAITES DE L&#8217;ART\",\"datePublished\":\"2025-04-09T22:11:41+00:00\",\"dateModified\":\"2025-04-17T13:19:18+00:00\",\"mainEntityOfPage\":{\"@id\":\"https:\/\/collinescathares.com\/es\/evenements-ponctuels\/faites-de-lart-2\/\"},\"wordCount\":167,\"publisher\":{\"@id\":\"https:\/\/collinescathares.com\/es\/#organization\"},\"image\":{\"@id\":\"https:\/\/collinescathares.com\/es\/evenements-ponctuels\/faites-de-lart-2\/#primaryimage\"},\"thumbnailUrl\":\"https:\/\/collinescathares.com\/wp-content\/uploads\/2025\/03\/FAITES-DE-L-ART-2-2.jpg\",\"articleSection\":[\"Ev\u00e9nements ponctuels\"],\"inLanguage\":\"es\"},{\"@type\":\"WebPage\",\"@id\":\"https:\/\/collinescathares.com\/es\/evenements-ponctuels\/faites-de-lart-2\/\",\"url\":\"https:\/\/collinescathares.com\/es\/evenements-ponctuels\/faites-de-lart-2\/\",\"name\":\"FAITES DE L'ART Ev\u00e9nements ponctuels - Office De Tourisme Au C\u0153ur Des Collines Cathares\",\"isPartOf\":{\"@id\":\"https:\/\/collinescathares.com\/es\/#website\"},\"primaryImageOfPage\":{\"@id\":\"https:\/\/collinescathares.com\/es\/evenements-ponctuels\/faites-de-lart-2\/#primaryimage\"},\"image\":{\"@id\":\"https:\/\/collinescathares.com\/es\/evenements-ponctuels\/faites-de-lart-2\/#primaryimage\"},\"thumbnailUrl\":\"https:\/\/collinescathares.com\/wp-content\/uploads\/2025\/03\/FAITES-DE-L-ART-2-2.jpg\",\"datePublished\":\"2025-04-09T22:11:41+00:00\",\"dateModified\":\"2025-04-17T13:19:18+00:00\",\"description\":\"Le cercle culturel Montr\u00e9alais vous \u00e0 vivre la deuxi\u00e8me \u00e9dition de \\\"Faites de l\u2019art\\\", une manifestation qui se d\u00e9roulera le weekend des 26 et 27 avril Ev\u00e9nements ponctuels FAITES DE L'ART Situ\u00e9 \u00e0 Fanjeaux, nous vous proposons de d\u00e9couvrir notre territoire ! , Office De Tourisme Au C\u0153ur Des Collines Cathares\",\"breadcrumb\":{\"@id\":\"https:\/\/collinescathares.com\/es\/evenements-ponctuels\/faites-de-lart-2\/#breadcrumb\"},\"inLanguage\":\"es\",\"potentialAction\":[{\"@type\":\"ReadAction\",\"target\":[\"https:\/\/collinescathares.com\/es\/evenements-ponctuels\/faites-de-lart-2\/\"]}]},{\"@type\":\"ImageObject\",\"inLanguage\":\"es\",\"@id\":\"https:\/\/collinescathares.com\/es\/evenements-ponctuels\/faites-de-lart-2\/#primaryimage\",\"url\":\"https:\/\/collinescathares.com\/wp-content\/uploads\/2025\/03\/FAITES-DE-L-ART-2-2.jpg\",\"contentUrl\":\"https:\/\/collinescathares.com\/wp-content\/uploads\/2025\/03\/FAITES-DE-L-ART-2-2.jpg\",\"width\":1200,\"height\":900},{\"@type\":\"BreadcrumbList\",\"@id\":\"https:\/\/collinescathares.com\/es\/evenements-ponctuels\/faites-de-lart-2\/#breadcrumb\",\"itemListElement\":[{\"@type\":\"ListItem\",\"position\":1,\"name\":\"Inicio\",\"item\":\"https:\/\/collinescathares.com\/es\/\"},{\"@type\":\"ListItem\",\"position\":2,\"name\":\"Ev\u00e9nements ponctuels\",\"item\":\"https:\/\/collinescathares.com\/category\/evenements-ponctuels\/\"},{\"@type\":\"ListItem\",\"position\":3,\"name\":\"FAITES DE L&#8217;ART\"}]},{\"@type\":\"WebSite\",\"@id\":\"https:\/\/collinescathares.com\/es\/#website\",\"url\":\"https:\/\/collinescathares.com\/es\/\",\"name\":\"Office De Tourisme Au C\u0153ur Des Collines Cathares\",\"description\":\"Situ\u00e9 \u00e0 Fanjeaux, nous vous proposons de d\u00e9couvrir notre territoire !\",\"publisher\":{\"@id\":\"https:\/\/collinescathares.com\/es\/#organization\"},\"potentialAction\":[{\"@type\":\"SearchAction\",\"target\":{\"@type\":\"EntryPoint\",\"urlTemplate\":\"https:\/\/collinescathares.com\/es\/?s={search_term_string}\"},\"query-input\":{\"@type\":\"PropertyValueSpecification\",\"valueRequired\":true,\"valueName\":\"search_term_string\"}}],\"inLanguage\":\"es\"},{\"@type\":\"Organization\",\"@id\":\"https:\/\/collinescathares.com\/es\/#organization\",\"name\":\"Office de Tourisme Au C\u0153ur Des Collines Cathares\",\"url\":\"https:\/\/collinescathares.com\/es\/\",\"logo\":{\"@type\":\"ImageObject\",\"inLanguage\":\"es\",\"@id\":\"https:\/\/collinescathares.com\/es\/#\/schema\/logo\/image\/\",\"url\":\"https:\/\/collinescathares.com\/wp-content\/uploads\/2020\/06\/logo_Tourisme_lauragais-1.jpg\",\"contentUrl\":\"https:\/\/collinescathares.com\/wp-content\/uploads\/2020\/06\/logo_Tourisme_lauragais-1.jpg\",\"width\":209,\"height\":250,\"caption\":\"Office de Tourisme Au C\u0153ur Des Collines Cathares\"},\"image\":{\"@id\":\"https:\/\/collinescathares.com\/es\/#\/schema\/logo\/image\/\"},\"sameAs\":[\"https:\/\/www.facebook.com\/tourismelauragais\",\"https:\/\/www.instagram.com\/officetourismecollinescathares\/?hl=fr\",\"https:\/\/www.pinterest.fr\/oticollinescathares\/boards\/\"]},{\"@type\":\"Person\",\"@id\":\"https:\/\/collinescathares.com\/es\/#\/schema\/person\/599b8b6b8fd81d72e2a03b412201f661\",\"name\":\"adminreso\",\"image\":{\"@type\":\"ImageObject\",\"inLanguage\":\"es\",\"@id\":\"https:\/\/collinescathares.com\/es\/#\/schema\/person\/image\/\",\"url\":\"https:\/\/secure.gravatar.com\/avatar\/6a8a6fbe9df7c51e1f428a312af274a2?s=96&d=mm&r=g\",\"contentUrl\":\"https:\/\/secure.gravatar.com\/avatar\/6a8a6fbe9df7c51e1f428a312af274a2?s=96&d=mm&r=g\",\"caption\":\"adminreso\"},\"sameAs\":[\"http:\/\/collinescathares.com\/new\"]}]}<\/script>\n<!-- \/ Yoast SEO plugin. -->","yoast_head_json":{"title":"FAITES DE L'ART Ev\u00e9nements ponctuels - Office De Tourisme Au C\u0153ur Des Collines Cathares","description":"Le cercle culturel Montr\u00e9alais vous \u00e0 vivre la deuxi\u00e8me \u00e9dition de \"Faites de l\u2019art\", une manifestation qui se d\u00e9roulera le weekend des 26 et 27 avril Ev\u00e9nements ponctuels FAITES DE L'ART Situ\u00e9 \u00e0 Fanjeaux, nous vous proposons de d\u00e9couvrir notre territoire ! , Office De Tourisme Au C\u0153ur Des Collines Cathares","robots":{"index":"index","follow":"follow","max-snippet":"max-snippet:-1","max-image-preview":"max-image-preview:large","max-video-preview":"max-video-preview:-1"},"canonical":"https:\/\/collinescathares.com\/es\/evenements-ponctuels\/faites-de-lart-2\/","og_locale":"es_ES","og_type":"article","og_title":"FAITES DE L'ART Ev\u00e9nements ponctuels - Office De Tourisme Au C\u0153ur Des Collines Cathares","og_description":"Le cercle culturel Montr\u00e9alais vous \u00e0 vivre la deuxi\u00e8me \u00e9dition de \"Faites de l\u2019art\", une manifestation qui se d\u00e9roulera le weekend des 26 et 27 avril Ev\u00e9nements ponctuels FAITES DE L'ART Situ\u00e9 \u00e0 Fanjeaux, nous vous proposons de d\u00e9couvrir notre territoire ! , Office De Tourisme Au C\u0153ur Des Collines Cathares","og_url":"https:\/\/collinescathares.com\/es\/evenements-ponctuels\/faites-de-lart-2\/","og_site_name":"Office De Tourisme Au C\u0153ur Des Collines Cathares","article_publisher":"https:\/\/www.facebook.com\/tourismelauragais","article_published_time":"2025-04-09T22:11:41+00:00","article_modified_time":"2025-04-17T13:19:18+00:00","og_image":[{"width":1200,"height":900,"url":"https:\/\/collinescathares.com\/wp-content\/uploads\/2025\/03\/FAITES-DE-L-ART-2-2.jpg","type":"image\/jpeg"}],"author":"adminreso","twitter_card":"summary_large_image","twitter_misc":{"Escrito por":"adminreso","Tiempo de lectura":"1 minuto"},"schema":{"@context":"https:\/\/schema.org","@graph":[{"@type":"Article","@id":"https:\/\/collinescathares.com\/es\/evenements-ponctuels\/faites-de-lart-2\/#article","isPartOf":{"@id":"https:\/\/collinescathares.com\/es\/evenements-ponctuels\/faites-de-lart-2\/"},"author":{"name":"adminreso","@id":"https:\/\/collinescathares.com\/es\/#\/schema\/person\/599b8b6b8fd81d72e2a03b412201f661"},"headline":"FAITES DE L&#8217;ART","datePublished":"2025-04-09T22:11:41+00:00","dateModified":"2025-04-17T13:19:18+00:00","mainEntityOfPage":{"@id":"https:\/\/collinescathares.com\/es\/evenements-ponctuels\/faites-de-lart-2\/"},"wordCount":167,"publisher":{"@id":"https:\/\/collinescathares.com\/es\/#organization"},"image":{"@id":"https:\/\/collinescathares.com\/es\/evenements-ponctuels\/faites-de-lart-2\/#primaryimage"},"thumbnailUrl":"https:\/\/collinescathares.com\/wp-content\/uploads\/2025\/03\/FAITES-DE-L-ART-2-2.jpg","articleSection":["Ev\u00e9nements ponctuels"],"inLanguage":"es"},{"@type":"WebPage","@id":"https:\/\/collinescathares.com\/es\/evenements-ponctuels\/faites-de-lart-2\/","url":"https:\/\/collinescathares.com\/es\/evenements-ponctuels\/faites-de-lart-2\/","name":"FAITES DE L'ART Ev\u00e9nements ponctuels - Office De Tourisme Au C\u0153ur Des Collines Cathares","isPartOf":{"@id":"https:\/\/collinescathares.com\/es\/#website"},"primaryImageOfPage":{"@id":"https:\/\/collinescathares.com\/es\/evenements-ponctuels\/faites-de-lart-2\/#primaryimage"},"image":{"@id":"https:\/\/collinescathares.com\/es\/evenements-ponctuels\/faites-de-lart-2\/#primaryimage"},"thumbnailUrl":"https:\/\/collinescathares.com\/wp-content\/uploads\/2025\/03\/FAITES-DE-L-ART-2-2.jpg","datePublished":"2025-04-09T22:11:41+00:00","dateModified":"2025-04-17T13:19:18+00:00","description":"Le cercle culturel Montr\u00e9alais vous \u00e0 vivre la deuxi\u00e8me \u00e9dition de \"Faites de l\u2019art\", une manifestation qui se d\u00e9roulera le weekend des 26 et 27 avril Ev\u00e9nements ponctuels FAITES DE L'ART Situ\u00e9 \u00e0 Fanjeaux, nous vous proposons de d\u00e9couvrir notre territoire ! , Office De Tourisme Au C\u0153ur Des Collines Cathares","breadcrumb":{"@id":"https:\/\/collinescathares.com\/es\/evenements-ponctuels\/faites-de-lart-2\/#breadcrumb"},"inLanguage":"es","potentialAction":[{"@type":"ReadAction","target":["https:\/\/collinescathares.com\/es\/evenements-ponctuels\/faites-de-lart-2\/"]}]},{"@type":"ImageObject","inLanguage":"es","@id":"https:\/\/collinescathares.com\/es\/evenements-ponctuels\/faites-de-lart-2\/#primaryimage","url":"https:\/\/collinescathares.com\/wp-content\/uploads\/2025\/03\/FAITES-DE-L-ART-2-2.jpg","contentUrl":"https:\/\/collinescathares.com\/wp-content\/uploads\/2025\/03\/FAITES-DE-L-ART-2-2.jpg","width":1200,"height":900},{"@type":"BreadcrumbList","@id":"https:\/\/collinescathares.com\/es\/evenements-ponctuels\/faites-de-lart-2\/#breadcrumb","itemListElement":[{"@type":"ListItem","position":1,"name":"Inicio","item":"https:\/\/collinescathares.com\/es\/"},{"@type":"ListItem","position":2,"name":"Ev\u00e9nements ponctuels","item":"https:\/\/collinescathares.com\/category\/evenements-ponctuels\/"},{"@type":"ListItem","position":3,"name":"FAITES DE L&#8217;ART"}]},{"@type":"WebSite","@id":"https:\/\/collinescathares.com\/es\/#website","url":"https:\/\/collinescathares.com\/es\/","name":"Office De Tourisme Au C\u0153ur Des Collines Cathares","description":"Situ\u00e9 \u00e0 Fanjeaux, nous vous proposons de d\u00e9couvrir notre territoire !","publisher":{"@id":"https:\/\/collinescathares.com\/es\/#organization"},"potentialAction":[{"@type":"SearchAction","target":{"@type":"EntryPoint","urlTemplate":"https:\/\/collinescathares.com\/es\/?s={search_term_string}"},"query-input":{"@type":"PropertyValueSpecification","valueRequired":true,"valueName":"search_term_string"}}],"inLanguage":"es"},{"@type":"Organization","@id":"https:\/\/collinescathares.com\/es\/#organization","name":"Office de Tourisme Au C\u0153ur Des Collines Cathares","url":"https:\/\/collinescathares.com\/es\/","logo":{"@type":"ImageObject","inLanguage":"es","@id":"https:\/\/collinescathares.com\/es\/#\/schema\/logo\/image\/","url":"https:\/\/collinescathares.com\/wp-content\/uploads\/2020\/06\/logo_Tourisme_lauragais-1.jpg","contentUrl":"https:\/\/collinescathares.com\/wp-content\/uploads\/2020\/06\/logo_Tourisme_lauragais-1.jpg","width":209,"height":250,"caption":"Office de Tourisme Au C\u0153ur Des Collines Cathares"},"image":{"@id":"https:\/\/collinescathares.com\/es\/#\/schema\/logo\/image\/"},"sameAs":["https:\/\/www.facebook.com\/tourismelauragais","https:\/\/www.instagram.com\/officetourismecollinescathares\/?hl=fr","https:\/\/www.pinterest.fr\/oticollinescathares\/boards\/"]},{"@type":"Person","@id":"https:\/\/collinescathares.com\/es\/#\/schema\/person\/599b8b6b8fd81d72e2a03b412201f661","name":"adminreso","image":{"@type":"ImageObject","inLanguage":"es","@id":"https:\/\/collinescathares.com\/es\/#\/schema\/person\/image\/","url":"https:\/\/secure.gravatar.com\/avatar\/6a8a6fbe9df7c51e1f428a312af274a2?s=96&d=mm&r=g","contentUrl":"https:\/\/secure.gravatar.com\/avatar\/6a8a6fbe9df7c51e1f428a312af274a2?s=96&d=mm&r=g","caption":"adminreso"},"sameAs":["http:\/\/collinescathares.com\/new"]}]}},"_links":{"self":[{"href":"https:\/\/collinescathares.com\/es\/wp-json\/wp\/v2\/posts\/252520","targetHints":{"allow":["GET"]}}],"collection":[{"href":"https:\/\/collinescathares.com\/es\/wp-json\/wp\/v2\/posts"}],"about":[{"href":"https:\/\/collinescathares.com\/es\/wp-json\/wp\/v2\/types\/post"}],"author":[{"embeddable":true,"href":"https:\/\/collinescathares.com\/es\/wp-json\/wp\/v2\/users\/1"}],"replies":[{"embeddable":true,"href":"https:\/\/collinescathares.com\/es\/wp-json\/wp\/v2\/comments?post=252520"}],"version-history":[{"count":1,"href":"https:\/\/collinescathares.com\/es\/wp-json\/wp\/v2\/posts\/252520\/revisions"}],"predecessor-version":[{"id":252971,"href":"https:\/\/collinescathares.com\/es\/wp-json\/wp\/v2\/posts\/252520\/revisions\/252971"}],"wp:featuredmedia":[{"embeddable":true,"href":"https:\/\/collinescathares.com\/es\/wp-json\/wp\/v2\/media\/252225"}],"wp:attachment":[{"href":"https:\/\/collinescathares.com\/es\/wp-json\/wp\/v2\/media?parent=252520"}],"wp:term":[{"taxonomy":"category","embeddable":true,"href":"https:\/\/collinescathares.com\/es\/wp-json\/wp\/v2\/categories?post=252520"},{"taxonomy":"post_tag","embeddable":true,"href":"https:\/\/collinescathares.com\/es\/wp-json\/wp\/v2\/tags?post=252520"}],"curies":[{"name":"wp","href":"https:\/\/api.w.org\/{rel}","templated":true}]}}