{"id":253562,"date":"2025-05-26T16:46:41","date_gmt":"2025-05-26T14:46:41","guid":{"rendered":"https:\/\/collinescathares.com\/evenements-ponctuels\/60eme-colloque-de-fanjeaux-4\/"},"modified":"2025-05-26T16:46:41","modified_gmt":"2025-05-26T14:46:41","slug":"60eme-colloque-de-fanjeaux-4","status":"publish","type":"post","link":"https:\/\/collinescathares.com\/es\/evenements-ponctuels\/60eme-colloque-de-fanjeaux-4\/","title":{"rendered":"60\u00c8ME COLLOQUE DE FANJEAUX"},"content":{"rendered":"<p>Le programme du 60\u00e8me colloque de Fanjeaux sur le th\u00e8me de &#8220;L&#8217;\u00e9piscopat du Midi : gouverner un peuple chr\u00e9tien (XIIe-XIVe si\u00e8cle)&#8221; organis\u00e9 par le Centre d&#8217;\u00e9tudes historiques de Fanjeaux du 07 au 10 juillet 2025 :<\/p>\n<p>Jeudi 10 juillet : Suite de la quatri\u00e8me partie du colloque<br \/>\n&#8211; 9h : Corinne Leveleux-Teixera (Universit\u00e9 d\u2019Orl\u00e9ans et EPHE), Pouvoir et juridiction de l\u2019\u00e9v\u00eaque au travers de l\u2019Inventarium juris canonici de B\u00e9renger Fredol.<br \/>\n&#8211; 9h45 : Francesco Lo Faro (Universit\u00e9 Jean Monnet, UMR LEM-CERCOR), Le Tractatus fidei contra diversos errores de Beno\u00eet d\u2019Alignan, \u00e9v\u00eaque de Marseille.<br \/>\n&#8211; 10h30 : Morgane Fortin (Universit\u00e9 Paris Nanterre et Universit\u00e9 h\u00e9bra\u00efque de J\u00e9rusalem), Prot\u00e9ger les juifs, pr\u00e9server la christianitas : les \u00e9v\u00eaques du Toulousain et les juifs autour de l\u2019an 1200.<br \/>\n&#8211; 11h30 : Conclusion du colloque, Rolf Grosse (directeur honoraire des \u00e9tudes m\u00e9di\u00e9vales \u00e0 l\u2019Institut historique allemand, Paris).<\/p>\n<p>Ouvert \u00e0 tous. Sur inscription, en ligne ou au 04 68 24 70 02.<\/p>\n","protected":false},"excerpt":{"rendered":"<p>Le programme du 60\u00e8me colloque de Fanjeaux sur le th\u00e8me de &#8220;L&#8217;\u00e9piscopat du Midi : gouverner un peuple chr\u00e9tien (XIIe-XIVe si\u00e8cle)&#8221; organis\u00e9 par le Centre d&#8217;\u00e9tudes historiques de Fanjeaux du 07 au 10 juillet 2025 : Jeudi 10 juillet : Suite de la quatri\u00e8me partie du colloque &#8211; 9h : Corinne Leveleux-Teixera (Universit\u00e9 d\u2019Orl\u00e9ans et [&hellip;]<\/p>\n","protected":false},"author":1,"featured_media":253451,"comment_status":"closed","ping_status":"closed","sticky":false,"template":"","format":"standard","meta":{"_acf_changed":false,"footnotes":""},"categories":[48],"tags":[],"class_list":["post-253562","post","type-post","status-publish","format-standard","has-post-thumbnail","hentry","category-evenements-ponctuels"],"acf":[],"yoast_head":"<!-- This site is optimized with the Yoast SEO plugin v26.8 - https:\/\/yoast.com\/product\/yoast-seo-wordpress\/ -->\n<title>60\u00c8ME COLLOQUE DE FANJEAUX Ev\u00e9nements ponctuels - Office De Tourisme Au C\u0153ur Des Collines Cathares<\/title>\n<meta name=\"description\" content=\"Le programme du 60\u00e8me colloque de Fanjeaux sur le th\u00e8me de &quot;L&#039;\u00e9piscopat du Midi : gouverner un peuple chr\u00e9tien (XIIe-XIVe si\u00e8cle)&quot; organis\u00e9 par le Centre Ev\u00e9nements ponctuels 60\u00c8ME COLLOQUE DE FANJEAUX Situ\u00e9 \u00e0 Fanjeaux, nous vous proposons de d\u00e9couvrir notre territoire ! , Office De Tourisme Au C\u0153ur Des Collines Cathares\" \/>\n<meta name=\"robots\" content=\"index, follow, max-snippet:-1, max-image-preview:large, max-video-preview:-1\" \/>\n<link rel=\"canonical\" href=\"https:\/\/collinescathares.com\/es\/evenements-ponctuels\/60eme-colloque-de-fanjeaux-4\/\" \/>\n<meta property=\"og:locale\" content=\"es_ES\" \/>\n<meta property=\"og:type\" content=\"article\" \/>\n<meta property=\"og:title\" content=\"60\u00c8ME COLLOQUE DE FANJEAUX Ev\u00e9nements ponctuels - Office De Tourisme Au C\u0153ur Des Collines Cathares\" \/>\n<meta property=\"og:description\" content=\"Le programme du 60\u00e8me colloque de Fanjeaux sur le th\u00e8me de &quot;L&#039;\u00e9piscopat du Midi : gouverner un peuple chr\u00e9tien (XIIe-XIVe si\u00e8cle)&quot; organis\u00e9 par le Centre Ev\u00e9nements ponctuels 60\u00c8ME COLLOQUE DE FANJEAUX Situ\u00e9 \u00e0 Fanjeaux, nous vous proposons de d\u00e9couvrir notre territoire ! , Office De Tourisme Au C\u0153ur Des Collines Cathares\" \/>\n<meta property=\"og:url\" content=\"https:\/\/collinescathares.com\/es\/evenements-ponctuels\/60eme-colloque-de-fanjeaux-4\/\" \/>\n<meta property=\"og:site_name\" content=\"Office De Tourisme Au C\u0153ur Des Collines Cathares\" \/>\n<meta property=\"article:publisher\" content=\"https:\/\/www.facebook.com\/tourismelauragais\" \/>\n<meta property=\"article:published_time\" content=\"2025-05-26T14:46:41+00:00\" \/>\n<meta property=\"og:image\" content=\"https:\/\/collinescathares.com\/wp-content\/uploads\/2020\/06\/logo_Tourisme_lauragais.jpg\" \/>\n\t<meta property=\"og:image:width\" content=\"211\" \/>\n\t<meta property=\"og:image:height\" content=\"250\" \/>\n\t<meta property=\"og:image:type\" content=\"image\/jpeg\" \/>\n<meta name=\"author\" content=\"adminreso\" \/>\n<meta name=\"twitter:card\" content=\"summary_large_image\" \/>\n<meta name=\"twitter:label1\" content=\"Escrito por\" \/>\n\t<meta name=\"twitter:data1\" content=\"adminreso\" \/>\n\t<meta name=\"twitter:label2\" content=\"Tiempo de lectura\" \/>\n\t<meta name=\"twitter:data2\" content=\"1 minuto\" \/>\n<script type=\"application\/ld+json\" class=\"yoast-schema-graph\">{\"@context\":\"https:\/\/schema.org\",\"@graph\":[{\"@type\":\"Article\",\"@id\":\"https:\/\/collinescathares.com\/es\/evenements-ponctuels\/60eme-colloque-de-fanjeaux-4\/#article\",\"isPartOf\":{\"@id\":\"https:\/\/collinescathares.com\/es\/evenements-ponctuels\/60eme-colloque-de-fanjeaux-4\/\"},\"author\":{\"name\":\"adminreso\",\"@id\":\"https:\/\/collinescathares.com\/es\/#\/schema\/person\/599b8b6b8fd81d72e2a03b412201f661\"},\"headline\":\"60\u00c8ME COLLOQUE DE FANJEAUX\",\"datePublished\":\"2025-05-26T14:46:41+00:00\",\"mainEntityOfPage\":{\"@id\":\"https:\/\/collinescathares.com\/es\/evenements-ponctuels\/60eme-colloque-de-fanjeaux-4\/\"},\"wordCount\":165,\"publisher\":{\"@id\":\"https:\/\/collinescathares.com\/es\/#organization\"},\"image\":{\"@id\":\"https:\/\/collinescathares.com\/es\/evenements-ponctuels\/60eme-colloque-de-fanjeaux-4\/#primaryimage\"},\"thumbnailUrl\":\"https:\/\/collinescathares.com\/wp-content\/uploads\/2025\/05\/60EME-COLLOQUE-DE-FANJEAUX-2.jpg\",\"articleSection\":[\"Ev\u00e9nements ponctuels\"],\"inLanguage\":\"es\"},{\"@type\":\"WebPage\",\"@id\":\"https:\/\/collinescathares.com\/es\/evenements-ponctuels\/60eme-colloque-de-fanjeaux-4\/\",\"url\":\"https:\/\/collinescathares.com\/es\/evenements-ponctuels\/60eme-colloque-de-fanjeaux-4\/\",\"name\":\"60\u00c8ME COLLOQUE DE FANJEAUX Ev\u00e9nements ponctuels - Office De Tourisme Au C\u0153ur Des Collines Cathares\",\"isPartOf\":{\"@id\":\"https:\/\/collinescathares.com\/es\/#website\"},\"primaryImageOfPage\":{\"@id\":\"https:\/\/collinescathares.com\/es\/evenements-ponctuels\/60eme-colloque-de-fanjeaux-4\/#primaryimage\"},\"image\":{\"@id\":\"https:\/\/collinescathares.com\/es\/evenements-ponctuels\/60eme-colloque-de-fanjeaux-4\/#primaryimage\"},\"thumbnailUrl\":\"https:\/\/collinescathares.com\/wp-content\/uploads\/2025\/05\/60EME-COLLOQUE-DE-FANJEAUX-2.jpg\",\"datePublished\":\"2025-05-26T14:46:41+00:00\",\"description\":\"Le programme du 60\u00e8me colloque de Fanjeaux sur le th\u00e8me de \\\"L'\u00e9piscopat du Midi : gouverner un peuple chr\u00e9tien (XIIe-XIVe si\u00e8cle)\\\" organis\u00e9 par le Centre Ev\u00e9nements ponctuels 60\u00c8ME COLLOQUE DE FANJEAUX Situ\u00e9 \u00e0 Fanjeaux, nous vous proposons de d\u00e9couvrir notre territoire ! , Office De Tourisme Au C\u0153ur Des Collines Cathares\",\"breadcrumb\":{\"@id\":\"https:\/\/collinescathares.com\/es\/evenements-ponctuels\/60eme-colloque-de-fanjeaux-4\/#breadcrumb\"},\"inLanguage\":\"es\",\"potentialAction\":[{\"@type\":\"ReadAction\",\"target\":[\"https:\/\/collinescathares.com\/es\/evenements-ponctuels\/60eme-colloque-de-fanjeaux-4\/\"]}]},{\"@type\":\"ImageObject\",\"inLanguage\":\"es\",\"@id\":\"https:\/\/collinescathares.com\/es\/evenements-ponctuels\/60eme-colloque-de-fanjeaux-4\/#primaryimage\",\"url\":\"https:\/\/collinescathares.com\/wp-content\/uploads\/2025\/05\/60EME-COLLOQUE-DE-FANJEAUX-2.jpg\",\"contentUrl\":\"https:\/\/collinescathares.com\/wp-content\/uploads\/2025\/05\/60EME-COLLOQUE-DE-FANJEAUX-2.jpg\",\"width\":1200,\"height\":900},{\"@type\":\"BreadcrumbList\",\"@id\":\"https:\/\/collinescathares.com\/es\/evenements-ponctuels\/60eme-colloque-de-fanjeaux-4\/#breadcrumb\",\"itemListElement\":[{\"@type\":\"ListItem\",\"position\":1,\"name\":\"Inicio\",\"item\":\"https:\/\/collinescathares.com\/es\/\"},{\"@type\":\"ListItem\",\"position\":2,\"name\":\"Ev\u00e9nements ponctuels\",\"item\":\"https:\/\/collinescathares.com\/category\/evenements-ponctuels\/\"},{\"@type\":\"ListItem\",\"position\":3,\"name\":\"60\u00c8ME COLLOQUE DE FANJEAUX\"}]},{\"@type\":\"WebSite\",\"@id\":\"https:\/\/collinescathares.com\/es\/#website\",\"url\":\"https:\/\/collinescathares.com\/es\/\",\"name\":\"Office De Tourisme Au C\u0153ur Des Collines Cathares\",\"description\":\"Situ\u00e9 \u00e0 Fanjeaux, nous vous proposons de d\u00e9couvrir notre territoire !\",\"publisher\":{\"@id\":\"https:\/\/collinescathares.com\/es\/#organization\"},\"potentialAction\":[{\"@type\":\"SearchAction\",\"target\":{\"@type\":\"EntryPoint\",\"urlTemplate\":\"https:\/\/collinescathares.com\/es\/?s={search_term_string}\"},\"query-input\":{\"@type\":\"PropertyValueSpecification\",\"valueRequired\":true,\"valueName\":\"search_term_string\"}}],\"inLanguage\":\"es\"},{\"@type\":\"Organization\",\"@id\":\"https:\/\/collinescathares.com\/es\/#organization\",\"name\":\"Office de Tourisme Au C\u0153ur Des Collines Cathares\",\"url\":\"https:\/\/collinescathares.com\/es\/\",\"logo\":{\"@type\":\"ImageObject\",\"inLanguage\":\"es\",\"@id\":\"https:\/\/collinescathares.com\/es\/#\/schema\/logo\/image\/\",\"url\":\"https:\/\/collinescathares.com\/wp-content\/uploads\/2020\/06\/logo_Tourisme_lauragais-1.jpg\",\"contentUrl\":\"https:\/\/collinescathares.com\/wp-content\/uploads\/2020\/06\/logo_Tourisme_lauragais-1.jpg\",\"width\":209,\"height\":250,\"caption\":\"Office de Tourisme Au C\u0153ur Des Collines Cathares\"},\"image\":{\"@id\":\"https:\/\/collinescathares.com\/es\/#\/schema\/logo\/image\/\"},\"sameAs\":[\"https:\/\/www.facebook.com\/tourismelauragais\",\"https:\/\/www.instagram.com\/officetourismecollinescathares\/?hl=fr\",\"https:\/\/www.pinterest.fr\/oticollinescathares\/boards\/\"]},{\"@type\":\"Person\",\"@id\":\"https:\/\/collinescathares.com\/es\/#\/schema\/person\/599b8b6b8fd81d72e2a03b412201f661\",\"name\":\"adminreso\",\"image\":{\"@type\":\"ImageObject\",\"inLanguage\":\"es\",\"@id\":\"https:\/\/collinescathares.com\/es\/#\/schema\/person\/image\/\",\"url\":\"https:\/\/secure.gravatar.com\/avatar\/6a8a6fbe9df7c51e1f428a312af274a2?s=96&d=mm&r=g\",\"contentUrl\":\"https:\/\/secure.gravatar.com\/avatar\/6a8a6fbe9df7c51e1f428a312af274a2?s=96&d=mm&r=g\",\"caption\":\"adminreso\"},\"sameAs\":[\"http:\/\/collinescathares.com\/new\"]}]}<\/script>\n<!-- \/ Yoast SEO plugin. -->","yoast_head_json":{"title":"60\u00c8ME COLLOQUE DE FANJEAUX Ev\u00e9nements ponctuels - Office De Tourisme Au C\u0153ur Des Collines Cathares","description":"Le programme du 60\u00e8me colloque de Fanjeaux sur le th\u00e8me de \"L'\u00e9piscopat du Midi : gouverner un peuple chr\u00e9tien (XIIe-XIVe si\u00e8cle)\" organis\u00e9 par le Centre Ev\u00e9nements ponctuels 60\u00c8ME COLLOQUE DE FANJEAUX Situ\u00e9 \u00e0 Fanjeaux, nous vous proposons de d\u00e9couvrir notre territoire ! , Office De Tourisme Au C\u0153ur Des Collines Cathares","robots":{"index":"index","follow":"follow","max-snippet":"max-snippet:-1","max-image-preview":"max-image-preview:large","max-video-preview":"max-video-preview:-1"},"canonical":"https:\/\/collinescathares.com\/es\/evenements-ponctuels\/60eme-colloque-de-fanjeaux-4\/","og_locale":"es_ES","og_type":"article","og_title":"60\u00c8ME COLLOQUE DE FANJEAUX Ev\u00e9nements ponctuels - Office De Tourisme Au C\u0153ur Des Collines Cathares","og_description":"Le programme du 60\u00e8me colloque de Fanjeaux sur le th\u00e8me de \"L'\u00e9piscopat du Midi : gouverner un peuple chr\u00e9tien (XIIe-XIVe si\u00e8cle)\" organis\u00e9 par le Centre Ev\u00e9nements ponctuels 60\u00c8ME COLLOQUE DE FANJEAUX Situ\u00e9 \u00e0 Fanjeaux, nous vous proposons de d\u00e9couvrir notre territoire ! , Office De Tourisme Au C\u0153ur Des Collines Cathares","og_url":"https:\/\/collinescathares.com\/es\/evenements-ponctuels\/60eme-colloque-de-fanjeaux-4\/","og_site_name":"Office De Tourisme Au C\u0153ur Des Collines Cathares","article_publisher":"https:\/\/www.facebook.com\/tourismelauragais","article_published_time":"2025-05-26T14:46:41+00:00","og_image":[{"width":211,"height":250,"url":"https:\/\/collinescathares.com\/wp-content\/uploads\/2020\/06\/logo_Tourisme_lauragais.jpg","type":"image\/jpeg"}],"author":"adminreso","twitter_card":"summary_large_image","twitter_misc":{"Escrito por":"adminreso","Tiempo de lectura":"1 minuto"},"schema":{"@context":"https:\/\/schema.org","@graph":[{"@type":"Article","@id":"https:\/\/collinescathares.com\/es\/evenements-ponctuels\/60eme-colloque-de-fanjeaux-4\/#article","isPartOf":{"@id":"https:\/\/collinescathares.com\/es\/evenements-ponctuels\/60eme-colloque-de-fanjeaux-4\/"},"author":{"name":"adminreso","@id":"https:\/\/collinescathares.com\/es\/#\/schema\/person\/599b8b6b8fd81d72e2a03b412201f661"},"headline":"60\u00c8ME COLLOQUE DE FANJEAUX","datePublished":"2025-05-26T14:46:41+00:00","mainEntityOfPage":{"@id":"https:\/\/collinescathares.com\/es\/evenements-ponctuels\/60eme-colloque-de-fanjeaux-4\/"},"wordCount":165,"publisher":{"@id":"https:\/\/collinescathares.com\/es\/#organization"},"image":{"@id":"https:\/\/collinescathares.com\/es\/evenements-ponctuels\/60eme-colloque-de-fanjeaux-4\/#primaryimage"},"thumbnailUrl":"https:\/\/collinescathares.com\/wp-content\/uploads\/2025\/05\/60EME-COLLOQUE-DE-FANJEAUX-2.jpg","articleSection":["Ev\u00e9nements ponctuels"],"inLanguage":"es"},{"@type":"WebPage","@id":"https:\/\/collinescathares.com\/es\/evenements-ponctuels\/60eme-colloque-de-fanjeaux-4\/","url":"https:\/\/collinescathares.com\/es\/evenements-ponctuels\/60eme-colloque-de-fanjeaux-4\/","name":"60\u00c8ME COLLOQUE DE FANJEAUX Ev\u00e9nements ponctuels - Office De Tourisme Au C\u0153ur Des Collines Cathares","isPartOf":{"@id":"https:\/\/collinescathares.com\/es\/#website"},"primaryImageOfPage":{"@id":"https:\/\/collinescathares.com\/es\/evenements-ponctuels\/60eme-colloque-de-fanjeaux-4\/#primaryimage"},"image":{"@id":"https:\/\/collinescathares.com\/es\/evenements-ponctuels\/60eme-colloque-de-fanjeaux-4\/#primaryimage"},"thumbnailUrl":"https:\/\/collinescathares.com\/wp-content\/uploads\/2025\/05\/60EME-COLLOQUE-DE-FANJEAUX-2.jpg","datePublished":"2025-05-26T14:46:41+00:00","description":"Le programme du 60\u00e8me colloque de Fanjeaux sur le th\u00e8me de \"L'\u00e9piscopat du Midi : gouverner un peuple chr\u00e9tien (XIIe-XIVe si\u00e8cle)\" organis\u00e9 par le Centre Ev\u00e9nements ponctuels 60\u00c8ME COLLOQUE DE FANJEAUX Situ\u00e9 \u00e0 Fanjeaux, nous vous proposons de d\u00e9couvrir notre territoire ! , Office De Tourisme Au C\u0153ur Des Collines Cathares","breadcrumb":{"@id":"https:\/\/collinescathares.com\/es\/evenements-ponctuels\/60eme-colloque-de-fanjeaux-4\/#breadcrumb"},"inLanguage":"es","potentialAction":[{"@type":"ReadAction","target":["https:\/\/collinescathares.com\/es\/evenements-ponctuels\/60eme-colloque-de-fanjeaux-4\/"]}]},{"@type":"ImageObject","inLanguage":"es","@id":"https:\/\/collinescathares.com\/es\/evenements-ponctuels\/60eme-colloque-de-fanjeaux-4\/#primaryimage","url":"https:\/\/collinescathares.com\/wp-content\/uploads\/2025\/05\/60EME-COLLOQUE-DE-FANJEAUX-2.jpg","contentUrl":"https:\/\/collinescathares.com\/wp-content\/uploads\/2025\/05\/60EME-COLLOQUE-DE-FANJEAUX-2.jpg","width":1200,"height":900},{"@type":"BreadcrumbList","@id":"https:\/\/collinescathares.com\/es\/evenements-ponctuels\/60eme-colloque-de-fanjeaux-4\/#breadcrumb","itemListElement":[{"@type":"ListItem","position":1,"name":"Inicio","item":"https:\/\/collinescathares.com\/es\/"},{"@type":"ListItem","position":2,"name":"Ev\u00e9nements ponctuels","item":"https:\/\/collinescathares.com\/category\/evenements-ponctuels\/"},{"@type":"ListItem","position":3,"name":"60\u00c8ME COLLOQUE DE FANJEAUX"}]},{"@type":"WebSite","@id":"https:\/\/collinescathares.com\/es\/#website","url":"https:\/\/collinescathares.com\/es\/","name":"Office De Tourisme Au C\u0153ur Des Collines Cathares","description":"Situ\u00e9 \u00e0 Fanjeaux, nous vous proposons de d\u00e9couvrir notre territoire !","publisher":{"@id":"https:\/\/collinescathares.com\/es\/#organization"},"potentialAction":[{"@type":"SearchAction","target":{"@type":"EntryPoint","urlTemplate":"https:\/\/collinescathares.com\/es\/?s={search_term_string}"},"query-input":{"@type":"PropertyValueSpecification","valueRequired":true,"valueName":"search_term_string"}}],"inLanguage":"es"},{"@type":"Organization","@id":"https:\/\/collinescathares.com\/es\/#organization","name":"Office de Tourisme Au C\u0153ur Des Collines Cathares","url":"https:\/\/collinescathares.com\/es\/","logo":{"@type":"ImageObject","inLanguage":"es","@id":"https:\/\/collinescathares.com\/es\/#\/schema\/logo\/image\/","url":"https:\/\/collinescathares.com\/wp-content\/uploads\/2020\/06\/logo_Tourisme_lauragais-1.jpg","contentUrl":"https:\/\/collinescathares.com\/wp-content\/uploads\/2020\/06\/logo_Tourisme_lauragais-1.jpg","width":209,"height":250,"caption":"Office de Tourisme Au C\u0153ur Des Collines Cathares"},"image":{"@id":"https:\/\/collinescathares.com\/es\/#\/schema\/logo\/image\/"},"sameAs":["https:\/\/www.facebook.com\/tourismelauragais","https:\/\/www.instagram.com\/officetourismecollinescathares\/?hl=fr","https:\/\/www.pinterest.fr\/oticollinescathares\/boards\/"]},{"@type":"Person","@id":"https:\/\/collinescathares.com\/es\/#\/schema\/person\/599b8b6b8fd81d72e2a03b412201f661","name":"adminreso","image":{"@type":"ImageObject","inLanguage":"es","@id":"https:\/\/collinescathares.com\/es\/#\/schema\/person\/image\/","url":"https:\/\/secure.gravatar.com\/avatar\/6a8a6fbe9df7c51e1f428a312af274a2?s=96&d=mm&r=g","contentUrl":"https:\/\/secure.gravatar.com\/avatar\/6a8a6fbe9df7c51e1f428a312af274a2?s=96&d=mm&r=g","caption":"adminreso"},"sameAs":["http:\/\/collinescathares.com\/new"]}]}},"_links":{"self":[{"href":"https:\/\/collinescathares.com\/es\/wp-json\/wp\/v2\/posts\/253562","targetHints":{"allow":["GET"]}}],"collection":[{"href":"https:\/\/collinescathares.com\/es\/wp-json\/wp\/v2\/posts"}],"about":[{"href":"https:\/\/collinescathares.com\/es\/wp-json\/wp\/v2\/types\/post"}],"author":[{"embeddable":true,"href":"https:\/\/collinescathares.com\/es\/wp-json\/wp\/v2\/users\/1"}],"replies":[{"embeddable":true,"href":"https:\/\/collinescathares.com\/es\/wp-json\/wp\/v2\/comments?post=253562"}],"version-history":[{"count":0,"href":"https:\/\/collinescathares.com\/es\/wp-json\/wp\/v2\/posts\/253562\/revisions"}],"wp:featuredmedia":[{"embeddable":true,"href":"https:\/\/collinescathares.com\/es\/wp-json\/wp\/v2\/media\/253451"}],"wp:attachment":[{"href":"https:\/\/collinescathares.com\/es\/wp-json\/wp\/v2\/media?parent=253562"}],"wp:term":[{"taxonomy":"category","embeddable":true,"href":"https:\/\/collinescathares.com\/es\/wp-json\/wp\/v2\/categories?post=253562"},{"taxonomy":"post_tag","embeddable":true,"href":"https:\/\/collinescathares.com\/es\/wp-json\/wp\/v2\/tags?post=253562"}],"curies":[{"name":"wp","href":"https:\/\/api.w.org\/{rel}","templated":true}]}}