{"id":253571,"date":"2025-05-26T16:46:49","date_gmt":"2025-05-26T14:46:49","guid":{"rendered":"https:\/\/collinescathares.com\/evenements-ponctuels\/vide-greniers-a-la-force\/"},"modified":"2025-05-26T16:46:49","modified_gmt":"2025-05-26T14:46:49","slug":"vide-greniers-a-la-force","status":"publish","type":"post","link":"https:\/\/collinescathares.com\/es\/evenements-ponctuels\/vide-greniers-a-la-force\/","title":{"rendered":"VIDE-GRENIERS \u00c0 LA FORCE"},"content":{"rendered":"<p>Le Comit\u00e9 des F\u00eates de La Force organise un grand vide-greniers et un march\u00e9 de producteurs le dimanche 15 juin 2025.<\/p>\n<p>Qui n\u2019aime pas chiner ? Nos \u00e2mes d\u2019enfants adorent partir \u00e0 la recherche de l\u2019objet oubli\u00e9 qui ravive nos souvenirs. Le moulin \u00e0 caf\u00e9 comme chez m\u00e9m\u00e9 Josette, la vieille BD qu\u2019on lisait en cachette \u00e0 la lampe de poche, des vieux objets, des livres, des meubles, des v\u00eatements vintage\u2026 un bonheur de repartir avec des trouvailles d\u00e9nich\u00e9es sous le bric \u00e0 brac. <\/p>\n<p>Exposition de v\u00e9hicules anciens. Buvette et restauration sur place.<\/p>\n","protected":false},"excerpt":{"rendered":"<p>Le Comit\u00e9 des F\u00eates de La Force organise un grand vide-greniers et un march\u00e9 de producteurs le dimanche 15 juin 2025. Qui n\u2019aime pas chiner ? Nos \u00e2mes d\u2019enfants adorent partir \u00e0 la recherche de l\u2019objet oubli\u00e9 qui ravive nos souvenirs. Le moulin \u00e0 caf\u00e9 comme chez m\u00e9m\u00e9 Josette, la vieille BD qu\u2019on lisait en [&hellip;]<\/p>\n","protected":false},"author":1,"featured_media":253171,"comment_status":"closed","ping_status":"closed","sticky":false,"template":"","format":"standard","meta":{"_acf_changed":false,"footnotes":""},"categories":[48],"tags":[],"class_list":["post-253571","post","type-post","status-publish","format-standard","has-post-thumbnail","hentry","category-evenements-ponctuels"],"acf":[],"yoast_head":"<!-- This site is optimized with the Yoast SEO plugin v26.8 - https:\/\/yoast.com\/product\/yoast-seo-wordpress\/ -->\n<title>VIDE-GRENIERS \u00c0 LA FORCE Ev\u00e9nements ponctuels - Office De Tourisme Au C\u0153ur Des Collines Cathares<\/title>\n<meta name=\"description\" content=\"Le Comit\u00e9 des F\u00eates de La Force organise un grand vide-greniers et un march\u00e9 de producteurs le dimanche 15 juin 2025. Qui n\u2019aime pas chiner ? Nos \u00e2mes Ev\u00e9nements ponctuels VIDE-GRENIERS \u00c0 LA FORCE Situ\u00e9 \u00e0 Fanjeaux, nous vous proposons de d\u00e9couvrir notre territoire ! , Office De Tourisme Au C\u0153ur Des Collines Cathares\" \/>\n<meta name=\"robots\" content=\"index, follow, max-snippet:-1, max-image-preview:large, max-video-preview:-1\" \/>\n<link rel=\"canonical\" href=\"https:\/\/collinescathares.com\/es\/evenements-ponctuels\/vide-greniers-a-la-force\/\" \/>\n<meta property=\"og:locale\" content=\"es_ES\" \/>\n<meta property=\"og:type\" content=\"article\" \/>\n<meta property=\"og:title\" content=\"VIDE-GRENIERS \u00c0 LA FORCE Ev\u00e9nements ponctuels - Office De Tourisme Au C\u0153ur Des Collines Cathares\" \/>\n<meta property=\"og:description\" content=\"Le Comit\u00e9 des F\u00eates de La Force organise un grand vide-greniers et un march\u00e9 de producteurs le dimanche 15 juin 2025. Qui n\u2019aime pas chiner ? Nos \u00e2mes Ev\u00e9nements ponctuels VIDE-GRENIERS \u00c0 LA FORCE Situ\u00e9 \u00e0 Fanjeaux, nous vous proposons de d\u00e9couvrir notre territoire ! , Office De Tourisme Au C\u0153ur Des Collines Cathares\" \/>\n<meta property=\"og:url\" content=\"https:\/\/collinescathares.com\/es\/evenements-ponctuels\/vide-greniers-a-la-force\/\" \/>\n<meta property=\"og:site_name\" content=\"Office De Tourisme Au C\u0153ur Des Collines Cathares\" \/>\n<meta property=\"article:publisher\" content=\"https:\/\/www.facebook.com\/tourismelauragais\" \/>\n<meta property=\"article:published_time\" content=\"2025-05-26T14:46:49+00:00\" \/>\n<meta property=\"og:image\" content=\"https:\/\/collinescathares.com\/wp-content\/uploads\/2020\/06\/logo_Tourisme_lauragais.jpg\" \/>\n\t<meta property=\"og:image:width\" content=\"211\" \/>\n\t<meta property=\"og:image:height\" content=\"250\" \/>\n\t<meta property=\"og:image:type\" content=\"image\/jpeg\" \/>\n<meta name=\"author\" content=\"adminreso\" \/>\n<meta name=\"twitter:card\" content=\"summary_large_image\" \/>\n<meta name=\"twitter:label1\" content=\"Escrito por\" \/>\n\t<meta name=\"twitter:data1\" content=\"adminreso\" \/>\n<script type=\"application\/ld+json\" class=\"yoast-schema-graph\">{\"@context\":\"https:\/\/schema.org\",\"@graph\":[{\"@type\":\"Article\",\"@id\":\"https:\/\/collinescathares.com\/es\/evenements-ponctuels\/vide-greniers-a-la-force\/#article\",\"isPartOf\":{\"@id\":\"https:\/\/collinescathares.com\/es\/evenements-ponctuels\/vide-greniers-a-la-force\/\"},\"author\":{\"name\":\"adminreso\",\"@id\":\"https:\/\/collinescathares.com\/es\/#\/schema\/person\/599b8b6b8fd81d72e2a03b412201f661\"},\"headline\":\"VIDE-GRENIERS \u00c0 LA FORCE\",\"datePublished\":\"2025-05-26T14:46:49+00:00\",\"mainEntityOfPage\":{\"@id\":\"https:\/\/collinescathares.com\/es\/evenements-ponctuels\/vide-greniers-a-la-force\/\"},\"wordCount\":99,\"publisher\":{\"@id\":\"https:\/\/collinescathares.com\/es\/#organization\"},\"image\":{\"@id\":\"https:\/\/collinescathares.com\/es\/evenements-ponctuels\/vide-greniers-a-la-force\/#primaryimage\"},\"thumbnailUrl\":\"https:\/\/collinescathares.com\/wp-content\/uploads\/2025\/04\/VIDE-GRENIERS-A-PEXIORA.jpg\",\"articleSection\":[\"Ev\u00e9nements ponctuels\"],\"inLanguage\":\"es\"},{\"@type\":\"WebPage\",\"@id\":\"https:\/\/collinescathares.com\/es\/evenements-ponctuels\/vide-greniers-a-la-force\/\",\"url\":\"https:\/\/collinescathares.com\/es\/evenements-ponctuels\/vide-greniers-a-la-force\/\",\"name\":\"VIDE-GRENIERS \u00c0 LA FORCE Ev\u00e9nements ponctuels - Office De Tourisme Au C\u0153ur Des Collines Cathares\",\"isPartOf\":{\"@id\":\"https:\/\/collinescathares.com\/es\/#website\"},\"primaryImageOfPage\":{\"@id\":\"https:\/\/collinescathares.com\/es\/evenements-ponctuels\/vide-greniers-a-la-force\/#primaryimage\"},\"image\":{\"@id\":\"https:\/\/collinescathares.com\/es\/evenements-ponctuels\/vide-greniers-a-la-force\/#primaryimage\"},\"thumbnailUrl\":\"https:\/\/collinescathares.com\/wp-content\/uploads\/2025\/04\/VIDE-GRENIERS-A-PEXIORA.jpg\",\"datePublished\":\"2025-05-26T14:46:49+00:00\",\"description\":\"Le Comit\u00e9 des F\u00eates de La Force organise un grand vide-greniers et un march\u00e9 de producteurs le dimanche 15 juin 2025. Qui n\u2019aime pas chiner ? Nos \u00e2mes Ev\u00e9nements ponctuels VIDE-GRENIERS \u00c0 LA FORCE Situ\u00e9 \u00e0 Fanjeaux, nous vous proposons de d\u00e9couvrir notre territoire ! , Office De Tourisme Au C\u0153ur Des Collines Cathares\",\"breadcrumb\":{\"@id\":\"https:\/\/collinescathares.com\/es\/evenements-ponctuels\/vide-greniers-a-la-force\/#breadcrumb\"},\"inLanguage\":\"es\",\"potentialAction\":[{\"@type\":\"ReadAction\",\"target\":[\"https:\/\/collinescathares.com\/es\/evenements-ponctuels\/vide-greniers-a-la-force\/\"]}]},{\"@type\":\"ImageObject\",\"inLanguage\":\"es\",\"@id\":\"https:\/\/collinescathares.com\/es\/evenements-ponctuels\/vide-greniers-a-la-force\/#primaryimage\",\"url\":\"https:\/\/collinescathares.com\/wp-content\/uploads\/2025\/04\/VIDE-GRENIERS-A-PEXIORA.jpg\",\"contentUrl\":\"https:\/\/collinescathares.com\/wp-content\/uploads\/2025\/04\/VIDE-GRENIERS-A-PEXIORA.jpg\",\"width\":1200,\"height\":900},{\"@type\":\"BreadcrumbList\",\"@id\":\"https:\/\/collinescathares.com\/es\/evenements-ponctuels\/vide-greniers-a-la-force\/#breadcrumb\",\"itemListElement\":[{\"@type\":\"ListItem\",\"position\":1,\"name\":\"Inicio\",\"item\":\"https:\/\/collinescathares.com\/es\/\"},{\"@type\":\"ListItem\",\"position\":2,\"name\":\"Ev\u00e9nements ponctuels\",\"item\":\"https:\/\/collinescathares.com\/category\/evenements-ponctuels\/\"},{\"@type\":\"ListItem\",\"position\":3,\"name\":\"VIDE-GRENIERS \u00c0 LA FORCE\"}]},{\"@type\":\"WebSite\",\"@id\":\"https:\/\/collinescathares.com\/es\/#website\",\"url\":\"https:\/\/collinescathares.com\/es\/\",\"name\":\"Office De Tourisme Au C\u0153ur Des Collines Cathares\",\"description\":\"Situ\u00e9 \u00e0 Fanjeaux, nous vous proposons de d\u00e9couvrir notre territoire !\",\"publisher\":{\"@id\":\"https:\/\/collinescathares.com\/es\/#organization\"},\"potentialAction\":[{\"@type\":\"SearchAction\",\"target\":{\"@type\":\"EntryPoint\",\"urlTemplate\":\"https:\/\/collinescathares.com\/es\/?s={search_term_string}\"},\"query-input\":{\"@type\":\"PropertyValueSpecification\",\"valueRequired\":true,\"valueName\":\"search_term_string\"}}],\"inLanguage\":\"es\"},{\"@type\":\"Organization\",\"@id\":\"https:\/\/collinescathares.com\/es\/#organization\",\"name\":\"Office de Tourisme Au C\u0153ur Des Collines Cathares\",\"url\":\"https:\/\/collinescathares.com\/es\/\",\"logo\":{\"@type\":\"ImageObject\",\"inLanguage\":\"es\",\"@id\":\"https:\/\/collinescathares.com\/es\/#\/schema\/logo\/image\/\",\"url\":\"https:\/\/collinescathares.com\/wp-content\/uploads\/2020\/06\/logo_Tourisme_lauragais-1.jpg\",\"contentUrl\":\"https:\/\/collinescathares.com\/wp-content\/uploads\/2020\/06\/logo_Tourisme_lauragais-1.jpg\",\"width\":209,\"height\":250,\"caption\":\"Office de Tourisme Au C\u0153ur Des Collines Cathares\"},\"image\":{\"@id\":\"https:\/\/collinescathares.com\/es\/#\/schema\/logo\/image\/\"},\"sameAs\":[\"https:\/\/www.facebook.com\/tourismelauragais\",\"https:\/\/www.instagram.com\/officetourismecollinescathares\/?hl=fr\",\"https:\/\/www.pinterest.fr\/oticollinescathares\/boards\/\"]},{\"@type\":\"Person\",\"@id\":\"https:\/\/collinescathares.com\/es\/#\/schema\/person\/599b8b6b8fd81d72e2a03b412201f661\",\"name\":\"adminreso\",\"image\":{\"@type\":\"ImageObject\",\"inLanguage\":\"es\",\"@id\":\"https:\/\/collinescathares.com\/es\/#\/schema\/person\/image\/\",\"url\":\"https:\/\/secure.gravatar.com\/avatar\/6a8a6fbe9df7c51e1f428a312af274a2?s=96&d=mm&r=g\",\"contentUrl\":\"https:\/\/secure.gravatar.com\/avatar\/6a8a6fbe9df7c51e1f428a312af274a2?s=96&d=mm&r=g\",\"caption\":\"adminreso\"},\"sameAs\":[\"http:\/\/collinescathares.com\/new\"]}]}<\/script>\n<!-- \/ Yoast SEO plugin. -->","yoast_head_json":{"title":"VIDE-GRENIERS \u00c0 LA FORCE Ev\u00e9nements ponctuels - Office De Tourisme Au C\u0153ur Des Collines Cathares","description":"Le Comit\u00e9 des F\u00eates de La Force organise un grand vide-greniers et un march\u00e9 de producteurs le dimanche 15 juin 2025. Qui n\u2019aime pas chiner ? Nos \u00e2mes Ev\u00e9nements ponctuels VIDE-GRENIERS \u00c0 LA FORCE Situ\u00e9 \u00e0 Fanjeaux, nous vous proposons de d\u00e9couvrir notre territoire ! , Office De Tourisme Au C\u0153ur Des Collines Cathares","robots":{"index":"index","follow":"follow","max-snippet":"max-snippet:-1","max-image-preview":"max-image-preview:large","max-video-preview":"max-video-preview:-1"},"canonical":"https:\/\/collinescathares.com\/es\/evenements-ponctuels\/vide-greniers-a-la-force\/","og_locale":"es_ES","og_type":"article","og_title":"VIDE-GRENIERS \u00c0 LA FORCE Ev\u00e9nements ponctuels - Office De Tourisme Au C\u0153ur Des Collines Cathares","og_description":"Le Comit\u00e9 des F\u00eates de La Force organise un grand vide-greniers et un march\u00e9 de producteurs le dimanche 15 juin 2025. Qui n\u2019aime pas chiner ? Nos \u00e2mes Ev\u00e9nements ponctuels VIDE-GRENIERS \u00c0 LA FORCE Situ\u00e9 \u00e0 Fanjeaux, nous vous proposons de d\u00e9couvrir notre territoire ! , Office De Tourisme Au C\u0153ur Des Collines Cathares","og_url":"https:\/\/collinescathares.com\/es\/evenements-ponctuels\/vide-greniers-a-la-force\/","og_site_name":"Office De Tourisme Au C\u0153ur Des Collines Cathares","article_publisher":"https:\/\/www.facebook.com\/tourismelauragais","article_published_time":"2025-05-26T14:46:49+00:00","og_image":[{"width":211,"height":250,"url":"https:\/\/collinescathares.com\/wp-content\/uploads\/2020\/06\/logo_Tourisme_lauragais.jpg","type":"image\/jpeg"}],"author":"adminreso","twitter_card":"summary_large_image","twitter_misc":{"Escrito por":"adminreso"},"schema":{"@context":"https:\/\/schema.org","@graph":[{"@type":"Article","@id":"https:\/\/collinescathares.com\/es\/evenements-ponctuels\/vide-greniers-a-la-force\/#article","isPartOf":{"@id":"https:\/\/collinescathares.com\/es\/evenements-ponctuels\/vide-greniers-a-la-force\/"},"author":{"name":"adminreso","@id":"https:\/\/collinescathares.com\/es\/#\/schema\/person\/599b8b6b8fd81d72e2a03b412201f661"},"headline":"VIDE-GRENIERS \u00c0 LA FORCE","datePublished":"2025-05-26T14:46:49+00:00","mainEntityOfPage":{"@id":"https:\/\/collinescathares.com\/es\/evenements-ponctuels\/vide-greniers-a-la-force\/"},"wordCount":99,"publisher":{"@id":"https:\/\/collinescathares.com\/es\/#organization"},"image":{"@id":"https:\/\/collinescathares.com\/es\/evenements-ponctuels\/vide-greniers-a-la-force\/#primaryimage"},"thumbnailUrl":"https:\/\/collinescathares.com\/wp-content\/uploads\/2025\/04\/VIDE-GRENIERS-A-PEXIORA.jpg","articleSection":["Ev\u00e9nements ponctuels"],"inLanguage":"es"},{"@type":"WebPage","@id":"https:\/\/collinescathares.com\/es\/evenements-ponctuels\/vide-greniers-a-la-force\/","url":"https:\/\/collinescathares.com\/es\/evenements-ponctuels\/vide-greniers-a-la-force\/","name":"VIDE-GRENIERS \u00c0 LA FORCE Ev\u00e9nements ponctuels - Office De Tourisme Au C\u0153ur Des Collines Cathares","isPartOf":{"@id":"https:\/\/collinescathares.com\/es\/#website"},"primaryImageOfPage":{"@id":"https:\/\/collinescathares.com\/es\/evenements-ponctuels\/vide-greniers-a-la-force\/#primaryimage"},"image":{"@id":"https:\/\/collinescathares.com\/es\/evenements-ponctuels\/vide-greniers-a-la-force\/#primaryimage"},"thumbnailUrl":"https:\/\/collinescathares.com\/wp-content\/uploads\/2025\/04\/VIDE-GRENIERS-A-PEXIORA.jpg","datePublished":"2025-05-26T14:46:49+00:00","description":"Le Comit\u00e9 des F\u00eates de La Force organise un grand vide-greniers et un march\u00e9 de producteurs le dimanche 15 juin 2025. Qui n\u2019aime pas chiner ? Nos \u00e2mes Ev\u00e9nements ponctuels VIDE-GRENIERS \u00c0 LA FORCE Situ\u00e9 \u00e0 Fanjeaux, nous vous proposons de d\u00e9couvrir notre territoire ! , Office De Tourisme Au C\u0153ur Des Collines Cathares","breadcrumb":{"@id":"https:\/\/collinescathares.com\/es\/evenements-ponctuels\/vide-greniers-a-la-force\/#breadcrumb"},"inLanguage":"es","potentialAction":[{"@type":"ReadAction","target":["https:\/\/collinescathares.com\/es\/evenements-ponctuels\/vide-greniers-a-la-force\/"]}]},{"@type":"ImageObject","inLanguage":"es","@id":"https:\/\/collinescathares.com\/es\/evenements-ponctuels\/vide-greniers-a-la-force\/#primaryimage","url":"https:\/\/collinescathares.com\/wp-content\/uploads\/2025\/04\/VIDE-GRENIERS-A-PEXIORA.jpg","contentUrl":"https:\/\/collinescathares.com\/wp-content\/uploads\/2025\/04\/VIDE-GRENIERS-A-PEXIORA.jpg","width":1200,"height":900},{"@type":"BreadcrumbList","@id":"https:\/\/collinescathares.com\/es\/evenements-ponctuels\/vide-greniers-a-la-force\/#breadcrumb","itemListElement":[{"@type":"ListItem","position":1,"name":"Inicio","item":"https:\/\/collinescathares.com\/es\/"},{"@type":"ListItem","position":2,"name":"Ev\u00e9nements ponctuels","item":"https:\/\/collinescathares.com\/category\/evenements-ponctuels\/"},{"@type":"ListItem","position":3,"name":"VIDE-GRENIERS \u00c0 LA FORCE"}]},{"@type":"WebSite","@id":"https:\/\/collinescathares.com\/es\/#website","url":"https:\/\/collinescathares.com\/es\/","name":"Office De Tourisme Au C\u0153ur Des Collines Cathares","description":"Situ\u00e9 \u00e0 Fanjeaux, nous vous proposons de d\u00e9couvrir notre territoire !","publisher":{"@id":"https:\/\/collinescathares.com\/es\/#organization"},"potentialAction":[{"@type":"SearchAction","target":{"@type":"EntryPoint","urlTemplate":"https:\/\/collinescathares.com\/es\/?s={search_term_string}"},"query-input":{"@type":"PropertyValueSpecification","valueRequired":true,"valueName":"search_term_string"}}],"inLanguage":"es"},{"@type":"Organization","@id":"https:\/\/collinescathares.com\/es\/#organization","name":"Office de Tourisme Au C\u0153ur Des Collines Cathares","url":"https:\/\/collinescathares.com\/es\/","logo":{"@type":"ImageObject","inLanguage":"es","@id":"https:\/\/collinescathares.com\/es\/#\/schema\/logo\/image\/","url":"https:\/\/collinescathares.com\/wp-content\/uploads\/2020\/06\/logo_Tourisme_lauragais-1.jpg","contentUrl":"https:\/\/collinescathares.com\/wp-content\/uploads\/2020\/06\/logo_Tourisme_lauragais-1.jpg","width":209,"height":250,"caption":"Office de Tourisme Au C\u0153ur Des Collines Cathares"},"image":{"@id":"https:\/\/collinescathares.com\/es\/#\/schema\/logo\/image\/"},"sameAs":["https:\/\/www.facebook.com\/tourismelauragais","https:\/\/www.instagram.com\/officetourismecollinescathares\/?hl=fr","https:\/\/www.pinterest.fr\/oticollinescathares\/boards\/"]},{"@type":"Person","@id":"https:\/\/collinescathares.com\/es\/#\/schema\/person\/599b8b6b8fd81d72e2a03b412201f661","name":"adminreso","image":{"@type":"ImageObject","inLanguage":"es","@id":"https:\/\/collinescathares.com\/es\/#\/schema\/person\/image\/","url":"https:\/\/secure.gravatar.com\/avatar\/6a8a6fbe9df7c51e1f428a312af274a2?s=96&d=mm&r=g","contentUrl":"https:\/\/secure.gravatar.com\/avatar\/6a8a6fbe9df7c51e1f428a312af274a2?s=96&d=mm&r=g","caption":"adminreso"},"sameAs":["http:\/\/collinescathares.com\/new"]}]}},"_links":{"self":[{"href":"https:\/\/collinescathares.com\/es\/wp-json\/wp\/v2\/posts\/253571","targetHints":{"allow":["GET"]}}],"collection":[{"href":"https:\/\/collinescathares.com\/es\/wp-json\/wp\/v2\/posts"}],"about":[{"href":"https:\/\/collinescathares.com\/es\/wp-json\/wp\/v2\/types\/post"}],"author":[{"embeddable":true,"href":"https:\/\/collinescathares.com\/es\/wp-json\/wp\/v2\/users\/1"}],"replies":[{"embeddable":true,"href":"https:\/\/collinescathares.com\/es\/wp-json\/wp\/v2\/comments?post=253571"}],"version-history":[{"count":0,"href":"https:\/\/collinescathares.com\/es\/wp-json\/wp\/v2\/posts\/253571\/revisions"}],"wp:featuredmedia":[{"embeddable":true,"href":"https:\/\/collinescathares.com\/es\/wp-json\/wp\/v2\/media\/253171"}],"wp:attachment":[{"href":"https:\/\/collinescathares.com\/es\/wp-json\/wp\/v2\/media?parent=253571"}],"wp:term":[{"taxonomy":"category","embeddable":true,"href":"https:\/\/collinescathares.com\/es\/wp-json\/wp\/v2\/categories?post=253571"},{"taxonomy":"post_tag","embeddable":true,"href":"https:\/\/collinescathares.com\/es\/wp-json\/wp\/v2\/tags?post=253571"}],"curies":[{"name":"wp","href":"https:\/\/api.w.org\/{rel}","templated":true}]}}