{"id":259239,"date":"2025-10-15T15:50:51","date_gmt":"2025-10-15T13:50:51","guid":{"rendered":"https:\/\/collinescathares.com\/?p=259239"},"modified":"2025-10-15T15:50:51","modified_gmt":"2025-10-15T13:50:51","slug":"retour-sur-levenement-les-coustous-2025","status":"publish","type":"post","link":"https:\/\/collinescathares.com\/es\/non-classifiee\/retour-sur-levenement-les-coustous-2025\/","title":{"rendered":"Retour sur l\u2019\u00e9v\u00e9nement \u00ab Les Coustous \u00bb 2025"},"content":{"rendered":"<p data-start=\"148\" data-end=\"190\">\n<p data-start=\"192\" data-end=\"419\">Le samedi 11 octobre, se d\u00e9roulait l&#8217;incontournable course VTT &#8220;Les Coustous&#8221; organis\u00e9e par le club Lous Pounpils, partenaire de l&#8217;Office de Tourisme Intercommunal.<\/p>\n<p data-start=\"421\" data-end=\"868\">Sous un ciel cl\u00e9ment et dans une ambiance conviviale, ce sont 530 v\u00e9t\u00e9tistes qui se sont \u00e9lanc\u00e9s sur des parcours exigeants mais magnifiques, dessin\u00e9s au c\u0153ur d\u2019un paysage typique du Lauragais, entre sentiers bois\u00e9s, monotraces ludiques et points de vue \u00e0 couper le souffle. L\u2019\u00e9v\u00e9nement a aussi s\u00e9duit 58 randonneurs p\u00e9destres, venus profiter \u00e0 leur rythme des circuits balis\u00e9s et de l\u2019atmosph\u00e8re chaleureuse qui caract\u00e9rise cette journ\u00e9e.<\/p>\n<p data-start=\"870\" data-end=\"1184\">Les b\u00e9n\u00e9voles du club Lous Pounpils \u00e9taient, comme toujours, mobilis\u00e9s pour assurer une organisation sans faille, entre ravitaillements, s\u00e9curit\u00e9 et bonne humeur. Cette 19e \u00e9dition confirme (une nouvelle fois) le succ\u00e8s grandissant de la manifestation, qui attire chaque ann\u00e9e un public plus large et passionn\u00e9.<\/p>\n<p data-start=\"1186\" data-end=\"1275\">\u00c0 l\u2019ann\u00e9e prochaine pour de nouvelles aventures sportives dans les collines de la Pi\u00e8ge !<\/p>\n","protected":false},"excerpt":{"rendered":"<p>Le samedi 11 octobre, se d\u00e9roulait l&#8217;incontournable course VTT &#8220;Les Coustous&#8221; organis\u00e9e par le club Lous Pounpils, partenaire de l&#8217;Office de Tourisme Intercommunal. Sous un ciel cl\u00e9ment et dans une ambiance conviviale, ce sont 530 v\u00e9t\u00e9tistes qui se sont \u00e9lanc\u00e9s sur des parcours exigeants mais magnifiques, dessin\u00e9s au c\u0153ur d\u2019un paysage typique du Lauragais, entre [&hellip;]<\/p>\n","protected":false},"author":3,"featured_media":259240,"comment_status":"closed","ping_status":"closed","sticky":false,"template":"","format":"standard","meta":{"_acf_changed":false,"footnotes":""},"categories":[1],"tags":[],"class_list":["post-259239","post","type-post","status-publish","format-standard","has-post-thumbnail","hentry","category-non-classifiee"],"acf":[],"yoast_head":"<!-- This site is optimized with the Yoast SEO plugin v26.8 - https:\/\/yoast.com\/product\/yoast-seo-wordpress\/ -->\n<title>Retour sur l\u2019\u00e9v\u00e9nement \u00ab Les Coustous \u00bb 2025 Actualit\u00e9s - Office De Tourisme Au C\u0153ur Des Collines Cathares<\/title>\n<meta name=\"description\" content=\"Le samedi 11 octobre, se d\u00e9roulait l&#039;incontournable course VTT &quot;Les Coustous&quot; organis\u00e9e par le club Lous Pounpils, partenaire de l&#039;Office de Tourisme Actualit\u00e9s Retour sur l\u2019\u00e9v\u00e9nement \u00ab Les Coustous \u00bb 2025 Situ\u00e9 \u00e0 Fanjeaux, nous vous proposons de d\u00e9couvrir notre territoire ! , Office De Tourisme Au C\u0153ur Des Collines Cathares\" \/>\n<meta name=\"robots\" content=\"index, follow, max-snippet:-1, max-image-preview:large, max-video-preview:-1\" \/>\n<link rel=\"canonical\" href=\"https:\/\/collinescathares.com\/es\/non-classifiee\/retour-sur-levenement-les-coustous-2025\/\" \/>\n<meta property=\"og:locale\" content=\"es_ES\" \/>\n<meta property=\"og:type\" content=\"article\" \/>\n<meta property=\"og:title\" content=\"Retour sur l\u2019\u00e9v\u00e9nement \u00ab Les Coustous \u00bb 2025 Actualit\u00e9s - Office De Tourisme Au C\u0153ur Des Collines Cathares\" \/>\n<meta property=\"og:description\" content=\"Le samedi 11 octobre, se d\u00e9roulait l&#039;incontournable course VTT &quot;Les Coustous&quot; organis\u00e9e par le club Lous Pounpils, partenaire de l&#039;Office de Tourisme Actualit\u00e9s Retour sur l\u2019\u00e9v\u00e9nement \u00ab Les Coustous \u00bb 2025 Situ\u00e9 \u00e0 Fanjeaux, nous vous proposons de d\u00e9couvrir notre territoire ! , Office De Tourisme Au C\u0153ur Des Collines Cathares\" \/>\n<meta property=\"og:url\" content=\"https:\/\/collinescathares.com\/es\/non-classifiee\/retour-sur-levenement-les-coustous-2025\/\" \/>\n<meta property=\"og:site_name\" content=\"Office De Tourisme Au C\u0153ur Des Collines Cathares\" \/>\n<meta property=\"article:publisher\" content=\"https:\/\/www.facebook.com\/tourismelauragais\" \/>\n<meta property=\"article:published_time\" content=\"2025-10-15T13:50:51+00:00\" \/>\n<meta property=\"og:image\" content=\"https:\/\/collinescathares.com\/wp-content\/uploads\/2025\/10\/photo-Les-Coustous.jpg\" \/>\n\t<meta property=\"og:image:width\" content=\"803\" \/>\n\t<meta property=\"og:image:height\" content=\"524\" \/>\n\t<meta property=\"og:image:type\" content=\"image\/jpeg\" \/>\n<meta name=\"author\" content=\"Lucas\" \/>\n<meta name=\"twitter:card\" content=\"summary_large_image\" \/>\n<meta name=\"twitter:label1\" content=\"Escrito por\" \/>\n\t<meta name=\"twitter:data1\" content=\"Lucas\" \/>\n\t<meta name=\"twitter:label2\" content=\"Tiempo de lectura\" \/>\n\t<meta name=\"twitter:data2\" content=\"1 minuto\" \/>\n<script type=\"application\/ld+json\" class=\"yoast-schema-graph\">{\"@context\":\"https:\/\/schema.org\",\"@graph\":[{\"@type\":\"Article\",\"@id\":\"https:\/\/collinescathares.com\/es\/non-classifiee\/retour-sur-levenement-les-coustous-2025\/#article\",\"isPartOf\":{\"@id\":\"https:\/\/collinescathares.com\/es\/non-classifiee\/retour-sur-levenement-les-coustous-2025\/\"},\"author\":{\"name\":\"Lucas\",\"@id\":\"https:\/\/collinescathares.com\/es\/#\/schema\/person\/e4aa9571a8db93d46cdda9c69796bca1\"},\"headline\":\"Retour sur l\u2019\u00e9v\u00e9nement \u00ab Les Coustous \u00bb 2025\",\"datePublished\":\"2025-10-15T13:50:51+00:00\",\"mainEntityOfPage\":{\"@id\":\"https:\/\/collinescathares.com\/es\/non-classifiee\/retour-sur-levenement-les-coustous-2025\/\"},\"wordCount\":180,\"publisher\":{\"@id\":\"https:\/\/collinescathares.com\/es\/#organization\"},\"image\":{\"@id\":\"https:\/\/collinescathares.com\/es\/non-classifiee\/retour-sur-levenement-les-coustous-2025\/#primaryimage\"},\"thumbnailUrl\":\"https:\/\/collinescathares.com\/wp-content\/uploads\/2025\/10\/photo-Les-Coustous.jpg\",\"articleSection\":[\"Actualit\u00e9s\"],\"inLanguage\":\"es\"},{\"@type\":\"WebPage\",\"@id\":\"https:\/\/collinescathares.com\/es\/non-classifiee\/retour-sur-levenement-les-coustous-2025\/\",\"url\":\"https:\/\/collinescathares.com\/es\/non-classifiee\/retour-sur-levenement-les-coustous-2025\/\",\"name\":\"Retour sur l\u2019\u00e9v\u00e9nement \u00ab Les Coustous \u00bb 2025 Actualit\u00e9s - Office De Tourisme Au C\u0153ur Des Collines Cathares\",\"isPartOf\":{\"@id\":\"https:\/\/collinescathares.com\/es\/#website\"},\"primaryImageOfPage\":{\"@id\":\"https:\/\/collinescathares.com\/es\/non-classifiee\/retour-sur-levenement-les-coustous-2025\/#primaryimage\"},\"image\":{\"@id\":\"https:\/\/collinescathares.com\/es\/non-classifiee\/retour-sur-levenement-les-coustous-2025\/#primaryimage\"},\"thumbnailUrl\":\"https:\/\/collinescathares.com\/wp-content\/uploads\/2025\/10\/photo-Les-Coustous.jpg\",\"datePublished\":\"2025-10-15T13:50:51+00:00\",\"description\":\"Le samedi 11 octobre, se d\u00e9roulait l'incontournable course VTT \\\"Les Coustous\\\" organis\u00e9e par le club Lous Pounpils, partenaire de l'Office de Tourisme Actualit\u00e9s Retour sur l\u2019\u00e9v\u00e9nement \u00ab Les Coustous \u00bb 2025 Situ\u00e9 \u00e0 Fanjeaux, nous vous proposons de d\u00e9couvrir notre territoire ! , Office De Tourisme Au C\u0153ur Des Collines Cathares\",\"breadcrumb\":{\"@id\":\"https:\/\/collinescathares.com\/es\/non-classifiee\/retour-sur-levenement-les-coustous-2025\/#breadcrumb\"},\"inLanguage\":\"es\",\"potentialAction\":[{\"@type\":\"ReadAction\",\"target\":[\"https:\/\/collinescathares.com\/es\/non-classifiee\/retour-sur-levenement-les-coustous-2025\/\"]}]},{\"@type\":\"ImageObject\",\"inLanguage\":\"es\",\"@id\":\"https:\/\/collinescathares.com\/es\/non-classifiee\/retour-sur-levenement-les-coustous-2025\/#primaryimage\",\"url\":\"https:\/\/collinescathares.com\/wp-content\/uploads\/2025\/10\/photo-Les-Coustous.jpg\",\"contentUrl\":\"https:\/\/collinescathares.com\/wp-content\/uploads\/2025\/10\/photo-Les-Coustous.jpg\",\"width\":803,\"height\":524},{\"@type\":\"BreadcrumbList\",\"@id\":\"https:\/\/collinescathares.com\/es\/non-classifiee\/retour-sur-levenement-les-coustous-2025\/#breadcrumb\",\"itemListElement\":[{\"@type\":\"ListItem\",\"position\":1,\"name\":\"Inicio\",\"item\":\"https:\/\/collinescathares.com\/es\/\"},{\"@type\":\"ListItem\",\"position\":2,\"name\":\"Sin categorizar\",\"item\":\"https:\/\/collinescathares.com\/es\/category\/sin-categorizar\/\"},{\"@type\":\"ListItem\",\"position\":3,\"name\":\"Retour sur l\u2019\u00e9v\u00e9nement \u00ab Les Coustous \u00bb 2025\"}]},{\"@type\":\"WebSite\",\"@id\":\"https:\/\/collinescathares.com\/es\/#website\",\"url\":\"https:\/\/collinescathares.com\/es\/\",\"name\":\"Office De Tourisme Au C\u0153ur Des Collines Cathares\",\"description\":\"Situ\u00e9 \u00e0 Fanjeaux, nous vous proposons de d\u00e9couvrir notre territoire !\",\"publisher\":{\"@id\":\"https:\/\/collinescathares.com\/es\/#organization\"},\"potentialAction\":[{\"@type\":\"SearchAction\",\"target\":{\"@type\":\"EntryPoint\",\"urlTemplate\":\"https:\/\/collinescathares.com\/es\/?s={search_term_string}\"},\"query-input\":{\"@type\":\"PropertyValueSpecification\",\"valueRequired\":true,\"valueName\":\"search_term_string\"}}],\"inLanguage\":\"es\"},{\"@type\":\"Organization\",\"@id\":\"https:\/\/collinescathares.com\/es\/#organization\",\"name\":\"Office de Tourisme Au C\u0153ur Des Collines Cathares\",\"url\":\"https:\/\/collinescathares.com\/es\/\",\"logo\":{\"@type\":\"ImageObject\",\"inLanguage\":\"es\",\"@id\":\"https:\/\/collinescathares.com\/es\/#\/schema\/logo\/image\/\",\"url\":\"https:\/\/collinescathares.com\/wp-content\/uploads\/2020\/06\/logo_Tourisme_lauragais-1.jpg\",\"contentUrl\":\"https:\/\/collinescathares.com\/wp-content\/uploads\/2020\/06\/logo_Tourisme_lauragais-1.jpg\",\"width\":209,\"height\":250,\"caption\":\"Office de Tourisme Au C\u0153ur Des Collines Cathares\"},\"image\":{\"@id\":\"https:\/\/collinescathares.com\/es\/#\/schema\/logo\/image\/\"},\"sameAs\":[\"https:\/\/www.facebook.com\/tourismelauragais\",\"https:\/\/www.instagram.com\/officetourismecollinescathares\/?hl=fr\",\"https:\/\/www.pinterest.fr\/oticollinescathares\/boards\/\"]},{\"@type\":\"Person\",\"@id\":\"https:\/\/collinescathares.com\/es\/#\/schema\/person\/e4aa9571a8db93d46cdda9c69796bca1\",\"name\":\"Lucas\",\"image\":{\"@type\":\"ImageObject\",\"inLanguage\":\"es\",\"@id\":\"https:\/\/collinescathares.com\/es\/#\/schema\/person\/image\/\",\"url\":\"https:\/\/secure.gravatar.com\/avatar\/9ef721ed45dac462cf338b120d9b12e9?s=96&d=mm&r=g\",\"contentUrl\":\"https:\/\/secure.gravatar.com\/avatar\/9ef721ed45dac462cf338b120d9b12e9?s=96&d=mm&r=g\",\"caption\":\"Lucas\"}}]}<\/script>\n<!-- \/ Yoast SEO plugin. -->","yoast_head_json":{"title":"Retour sur l\u2019\u00e9v\u00e9nement \u00ab Les Coustous \u00bb 2025 Actualit\u00e9s - Office De Tourisme Au C\u0153ur Des Collines Cathares","description":"Le samedi 11 octobre, se d\u00e9roulait l'incontournable course VTT \"Les Coustous\" organis\u00e9e par le club Lous Pounpils, partenaire de l'Office de Tourisme Actualit\u00e9s Retour sur l\u2019\u00e9v\u00e9nement \u00ab Les Coustous \u00bb 2025 Situ\u00e9 \u00e0 Fanjeaux, nous vous proposons de d\u00e9couvrir notre territoire ! , Office De Tourisme Au C\u0153ur Des Collines Cathares","robots":{"index":"index","follow":"follow","max-snippet":"max-snippet:-1","max-image-preview":"max-image-preview:large","max-video-preview":"max-video-preview:-1"},"canonical":"https:\/\/collinescathares.com\/es\/non-classifiee\/retour-sur-levenement-les-coustous-2025\/","og_locale":"es_ES","og_type":"article","og_title":"Retour sur l\u2019\u00e9v\u00e9nement \u00ab Les Coustous \u00bb 2025 Actualit\u00e9s - Office De Tourisme Au C\u0153ur Des Collines Cathares","og_description":"Le samedi 11 octobre, se d\u00e9roulait l'incontournable course VTT \"Les Coustous\" organis\u00e9e par le club Lous Pounpils, partenaire de l'Office de Tourisme Actualit\u00e9s Retour sur l\u2019\u00e9v\u00e9nement \u00ab Les Coustous \u00bb 2025 Situ\u00e9 \u00e0 Fanjeaux, nous vous proposons de d\u00e9couvrir notre territoire ! , Office De Tourisme Au C\u0153ur Des Collines Cathares","og_url":"https:\/\/collinescathares.com\/es\/non-classifiee\/retour-sur-levenement-les-coustous-2025\/","og_site_name":"Office De Tourisme Au C\u0153ur Des Collines Cathares","article_publisher":"https:\/\/www.facebook.com\/tourismelauragais","article_published_time":"2025-10-15T13:50:51+00:00","og_image":[{"width":803,"height":524,"url":"https:\/\/collinescathares.com\/wp-content\/uploads\/2025\/10\/photo-Les-Coustous.jpg","type":"image\/jpeg"}],"author":"Lucas","twitter_card":"summary_large_image","twitter_misc":{"Escrito por":"Lucas","Tiempo de lectura":"1 minuto"},"schema":{"@context":"https:\/\/schema.org","@graph":[{"@type":"Article","@id":"https:\/\/collinescathares.com\/es\/non-classifiee\/retour-sur-levenement-les-coustous-2025\/#article","isPartOf":{"@id":"https:\/\/collinescathares.com\/es\/non-classifiee\/retour-sur-levenement-les-coustous-2025\/"},"author":{"name":"Lucas","@id":"https:\/\/collinescathares.com\/es\/#\/schema\/person\/e4aa9571a8db93d46cdda9c69796bca1"},"headline":"Retour sur l\u2019\u00e9v\u00e9nement \u00ab Les Coustous \u00bb 2025","datePublished":"2025-10-15T13:50:51+00:00","mainEntityOfPage":{"@id":"https:\/\/collinescathares.com\/es\/non-classifiee\/retour-sur-levenement-les-coustous-2025\/"},"wordCount":180,"publisher":{"@id":"https:\/\/collinescathares.com\/es\/#organization"},"image":{"@id":"https:\/\/collinescathares.com\/es\/non-classifiee\/retour-sur-levenement-les-coustous-2025\/#primaryimage"},"thumbnailUrl":"https:\/\/collinescathares.com\/wp-content\/uploads\/2025\/10\/photo-Les-Coustous.jpg","articleSection":["Actualit\u00e9s"],"inLanguage":"es"},{"@type":"WebPage","@id":"https:\/\/collinescathares.com\/es\/non-classifiee\/retour-sur-levenement-les-coustous-2025\/","url":"https:\/\/collinescathares.com\/es\/non-classifiee\/retour-sur-levenement-les-coustous-2025\/","name":"Retour sur l\u2019\u00e9v\u00e9nement \u00ab Les Coustous \u00bb 2025 Actualit\u00e9s - Office De Tourisme Au C\u0153ur Des Collines Cathares","isPartOf":{"@id":"https:\/\/collinescathares.com\/es\/#website"},"primaryImageOfPage":{"@id":"https:\/\/collinescathares.com\/es\/non-classifiee\/retour-sur-levenement-les-coustous-2025\/#primaryimage"},"image":{"@id":"https:\/\/collinescathares.com\/es\/non-classifiee\/retour-sur-levenement-les-coustous-2025\/#primaryimage"},"thumbnailUrl":"https:\/\/collinescathares.com\/wp-content\/uploads\/2025\/10\/photo-Les-Coustous.jpg","datePublished":"2025-10-15T13:50:51+00:00","description":"Le samedi 11 octobre, se d\u00e9roulait l'incontournable course VTT \"Les Coustous\" organis\u00e9e par le club Lous Pounpils, partenaire de l'Office de Tourisme Actualit\u00e9s Retour sur l\u2019\u00e9v\u00e9nement \u00ab Les Coustous \u00bb 2025 Situ\u00e9 \u00e0 Fanjeaux, nous vous proposons de d\u00e9couvrir notre territoire ! , Office De Tourisme Au C\u0153ur Des Collines Cathares","breadcrumb":{"@id":"https:\/\/collinescathares.com\/es\/non-classifiee\/retour-sur-levenement-les-coustous-2025\/#breadcrumb"},"inLanguage":"es","potentialAction":[{"@type":"ReadAction","target":["https:\/\/collinescathares.com\/es\/non-classifiee\/retour-sur-levenement-les-coustous-2025\/"]}]},{"@type":"ImageObject","inLanguage":"es","@id":"https:\/\/collinescathares.com\/es\/non-classifiee\/retour-sur-levenement-les-coustous-2025\/#primaryimage","url":"https:\/\/collinescathares.com\/wp-content\/uploads\/2025\/10\/photo-Les-Coustous.jpg","contentUrl":"https:\/\/collinescathares.com\/wp-content\/uploads\/2025\/10\/photo-Les-Coustous.jpg","width":803,"height":524},{"@type":"BreadcrumbList","@id":"https:\/\/collinescathares.com\/es\/non-classifiee\/retour-sur-levenement-les-coustous-2025\/#breadcrumb","itemListElement":[{"@type":"ListItem","position":1,"name":"Inicio","item":"https:\/\/collinescathares.com\/es\/"},{"@type":"ListItem","position":2,"name":"Sin categorizar","item":"https:\/\/collinescathares.com\/es\/category\/sin-categorizar\/"},{"@type":"ListItem","position":3,"name":"Retour sur l\u2019\u00e9v\u00e9nement \u00ab Les Coustous \u00bb 2025"}]},{"@type":"WebSite","@id":"https:\/\/collinescathares.com\/es\/#website","url":"https:\/\/collinescathares.com\/es\/","name":"Office De Tourisme Au C\u0153ur Des Collines Cathares","description":"Situ\u00e9 \u00e0 Fanjeaux, nous vous proposons de d\u00e9couvrir notre territoire !","publisher":{"@id":"https:\/\/collinescathares.com\/es\/#organization"},"potentialAction":[{"@type":"SearchAction","target":{"@type":"EntryPoint","urlTemplate":"https:\/\/collinescathares.com\/es\/?s={search_term_string}"},"query-input":{"@type":"PropertyValueSpecification","valueRequired":true,"valueName":"search_term_string"}}],"inLanguage":"es"},{"@type":"Organization","@id":"https:\/\/collinescathares.com\/es\/#organization","name":"Office de Tourisme Au C\u0153ur Des Collines Cathares","url":"https:\/\/collinescathares.com\/es\/","logo":{"@type":"ImageObject","inLanguage":"es","@id":"https:\/\/collinescathares.com\/es\/#\/schema\/logo\/image\/","url":"https:\/\/collinescathares.com\/wp-content\/uploads\/2020\/06\/logo_Tourisme_lauragais-1.jpg","contentUrl":"https:\/\/collinescathares.com\/wp-content\/uploads\/2020\/06\/logo_Tourisme_lauragais-1.jpg","width":209,"height":250,"caption":"Office de Tourisme Au C\u0153ur Des Collines Cathares"},"image":{"@id":"https:\/\/collinescathares.com\/es\/#\/schema\/logo\/image\/"},"sameAs":["https:\/\/www.facebook.com\/tourismelauragais","https:\/\/www.instagram.com\/officetourismecollinescathares\/?hl=fr","https:\/\/www.pinterest.fr\/oticollinescathares\/boards\/"]},{"@type":"Person","@id":"https:\/\/collinescathares.com\/es\/#\/schema\/person\/e4aa9571a8db93d46cdda9c69796bca1","name":"Lucas","image":{"@type":"ImageObject","inLanguage":"es","@id":"https:\/\/collinescathares.com\/es\/#\/schema\/person\/image\/","url":"https:\/\/secure.gravatar.com\/avatar\/9ef721ed45dac462cf338b120d9b12e9?s=96&d=mm&r=g","contentUrl":"https:\/\/secure.gravatar.com\/avatar\/9ef721ed45dac462cf338b120d9b12e9?s=96&d=mm&r=g","caption":"Lucas"}}]}},"_links":{"self":[{"href":"https:\/\/collinescathares.com\/es\/wp-json\/wp\/v2\/posts\/259239","targetHints":{"allow":["GET"]}}],"collection":[{"href":"https:\/\/collinescathares.com\/es\/wp-json\/wp\/v2\/posts"}],"about":[{"href":"https:\/\/collinescathares.com\/es\/wp-json\/wp\/v2\/types\/post"}],"author":[{"embeddable":true,"href":"https:\/\/collinescathares.com\/es\/wp-json\/wp\/v2\/users\/3"}],"replies":[{"embeddable":true,"href":"https:\/\/collinescathares.com\/es\/wp-json\/wp\/v2\/comments?post=259239"}],"version-history":[{"count":1,"href":"https:\/\/collinescathares.com\/es\/wp-json\/wp\/v2\/posts\/259239\/revisions"}],"predecessor-version":[{"id":259243,"href":"https:\/\/collinescathares.com\/es\/wp-json\/wp\/v2\/posts\/259239\/revisions\/259243"}],"wp:featuredmedia":[{"embeddable":true,"href":"https:\/\/collinescathares.com\/es\/wp-json\/wp\/v2\/media\/259240"}],"wp:attachment":[{"href":"https:\/\/collinescathares.com\/es\/wp-json\/wp\/v2\/media?parent=259239"}],"wp:term":[{"taxonomy":"category","embeddable":true,"href":"https:\/\/collinescathares.com\/es\/wp-json\/wp\/v2\/categories?post=259239"},{"taxonomy":"post_tag","embeddable":true,"href":"https:\/\/collinescathares.com\/es\/wp-json\/wp\/v2\/tags?post=259239"}],"curies":[{"name":"wp","href":"https:\/\/api.w.org\/{rel}","templated":true}]}}