{"id":259602,"date":"2025-10-29T17:01:37","date_gmt":"2025-10-29T16:01:37","guid":{"rendered":"https:\/\/collinescathares.com\/?p=259602"},"modified":"2025-10-29T17:04:04","modified_gmt":"2025-10-29T16:04:04","slug":"nos-3-points-dinformation-touristique-ont-obtenu-le-label-accueil-velo","status":"publish","type":"post","link":"https:\/\/collinescathares.com\/es\/non-classifiee\/nos-3-points-dinformation-touristique-ont-obtenu-le-label-accueil-velo\/","title":{"rendered":"Nos 3 points d\u2019information touristique ont obtenu le label \u201cAccueil V\u00e9lo\u201d !"},"content":{"rendered":"<p>&nbsp;<\/p>\n<p><strong>\ud83d\udeb4\u200d\u2640\ufe0f<\/strong><strong> Grande nouvelle ! Nos 3 points d\u2019information touristique \u00e0 Bram, Fanjeaux et Montr\u00e9al d\u2019Aude ont obtenu le label \u201cAccueil V\u00e9lo\u201d ! <\/strong><strong>\ud83c\udf89<\/strong><\/p>\n<p>Le mardi 28 octobre 2025, l\u2019Agence de D\u00e9veloppement Touristique de l&#8217;Aude (Aude Tourisme), repr\u00e9sent\u00e9e par Dorian MAT\u00c9OS, et l\u2019Office de Tourisme \u00ab Au C\u0153ur des Collines Cathares \u00bb, dirig\u00e9 par Sandra GIBELLINI, accompagn\u00e9e de Coralie POLVOREDA, \u00e9taient aux c\u00f4t\u00e9s des \u00e9lus de la CCPLM avec M. Andr\u00e9 VIOLA, pr\u00e9sident, Estelle VILESPY, vice-pr\u00e9sidente en charge du tourisme, ainsi que les maires Claudie FAUCON-MEJEAN (Bram), Aur\u00e9lien PASSEMAR (Fanjeaux) et Philippe LANNES (repr\u00e9sentant Montr\u00e9al d\u2019Aude), pour officialiser cette belle \u00e9tape.<\/p>\n<p>Ces nouveaux points d\u2019accueil rejoignent les 13 prestataires d\u00e9j\u00e0 labellis\u00e9s dans notre territoire, garantissant un accueil de qualit\u00e9 pour tous les cyclistes le long des voies vertes et parcours cyclables. \ud83d\udeb2<\/p>\n<p>Une avanc\u00e9e qui renforce notre territoire comme destination id\u00e9ale pour les amateurs de v\u00e9lo et de d\u00e9couvertes ! \ud83c\udf1f<\/p>\n<p>\ud83d\udd17 Retrouvez toutes les infos sur notre <a href=\"https:\/\/collinescathares.com\/preparer-votre-sejour\/accueil-velo\/\">page d\u00e9di\u00e9e<\/a>.<\/p>\n<p>\ud83d\udcd8 Et d\u00e9couvrez notre <a href=\"https:\/\/collinescathares.com\/wp-content\/uploads\/2025\/09\/Guide-Accueil-Velo-2025.pdf\">brochure Accueil V\u00e9lo 2025<\/a> pour rencontrer les prestataires labellis\u00e9s.<\/p>\n","protected":false},"excerpt":{"rendered":"<p>&nbsp; \ud83d\udeb4\u200d\u2640\ufe0f Grande nouvelle ! Nos 3 points d\u2019information touristique \u00e0 Bram, Fanjeaux et Montr\u00e9al d\u2019Aude ont obtenu le label \u201cAccueil V\u00e9lo\u201d ! \ud83c\udf89 Le mardi 28 octobre 2025, l\u2019Agence de D\u00e9veloppement Touristique de l&#8217;Aude (Aude Tourisme), repr\u00e9sent\u00e9e par Dorian MAT\u00c9OS, et l\u2019Office de Tourisme \u00ab Au C\u0153ur des Collines Cathares \u00bb, dirig\u00e9 par Sandra [&hellip;]<\/p>\n","protected":false},"author":3,"featured_media":259603,"comment_status":"closed","ping_status":"closed","sticky":false,"template":"","format":"standard","meta":{"_acf_changed":false,"footnotes":""},"categories":[1],"tags":[],"class_list":["post-259602","post","type-post","status-publish","format-standard","has-post-thumbnail","hentry","category-non-classifiee"],"acf":[],"yoast_head":"<!-- This site is optimized with the Yoast SEO plugin v26.8 - https:\/\/yoast.com\/product\/yoast-seo-wordpress\/ -->\n<title>Nos 3 points d\u2019information touristique ont obtenu le label \u201cAccueil V\u00e9lo\u201d ! Actualit\u00e9s - Office De Tourisme Au C\u0153ur Des Collines Cathares<\/title>\n<meta name=\"description\" content=\"&nbsp; \ud83d\udeb4\u200d\u2640\ufe0f Grande nouvelle ! Nos 3 points d\u2019information touristique \u00e0 Bram, Fanjeaux et Montr\u00e9al d\u2019Aude ont obtenu le label \u201cAccueil V\u00e9lo\u201d ! \ud83c\udf89 Le mardi Actualit\u00e9s Nos 3 points d\u2019information touristique ont obtenu le label \u201cAccueil V\u00e9lo\u201d ! Situ\u00e9 \u00e0 Fanjeaux, nous vous proposons de d\u00e9couvrir notre territoire ! , Office De Tourisme Au C\u0153ur Des Collines Cathares\" \/>\n<meta name=\"robots\" content=\"index, follow, max-snippet:-1, max-image-preview:large, max-video-preview:-1\" \/>\n<link rel=\"canonical\" href=\"https:\/\/collinescathares.com\/es\/non-classifiee\/nos-3-points-dinformation-touristique-ont-obtenu-le-label-accueil-velo\/\" \/>\n<meta property=\"og:locale\" content=\"es_ES\" \/>\n<meta property=\"og:type\" content=\"article\" \/>\n<meta property=\"og:title\" content=\"Nos 3 points d\u2019information touristique ont obtenu le label \u201cAccueil V\u00e9lo\u201d ! Actualit\u00e9s - Office De Tourisme Au C\u0153ur Des Collines Cathares\" \/>\n<meta property=\"og:description\" content=\"&nbsp; \ud83d\udeb4\u200d\u2640\ufe0f Grande nouvelle ! Nos 3 points d\u2019information touristique \u00e0 Bram, Fanjeaux et Montr\u00e9al d\u2019Aude ont obtenu le label \u201cAccueil V\u00e9lo\u201d ! \ud83c\udf89 Le mardi Actualit\u00e9s Nos 3 points d\u2019information touristique ont obtenu le label \u201cAccueil V\u00e9lo\u201d ! Situ\u00e9 \u00e0 Fanjeaux, nous vous proposons de d\u00e9couvrir notre territoire ! , Office De Tourisme Au C\u0153ur Des Collines Cathares\" \/>\n<meta property=\"og:url\" content=\"https:\/\/collinescathares.com\/es\/non-classifiee\/nos-3-points-dinformation-touristique-ont-obtenu-le-label-accueil-velo\/\" \/>\n<meta property=\"og:site_name\" content=\"Office De Tourisme Au C\u0153ur Des Collines Cathares\" \/>\n<meta property=\"article:publisher\" content=\"https:\/\/www.facebook.com\/tourismelauragais\" \/>\n<meta property=\"article:published_time\" content=\"2025-10-29T16:01:37+00:00\" \/>\n<meta property=\"article:modified_time\" content=\"2025-10-29T16:04:04+00:00\" \/>\n<meta property=\"og:image\" content=\"https:\/\/collinescathares.com\/wp-content\/uploads\/2025\/10\/Labellisation-Accueil-Velo.jpg\" \/>\n\t<meta property=\"og:image:width\" content=\"900\" \/>\n\t<meta property=\"og:image:height\" content=\"1500\" \/>\n\t<meta property=\"og:image:type\" content=\"image\/jpeg\" \/>\n<meta name=\"author\" content=\"Lucas\" \/>\n<meta name=\"twitter:card\" content=\"summary_large_image\" \/>\n<meta name=\"twitter:label1\" content=\"Escrito por\" \/>\n\t<meta name=\"twitter:data1\" content=\"Lucas\" \/>\n\t<meta name=\"twitter:label2\" content=\"Tiempo de lectura\" \/>\n\t<meta name=\"twitter:data2\" content=\"2 minutos\" \/>\n<script type=\"application\/ld+json\" class=\"yoast-schema-graph\">{\"@context\":\"https:\/\/schema.org\",\"@graph\":[{\"@type\":\"Article\",\"@id\":\"https:\/\/collinescathares.com\/es\/non-classifiee\/nos-3-points-dinformation-touristique-ont-obtenu-le-label-accueil-velo\/#article\",\"isPartOf\":{\"@id\":\"https:\/\/collinescathares.com\/es\/non-classifiee\/nos-3-points-dinformation-touristique-ont-obtenu-le-label-accueil-velo\/\"},\"author\":{\"name\":\"Lucas\",\"@id\":\"https:\/\/collinescathares.com\/es\/#\/schema\/person\/e4aa9571a8db93d46cdda9c69796bca1\"},\"headline\":\"Nos 3 points d\u2019information touristique ont obtenu le label \u201cAccueil V\u00e9lo\u201d !\",\"datePublished\":\"2025-10-29T16:01:37+00:00\",\"dateModified\":\"2025-10-29T16:04:04+00:00\",\"mainEntityOfPage\":{\"@id\":\"https:\/\/collinescathares.com\/es\/non-classifiee\/nos-3-points-dinformation-touristique-ont-obtenu-le-label-accueil-velo\/\"},\"wordCount\":201,\"publisher\":{\"@id\":\"https:\/\/collinescathares.com\/es\/#organization\"},\"image\":{\"@id\":\"https:\/\/collinescathares.com\/es\/non-classifiee\/nos-3-points-dinformation-touristique-ont-obtenu-le-label-accueil-velo\/#primaryimage\"},\"thumbnailUrl\":\"https:\/\/collinescathares.com\/wp-content\/uploads\/2025\/10\/Labellisation-Accueil-Velo.jpg\",\"articleSection\":[\"Actualit\u00e9s\"],\"inLanguage\":\"es\"},{\"@type\":\"WebPage\",\"@id\":\"https:\/\/collinescathares.com\/es\/non-classifiee\/nos-3-points-dinformation-touristique-ont-obtenu-le-label-accueil-velo\/\",\"url\":\"https:\/\/collinescathares.com\/es\/non-classifiee\/nos-3-points-dinformation-touristique-ont-obtenu-le-label-accueil-velo\/\",\"name\":\"Nos 3 points d\u2019information touristique ont obtenu le label \u201cAccueil V\u00e9lo\u201d ! Actualit\u00e9s - Office De Tourisme Au C\u0153ur Des Collines Cathares\",\"isPartOf\":{\"@id\":\"https:\/\/collinescathares.com\/es\/#website\"},\"primaryImageOfPage\":{\"@id\":\"https:\/\/collinescathares.com\/es\/non-classifiee\/nos-3-points-dinformation-touristique-ont-obtenu-le-label-accueil-velo\/#primaryimage\"},\"image\":{\"@id\":\"https:\/\/collinescathares.com\/es\/non-classifiee\/nos-3-points-dinformation-touristique-ont-obtenu-le-label-accueil-velo\/#primaryimage\"},\"thumbnailUrl\":\"https:\/\/collinescathares.com\/wp-content\/uploads\/2025\/10\/Labellisation-Accueil-Velo.jpg\",\"datePublished\":\"2025-10-29T16:01:37+00:00\",\"dateModified\":\"2025-10-29T16:04:04+00:00\",\"description\":\"&nbsp; \ud83d\udeb4\u200d\u2640\ufe0f Grande nouvelle ! Nos 3 points d\u2019information touristique \u00e0 Bram, Fanjeaux et Montr\u00e9al d\u2019Aude ont obtenu le label \u201cAccueil V\u00e9lo\u201d ! \ud83c\udf89 Le mardi Actualit\u00e9s Nos 3 points d\u2019information touristique ont obtenu le label \u201cAccueil V\u00e9lo\u201d ! Situ\u00e9 \u00e0 Fanjeaux, nous vous proposons de d\u00e9couvrir notre territoire ! , Office De Tourisme Au C\u0153ur Des Collines Cathares\",\"breadcrumb\":{\"@id\":\"https:\/\/collinescathares.com\/es\/non-classifiee\/nos-3-points-dinformation-touristique-ont-obtenu-le-label-accueil-velo\/#breadcrumb\"},\"inLanguage\":\"es\",\"potentialAction\":[{\"@type\":\"ReadAction\",\"target\":[\"https:\/\/collinescathares.com\/es\/non-classifiee\/nos-3-points-dinformation-touristique-ont-obtenu-le-label-accueil-velo\/\"]}]},{\"@type\":\"ImageObject\",\"inLanguage\":\"es\",\"@id\":\"https:\/\/collinescathares.com\/es\/non-classifiee\/nos-3-points-dinformation-touristique-ont-obtenu-le-label-accueil-velo\/#primaryimage\",\"url\":\"https:\/\/collinescathares.com\/wp-content\/uploads\/2025\/10\/Labellisation-Accueil-Velo.jpg\",\"contentUrl\":\"https:\/\/collinescathares.com\/wp-content\/uploads\/2025\/10\/Labellisation-Accueil-Velo.jpg\",\"width\":900,\"height\":1500},{\"@type\":\"BreadcrumbList\",\"@id\":\"https:\/\/collinescathares.com\/es\/non-classifiee\/nos-3-points-dinformation-touristique-ont-obtenu-le-label-accueil-velo\/#breadcrumb\",\"itemListElement\":[{\"@type\":\"ListItem\",\"position\":1,\"name\":\"Inicio\",\"item\":\"https:\/\/collinescathares.com\/es\/\"},{\"@type\":\"ListItem\",\"position\":2,\"name\":\"Sin categorizar\",\"item\":\"https:\/\/collinescathares.com\/es\/category\/sin-categorizar\/\"},{\"@type\":\"ListItem\",\"position\":3,\"name\":\"Nos 3 points d\u2019information touristique ont obtenu le label \u201cAccueil V\u00e9lo\u201d !\"}]},{\"@type\":\"WebSite\",\"@id\":\"https:\/\/collinescathares.com\/es\/#website\",\"url\":\"https:\/\/collinescathares.com\/es\/\",\"name\":\"Office De Tourisme Au C\u0153ur Des Collines Cathares\",\"description\":\"Situ\u00e9 \u00e0 Fanjeaux, nous vous proposons de d\u00e9couvrir notre territoire !\",\"publisher\":{\"@id\":\"https:\/\/collinescathares.com\/es\/#organization\"},\"potentialAction\":[{\"@type\":\"SearchAction\",\"target\":{\"@type\":\"EntryPoint\",\"urlTemplate\":\"https:\/\/collinescathares.com\/es\/?s={search_term_string}\"},\"query-input\":{\"@type\":\"PropertyValueSpecification\",\"valueRequired\":true,\"valueName\":\"search_term_string\"}}],\"inLanguage\":\"es\"},{\"@type\":\"Organization\",\"@id\":\"https:\/\/collinescathares.com\/es\/#organization\",\"name\":\"Office de Tourisme Au C\u0153ur Des Collines Cathares\",\"url\":\"https:\/\/collinescathares.com\/es\/\",\"logo\":{\"@type\":\"ImageObject\",\"inLanguage\":\"es\",\"@id\":\"https:\/\/collinescathares.com\/es\/#\/schema\/logo\/image\/\",\"url\":\"https:\/\/collinescathares.com\/wp-content\/uploads\/2020\/06\/logo_Tourisme_lauragais-1.jpg\",\"contentUrl\":\"https:\/\/collinescathares.com\/wp-content\/uploads\/2020\/06\/logo_Tourisme_lauragais-1.jpg\",\"width\":209,\"height\":250,\"caption\":\"Office de Tourisme Au C\u0153ur Des Collines Cathares\"},\"image\":{\"@id\":\"https:\/\/collinescathares.com\/es\/#\/schema\/logo\/image\/\"},\"sameAs\":[\"https:\/\/www.facebook.com\/tourismelauragais\",\"https:\/\/www.instagram.com\/officetourismecollinescathares\/?hl=fr\",\"https:\/\/www.pinterest.fr\/oticollinescathares\/boards\/\"]},{\"@type\":\"Person\",\"@id\":\"https:\/\/collinescathares.com\/es\/#\/schema\/person\/e4aa9571a8db93d46cdda9c69796bca1\",\"name\":\"Lucas\",\"image\":{\"@type\":\"ImageObject\",\"inLanguage\":\"es\",\"@id\":\"https:\/\/collinescathares.com\/es\/#\/schema\/person\/image\/\",\"url\":\"https:\/\/secure.gravatar.com\/avatar\/9ef721ed45dac462cf338b120d9b12e9?s=96&d=mm&r=g\",\"contentUrl\":\"https:\/\/secure.gravatar.com\/avatar\/9ef721ed45dac462cf338b120d9b12e9?s=96&d=mm&r=g\",\"caption\":\"Lucas\"}}]}<\/script>\n<!-- \/ Yoast SEO plugin. -->","yoast_head_json":{"title":"Nos 3 points d\u2019information touristique ont obtenu le label \u201cAccueil V\u00e9lo\u201d ! Actualit\u00e9s - Office De Tourisme Au C\u0153ur Des Collines Cathares","description":"&nbsp; \ud83d\udeb4\u200d\u2640\ufe0f Grande nouvelle ! Nos 3 points d\u2019information touristique \u00e0 Bram, Fanjeaux et Montr\u00e9al d\u2019Aude ont obtenu le label \u201cAccueil V\u00e9lo\u201d ! \ud83c\udf89 Le mardi Actualit\u00e9s Nos 3 points d\u2019information touristique ont obtenu le label \u201cAccueil V\u00e9lo\u201d ! Situ\u00e9 \u00e0 Fanjeaux, nous vous proposons de d\u00e9couvrir notre territoire ! , Office De Tourisme Au C\u0153ur Des Collines Cathares","robots":{"index":"index","follow":"follow","max-snippet":"max-snippet:-1","max-image-preview":"max-image-preview:large","max-video-preview":"max-video-preview:-1"},"canonical":"https:\/\/collinescathares.com\/es\/non-classifiee\/nos-3-points-dinformation-touristique-ont-obtenu-le-label-accueil-velo\/","og_locale":"es_ES","og_type":"article","og_title":"Nos 3 points d\u2019information touristique ont obtenu le label \u201cAccueil V\u00e9lo\u201d ! Actualit\u00e9s - Office De Tourisme Au C\u0153ur Des Collines Cathares","og_description":"&nbsp; \ud83d\udeb4\u200d\u2640\ufe0f Grande nouvelle ! Nos 3 points d\u2019information touristique \u00e0 Bram, Fanjeaux et Montr\u00e9al d\u2019Aude ont obtenu le label \u201cAccueil V\u00e9lo\u201d ! \ud83c\udf89 Le mardi Actualit\u00e9s Nos 3 points d\u2019information touristique ont obtenu le label \u201cAccueil V\u00e9lo\u201d ! Situ\u00e9 \u00e0 Fanjeaux, nous vous proposons de d\u00e9couvrir notre territoire ! , Office De Tourisme Au C\u0153ur Des Collines Cathares","og_url":"https:\/\/collinescathares.com\/es\/non-classifiee\/nos-3-points-dinformation-touristique-ont-obtenu-le-label-accueil-velo\/","og_site_name":"Office De Tourisme Au C\u0153ur Des Collines Cathares","article_publisher":"https:\/\/www.facebook.com\/tourismelauragais","article_published_time":"2025-10-29T16:01:37+00:00","article_modified_time":"2025-10-29T16:04:04+00:00","og_image":[{"width":900,"height":1500,"url":"https:\/\/collinescathares.com\/wp-content\/uploads\/2025\/10\/Labellisation-Accueil-Velo.jpg","type":"image\/jpeg"}],"author":"Lucas","twitter_card":"summary_large_image","twitter_misc":{"Escrito por":"Lucas","Tiempo de lectura":"2 minutos"},"schema":{"@context":"https:\/\/schema.org","@graph":[{"@type":"Article","@id":"https:\/\/collinescathares.com\/es\/non-classifiee\/nos-3-points-dinformation-touristique-ont-obtenu-le-label-accueil-velo\/#article","isPartOf":{"@id":"https:\/\/collinescathares.com\/es\/non-classifiee\/nos-3-points-dinformation-touristique-ont-obtenu-le-label-accueil-velo\/"},"author":{"name":"Lucas","@id":"https:\/\/collinescathares.com\/es\/#\/schema\/person\/e4aa9571a8db93d46cdda9c69796bca1"},"headline":"Nos 3 points d\u2019information touristique ont obtenu le label \u201cAccueil V\u00e9lo\u201d !","datePublished":"2025-10-29T16:01:37+00:00","dateModified":"2025-10-29T16:04:04+00:00","mainEntityOfPage":{"@id":"https:\/\/collinescathares.com\/es\/non-classifiee\/nos-3-points-dinformation-touristique-ont-obtenu-le-label-accueil-velo\/"},"wordCount":201,"publisher":{"@id":"https:\/\/collinescathares.com\/es\/#organization"},"image":{"@id":"https:\/\/collinescathares.com\/es\/non-classifiee\/nos-3-points-dinformation-touristique-ont-obtenu-le-label-accueil-velo\/#primaryimage"},"thumbnailUrl":"https:\/\/collinescathares.com\/wp-content\/uploads\/2025\/10\/Labellisation-Accueil-Velo.jpg","articleSection":["Actualit\u00e9s"],"inLanguage":"es"},{"@type":"WebPage","@id":"https:\/\/collinescathares.com\/es\/non-classifiee\/nos-3-points-dinformation-touristique-ont-obtenu-le-label-accueil-velo\/","url":"https:\/\/collinescathares.com\/es\/non-classifiee\/nos-3-points-dinformation-touristique-ont-obtenu-le-label-accueil-velo\/","name":"Nos 3 points d\u2019information touristique ont obtenu le label \u201cAccueil V\u00e9lo\u201d ! Actualit\u00e9s - Office De Tourisme Au C\u0153ur Des Collines Cathares","isPartOf":{"@id":"https:\/\/collinescathares.com\/es\/#website"},"primaryImageOfPage":{"@id":"https:\/\/collinescathares.com\/es\/non-classifiee\/nos-3-points-dinformation-touristique-ont-obtenu-le-label-accueil-velo\/#primaryimage"},"image":{"@id":"https:\/\/collinescathares.com\/es\/non-classifiee\/nos-3-points-dinformation-touristique-ont-obtenu-le-label-accueil-velo\/#primaryimage"},"thumbnailUrl":"https:\/\/collinescathares.com\/wp-content\/uploads\/2025\/10\/Labellisation-Accueil-Velo.jpg","datePublished":"2025-10-29T16:01:37+00:00","dateModified":"2025-10-29T16:04:04+00:00","description":"&nbsp; \ud83d\udeb4\u200d\u2640\ufe0f Grande nouvelle ! Nos 3 points d\u2019information touristique \u00e0 Bram, Fanjeaux et Montr\u00e9al d\u2019Aude ont obtenu le label \u201cAccueil V\u00e9lo\u201d ! \ud83c\udf89 Le mardi Actualit\u00e9s Nos 3 points d\u2019information touristique ont obtenu le label \u201cAccueil V\u00e9lo\u201d ! Situ\u00e9 \u00e0 Fanjeaux, nous vous proposons de d\u00e9couvrir notre territoire ! , Office De Tourisme Au C\u0153ur Des Collines Cathares","breadcrumb":{"@id":"https:\/\/collinescathares.com\/es\/non-classifiee\/nos-3-points-dinformation-touristique-ont-obtenu-le-label-accueil-velo\/#breadcrumb"},"inLanguage":"es","potentialAction":[{"@type":"ReadAction","target":["https:\/\/collinescathares.com\/es\/non-classifiee\/nos-3-points-dinformation-touristique-ont-obtenu-le-label-accueil-velo\/"]}]},{"@type":"ImageObject","inLanguage":"es","@id":"https:\/\/collinescathares.com\/es\/non-classifiee\/nos-3-points-dinformation-touristique-ont-obtenu-le-label-accueil-velo\/#primaryimage","url":"https:\/\/collinescathares.com\/wp-content\/uploads\/2025\/10\/Labellisation-Accueil-Velo.jpg","contentUrl":"https:\/\/collinescathares.com\/wp-content\/uploads\/2025\/10\/Labellisation-Accueil-Velo.jpg","width":900,"height":1500},{"@type":"BreadcrumbList","@id":"https:\/\/collinescathares.com\/es\/non-classifiee\/nos-3-points-dinformation-touristique-ont-obtenu-le-label-accueil-velo\/#breadcrumb","itemListElement":[{"@type":"ListItem","position":1,"name":"Inicio","item":"https:\/\/collinescathares.com\/es\/"},{"@type":"ListItem","position":2,"name":"Sin categorizar","item":"https:\/\/collinescathares.com\/es\/category\/sin-categorizar\/"},{"@type":"ListItem","position":3,"name":"Nos 3 points d\u2019information touristique ont obtenu le label \u201cAccueil V\u00e9lo\u201d !"}]},{"@type":"WebSite","@id":"https:\/\/collinescathares.com\/es\/#website","url":"https:\/\/collinescathares.com\/es\/","name":"Office De Tourisme Au C\u0153ur Des Collines Cathares","description":"Situ\u00e9 \u00e0 Fanjeaux, nous vous proposons de d\u00e9couvrir notre territoire !","publisher":{"@id":"https:\/\/collinescathares.com\/es\/#organization"},"potentialAction":[{"@type":"SearchAction","target":{"@type":"EntryPoint","urlTemplate":"https:\/\/collinescathares.com\/es\/?s={search_term_string}"},"query-input":{"@type":"PropertyValueSpecification","valueRequired":true,"valueName":"search_term_string"}}],"inLanguage":"es"},{"@type":"Organization","@id":"https:\/\/collinescathares.com\/es\/#organization","name":"Office de Tourisme Au C\u0153ur Des Collines Cathares","url":"https:\/\/collinescathares.com\/es\/","logo":{"@type":"ImageObject","inLanguage":"es","@id":"https:\/\/collinescathares.com\/es\/#\/schema\/logo\/image\/","url":"https:\/\/collinescathares.com\/wp-content\/uploads\/2020\/06\/logo_Tourisme_lauragais-1.jpg","contentUrl":"https:\/\/collinescathares.com\/wp-content\/uploads\/2020\/06\/logo_Tourisme_lauragais-1.jpg","width":209,"height":250,"caption":"Office de Tourisme Au C\u0153ur Des Collines Cathares"},"image":{"@id":"https:\/\/collinescathares.com\/es\/#\/schema\/logo\/image\/"},"sameAs":["https:\/\/www.facebook.com\/tourismelauragais","https:\/\/www.instagram.com\/officetourismecollinescathares\/?hl=fr","https:\/\/www.pinterest.fr\/oticollinescathares\/boards\/"]},{"@type":"Person","@id":"https:\/\/collinescathares.com\/es\/#\/schema\/person\/e4aa9571a8db93d46cdda9c69796bca1","name":"Lucas","image":{"@type":"ImageObject","inLanguage":"es","@id":"https:\/\/collinescathares.com\/es\/#\/schema\/person\/image\/","url":"https:\/\/secure.gravatar.com\/avatar\/9ef721ed45dac462cf338b120d9b12e9?s=96&d=mm&r=g","contentUrl":"https:\/\/secure.gravatar.com\/avatar\/9ef721ed45dac462cf338b120d9b12e9?s=96&d=mm&r=g","caption":"Lucas"}}]}},"_links":{"self":[{"href":"https:\/\/collinescathares.com\/es\/wp-json\/wp\/v2\/posts\/259602","targetHints":{"allow":["GET"]}}],"collection":[{"href":"https:\/\/collinescathares.com\/es\/wp-json\/wp\/v2\/posts"}],"about":[{"href":"https:\/\/collinescathares.com\/es\/wp-json\/wp\/v2\/types\/post"}],"author":[{"embeddable":true,"href":"https:\/\/collinescathares.com\/es\/wp-json\/wp\/v2\/users\/3"}],"replies":[{"embeddable":true,"href":"https:\/\/collinescathares.com\/es\/wp-json\/wp\/v2\/comments?post=259602"}],"version-history":[{"count":2,"href":"https:\/\/collinescathares.com\/es\/wp-json\/wp\/v2\/posts\/259602\/revisions"}],"predecessor-version":[{"id":259608,"href":"https:\/\/collinescathares.com\/es\/wp-json\/wp\/v2\/posts\/259602\/revisions\/259608"}],"wp:featuredmedia":[{"embeddable":true,"href":"https:\/\/collinescathares.com\/es\/wp-json\/wp\/v2\/media\/259603"}],"wp:attachment":[{"href":"https:\/\/collinescathares.com\/es\/wp-json\/wp\/v2\/media?parent=259602"}],"wp:term":[{"taxonomy":"category","embeddable":true,"href":"https:\/\/collinescathares.com\/es\/wp-json\/wp\/v2\/categories?post=259602"},{"taxonomy":"post_tag","embeddable":true,"href":"https:\/\/collinescathares.com\/es\/wp-json\/wp\/v2\/tags?post=259602"}],"curies":[{"name":"wp","href":"https:\/\/api.w.org\/{rel}","templated":true}]}}