{"id":260923,"date":"2026-01-22T02:01:00","date_gmt":"2026-01-22T01:01:00","guid":{"rendered":"https:\/\/collinescathares.com\/prestataires\/centre-equestre-du-caire\/"},"modified":"2026-04-29T03:00:05","modified_gmt":"2026-04-29T01:00:05","slug":"centre-equestre-du-caire","status":"publish","type":"post","link":"https:\/\/collinescathares.com\/es\/prestataires\/centre-equestre-du-caire\/","title":{"rendered":"CENTRE \u00c9QUESTRE DU CA\u00cfRE"},"content":{"rendered":"<p>Le centre \u00e9questre du Ca\u00efre vous accueille toute l&#8217;ann\u00e9e \u00e0 Villasavary, dans une ambiance conviviale et familiale. <\/p>\n<p>Plusieurs prestations y sont propos\u00e9es par les encadrants dipl\u00f4m\u00e9s d&#8217;Etat :<\/p>\n<p>&#8211; Les le\u00e7ons pour les adh\u00e9rents :<br \/>\n\u00c0 partir de 2 ans et demi, les enfants peuvent d\u00e9buter les cours d&#8217;\u00e9quitation en Baby poney.<br \/>\n\u00c0 partir de 6 ans, des cours d&#8217;une heure \u00e0 poney par niveau.<br \/>\nPour les ados et les adultes, des cours d&#8217;une heure \u00e0 cheval (du d\u00e9butant au Galop7).<\/p>\n<p>&#8211; Les stages pour les adh\u00e9rents et non adh\u00e9rents (ouverts \u00e0 tous) :<br \/>\nPendant une journ\u00e9e, une demi-journ\u00e9e ou la semaine durant les vacances scolaires. <\/p>\n<p>&#8211; L&#8217;accompagnement des cavaliers pour r\u00e9aliser des concours de CSO. <\/p>\n<p>&#8211; Un service de pension pour les \u00e9quid\u00e9s (boxe, paddock).<\/p>\n","protected":false},"excerpt":{"rendered":"<p>Le centre \u00e9questre du Ca\u00efre vous accueille toute l&#8217;ann\u00e9e \u00e0 Villasavary, dans une ambiance conviviale et familiale. Plusieurs prestations y sont propos\u00e9es par les encadrants dipl\u00f4m\u00e9s d&#8217;Etat : &#8211; Les le\u00e7ons pour les adh\u00e9rents : \u00c0 partir de 2 ans et demi, les enfants peuvent d\u00e9buter les cours d&#8217;\u00e9quitation en Baby poney. \u00c0 partir de [&hellip;]<\/p>\n","protected":false},"author":1,"featured_media":101457,"comment_status":"closed","ping_status":"closed","sticky":false,"template":"","format":"standard","meta":{"_acf_changed":false,"footnotes":""},"categories":[15],"tags":[],"class_list":["post-260923","post","type-post","status-publish","format-standard","has-post-thumbnail","hentry","category-prestataires"],"acf":[],"yoast_head":"<!-- This site is optimized with the Yoast SEO plugin v26.8 - https:\/\/yoast.com\/product\/yoast-seo-wordpress\/ -->\n<title>CENTRE \u00c9QUESTRE DU CA\u00cfRE Prestataires - Office De Tourisme Au C\u0153ur Des Collines Cathares<\/title>\n<meta name=\"description\" content=\"Le centre \u00e9questre du Ca\u00efre vous accueille toute l&#039;ann\u00e9e \u00e0 Villasavary, dans une ambiance conviviale et familiale. Plusieurs prestations y sont propos\u00e9es Prestataires CENTRE \u00c9QUESTRE DU CA\u00cfRE Situ\u00e9 \u00e0 Fanjeaux, nous vous proposons de d\u00e9couvrir notre territoire ! , Office De Tourisme Au C\u0153ur Des Collines Cathares\" \/>\n<meta name=\"robots\" content=\"index, follow, max-snippet:-1, max-image-preview:large, max-video-preview:-1\" \/>\n<link rel=\"canonical\" href=\"https:\/\/collinescathares.com\/es\/prestataires\/centre-equestre-du-caire\/\" \/>\n<meta property=\"og:locale\" content=\"es_ES\" \/>\n<meta property=\"og:type\" content=\"article\" \/>\n<meta property=\"og:title\" content=\"CENTRE \u00c9QUESTRE DU CA\u00cfRE Prestataires - Office De Tourisme Au C\u0153ur Des Collines Cathares\" \/>\n<meta property=\"og:description\" content=\"Le centre \u00e9questre du Ca\u00efre vous accueille toute l&#039;ann\u00e9e \u00e0 Villasavary, dans une ambiance conviviale et familiale. Plusieurs prestations y sont propos\u00e9es Prestataires CENTRE \u00c9QUESTRE DU CA\u00cfRE Situ\u00e9 \u00e0 Fanjeaux, nous vous proposons de d\u00e9couvrir notre territoire ! , Office De Tourisme Au C\u0153ur Des Collines Cathares\" \/>\n<meta property=\"og:url\" content=\"https:\/\/collinescathares.com\/es\/prestataires\/centre-equestre-du-caire\/\" \/>\n<meta property=\"og:site_name\" content=\"Office De Tourisme Au C\u0153ur Des Collines Cathares\" \/>\n<meta property=\"article:publisher\" content=\"https:\/\/www.facebook.com\/tourismelauragais\" \/>\n<meta property=\"article:published_time\" content=\"2026-01-22T01:01:00+00:00\" \/>\n<meta property=\"article:modified_time\" content=\"2026-04-29T01:00:05+00:00\" \/>\n<meta property=\"og:image\" content=\"https:\/\/collinescathares.com\/wp-content\/uploads\/2021\/08\/CENTRE-EQUESTRE-DU-CAIRE.jpg\" \/>\n\t<meta property=\"og:image:width\" content=\"1200\" \/>\n\t<meta property=\"og:image:height\" content=\"900\" \/>\n\t<meta property=\"og:image:type\" content=\"image\/jpeg\" \/>\n<meta name=\"author\" content=\"adminreso\" \/>\n<meta name=\"twitter:card\" content=\"summary_large_image\" \/>\n<meta name=\"twitter:label1\" content=\"Escrito por\" \/>\n\t<meta name=\"twitter:data1\" content=\"adminreso\" \/>\n\t<meta name=\"twitter:label2\" content=\"Tiempo de lectura\" \/>\n\t<meta name=\"twitter:data2\" content=\"1 minuto\" \/>\n<script type=\"application\/ld+json\" class=\"yoast-schema-graph\">{\"@context\":\"https:\/\/schema.org\",\"@graph\":[{\"@type\":\"Article\",\"@id\":\"https:\/\/collinescathares.com\/es\/prestataires\/centre-equestre-du-caire\/#article\",\"isPartOf\":{\"@id\":\"https:\/\/collinescathares.com\/es\/prestataires\/centre-equestre-du-caire\/\"},\"author\":{\"name\":\"adminreso\",\"@id\":\"https:\/\/collinescathares.com\/es\/#\/schema\/person\/599b8b6b8fd81d72e2a03b412201f661\"},\"headline\":\"CENTRE \u00c9QUESTRE DU CA\u00cfRE\",\"datePublished\":\"2026-01-22T01:01:00+00:00\",\"dateModified\":\"2026-04-29T01:00:05+00:00\",\"mainEntityOfPage\":{\"@id\":\"https:\/\/collinescathares.com\/es\/prestataires\/centre-equestre-du-caire\/\"},\"wordCount\":141,\"publisher\":{\"@id\":\"https:\/\/collinescathares.com\/es\/#organization\"},\"image\":{\"@id\":\"https:\/\/collinescathares.com\/es\/prestataires\/centre-equestre-du-caire\/#primaryimage\"},\"thumbnailUrl\":\"https:\/\/collinescathares.com\/wp-content\/uploads\/2021\/08\/CENTRE-EQUESTRE-DU-CAIRE.jpg\",\"articleSection\":[\"Prestataires\"],\"inLanguage\":\"es\"},{\"@type\":\"WebPage\",\"@id\":\"https:\/\/collinescathares.com\/es\/prestataires\/centre-equestre-du-caire\/\",\"url\":\"https:\/\/collinescathares.com\/es\/prestataires\/centre-equestre-du-caire\/\",\"name\":\"CENTRE \u00c9QUESTRE DU CA\u00cfRE Prestataires - Office De Tourisme Au C\u0153ur Des Collines Cathares\",\"isPartOf\":{\"@id\":\"https:\/\/collinescathares.com\/es\/#website\"},\"primaryImageOfPage\":{\"@id\":\"https:\/\/collinescathares.com\/es\/prestataires\/centre-equestre-du-caire\/#primaryimage\"},\"image\":{\"@id\":\"https:\/\/collinescathares.com\/es\/prestataires\/centre-equestre-du-caire\/#primaryimage\"},\"thumbnailUrl\":\"https:\/\/collinescathares.com\/wp-content\/uploads\/2021\/08\/CENTRE-EQUESTRE-DU-CAIRE.jpg\",\"datePublished\":\"2026-01-22T01:01:00+00:00\",\"dateModified\":\"2026-04-29T01:00:05+00:00\",\"description\":\"Le centre \u00e9questre du Ca\u00efre vous accueille toute l'ann\u00e9e \u00e0 Villasavary, dans une ambiance conviviale et familiale. Plusieurs prestations y sont propos\u00e9es Prestataires CENTRE \u00c9QUESTRE DU CA\u00cfRE Situ\u00e9 \u00e0 Fanjeaux, nous vous proposons de d\u00e9couvrir notre territoire ! , Office De Tourisme Au C\u0153ur Des Collines Cathares\",\"breadcrumb\":{\"@id\":\"https:\/\/collinescathares.com\/es\/prestataires\/centre-equestre-du-caire\/#breadcrumb\"},\"inLanguage\":\"es\",\"potentialAction\":[{\"@type\":\"ReadAction\",\"target\":[\"https:\/\/collinescathares.com\/es\/prestataires\/centre-equestre-du-caire\/\"]}]},{\"@type\":\"ImageObject\",\"inLanguage\":\"es\",\"@id\":\"https:\/\/collinescathares.com\/es\/prestataires\/centre-equestre-du-caire\/#primaryimage\",\"url\":\"https:\/\/collinescathares.com\/wp-content\/uploads\/2021\/08\/CENTRE-EQUESTRE-DU-CAIRE.jpg\",\"contentUrl\":\"https:\/\/collinescathares.com\/wp-content\/uploads\/2021\/08\/CENTRE-EQUESTRE-DU-CAIRE.jpg\",\"width\":1200,\"height\":900},{\"@type\":\"BreadcrumbList\",\"@id\":\"https:\/\/collinescathares.com\/es\/prestataires\/centre-equestre-du-caire\/#breadcrumb\",\"itemListElement\":[{\"@type\":\"ListItem\",\"position\":1,\"name\":\"Inicio\",\"item\":\"https:\/\/collinescathares.com\/es\/\"},{\"@type\":\"ListItem\",\"position\":2,\"name\":\"Proveedores de actividades\",\"item\":\"https:\/\/collinescathares.com\/es\/category\/prestataires-es\/\"},{\"@type\":\"ListItem\",\"position\":3,\"name\":\"CENTRE \u00c9QUESTRE DU CA\u00cfRE\"}]},{\"@type\":\"WebSite\",\"@id\":\"https:\/\/collinescathares.com\/es\/#website\",\"url\":\"https:\/\/collinescathares.com\/es\/\",\"name\":\"Office De Tourisme Au C\u0153ur Des Collines Cathares\",\"description\":\"Situ\u00e9 \u00e0 Fanjeaux, nous vous proposons de d\u00e9couvrir notre territoire !\",\"publisher\":{\"@id\":\"https:\/\/collinescathares.com\/es\/#organization\"},\"potentialAction\":[{\"@type\":\"SearchAction\",\"target\":{\"@type\":\"EntryPoint\",\"urlTemplate\":\"https:\/\/collinescathares.com\/es\/?s={search_term_string}\"},\"query-input\":{\"@type\":\"PropertyValueSpecification\",\"valueRequired\":true,\"valueName\":\"search_term_string\"}}],\"inLanguage\":\"es\"},{\"@type\":\"Organization\",\"@id\":\"https:\/\/collinescathares.com\/es\/#organization\",\"name\":\"Office de Tourisme Au C\u0153ur Des Collines Cathares\",\"url\":\"https:\/\/collinescathares.com\/es\/\",\"logo\":{\"@type\":\"ImageObject\",\"inLanguage\":\"es\",\"@id\":\"https:\/\/collinescathares.com\/es\/#\/schema\/logo\/image\/\",\"url\":\"https:\/\/collinescathares.com\/wp-content\/uploads\/2020\/06\/logo_Tourisme_lauragais-1.jpg\",\"contentUrl\":\"https:\/\/collinescathares.com\/wp-content\/uploads\/2020\/06\/logo_Tourisme_lauragais-1.jpg\",\"width\":209,\"height\":250,\"caption\":\"Office de Tourisme Au C\u0153ur Des Collines Cathares\"},\"image\":{\"@id\":\"https:\/\/collinescathares.com\/es\/#\/schema\/logo\/image\/\"},\"sameAs\":[\"https:\/\/www.facebook.com\/tourismelauragais\",\"https:\/\/www.instagram.com\/officetourismecollinescathares\/?hl=fr\",\"https:\/\/www.pinterest.fr\/oticollinescathares\/boards\/\"]},{\"@type\":\"Person\",\"@id\":\"https:\/\/collinescathares.com\/es\/#\/schema\/person\/599b8b6b8fd81d72e2a03b412201f661\",\"name\":\"adminreso\",\"image\":{\"@type\":\"ImageObject\",\"inLanguage\":\"es\",\"@id\":\"https:\/\/collinescathares.com\/es\/#\/schema\/person\/image\/\",\"url\":\"https:\/\/secure.gravatar.com\/avatar\/6a8a6fbe9df7c51e1f428a312af274a2?s=96&d=mm&r=g\",\"contentUrl\":\"https:\/\/secure.gravatar.com\/avatar\/6a8a6fbe9df7c51e1f428a312af274a2?s=96&d=mm&r=g\",\"caption\":\"adminreso\"},\"sameAs\":[\"http:\/\/collinescathares.com\/new\"]}]}<\/script>\n<!-- \/ Yoast SEO plugin. -->","yoast_head_json":{"title":"CENTRE \u00c9QUESTRE DU CA\u00cfRE Prestataires - Office De Tourisme Au C\u0153ur Des Collines Cathares","description":"Le centre \u00e9questre du Ca\u00efre vous accueille toute l'ann\u00e9e \u00e0 Villasavary, dans une ambiance conviviale et familiale. Plusieurs prestations y sont propos\u00e9es Prestataires CENTRE \u00c9QUESTRE DU CA\u00cfRE Situ\u00e9 \u00e0 Fanjeaux, nous vous proposons de d\u00e9couvrir notre territoire ! , Office De Tourisme Au C\u0153ur Des Collines Cathares","robots":{"index":"index","follow":"follow","max-snippet":"max-snippet:-1","max-image-preview":"max-image-preview:large","max-video-preview":"max-video-preview:-1"},"canonical":"https:\/\/collinescathares.com\/es\/prestataires\/centre-equestre-du-caire\/","og_locale":"es_ES","og_type":"article","og_title":"CENTRE \u00c9QUESTRE DU CA\u00cfRE Prestataires - Office De Tourisme Au C\u0153ur Des Collines Cathares","og_description":"Le centre \u00e9questre du Ca\u00efre vous accueille toute l'ann\u00e9e \u00e0 Villasavary, dans une ambiance conviviale et familiale. Plusieurs prestations y sont propos\u00e9es Prestataires CENTRE \u00c9QUESTRE DU CA\u00cfRE Situ\u00e9 \u00e0 Fanjeaux, nous vous proposons de d\u00e9couvrir notre territoire ! , Office De Tourisme Au C\u0153ur Des Collines Cathares","og_url":"https:\/\/collinescathares.com\/es\/prestataires\/centre-equestre-du-caire\/","og_site_name":"Office De Tourisme Au C\u0153ur Des Collines Cathares","article_publisher":"https:\/\/www.facebook.com\/tourismelauragais","article_published_time":"2026-01-22T01:01:00+00:00","article_modified_time":"2026-04-29T01:00:05+00:00","og_image":[{"width":1200,"height":900,"url":"https:\/\/collinescathares.com\/wp-content\/uploads\/2021\/08\/CENTRE-EQUESTRE-DU-CAIRE.jpg","type":"image\/jpeg"}],"author":"adminreso","twitter_card":"summary_large_image","twitter_misc":{"Escrito por":"adminreso","Tiempo de lectura":"1 minuto"},"schema":{"@context":"https:\/\/schema.org","@graph":[{"@type":"Article","@id":"https:\/\/collinescathares.com\/es\/prestataires\/centre-equestre-du-caire\/#article","isPartOf":{"@id":"https:\/\/collinescathares.com\/es\/prestataires\/centre-equestre-du-caire\/"},"author":{"name":"adminreso","@id":"https:\/\/collinescathares.com\/es\/#\/schema\/person\/599b8b6b8fd81d72e2a03b412201f661"},"headline":"CENTRE \u00c9QUESTRE DU CA\u00cfRE","datePublished":"2026-01-22T01:01:00+00:00","dateModified":"2026-04-29T01:00:05+00:00","mainEntityOfPage":{"@id":"https:\/\/collinescathares.com\/es\/prestataires\/centre-equestre-du-caire\/"},"wordCount":141,"publisher":{"@id":"https:\/\/collinescathares.com\/es\/#organization"},"image":{"@id":"https:\/\/collinescathares.com\/es\/prestataires\/centre-equestre-du-caire\/#primaryimage"},"thumbnailUrl":"https:\/\/collinescathares.com\/wp-content\/uploads\/2021\/08\/CENTRE-EQUESTRE-DU-CAIRE.jpg","articleSection":["Prestataires"],"inLanguage":"es"},{"@type":"WebPage","@id":"https:\/\/collinescathares.com\/es\/prestataires\/centre-equestre-du-caire\/","url":"https:\/\/collinescathares.com\/es\/prestataires\/centre-equestre-du-caire\/","name":"CENTRE \u00c9QUESTRE DU CA\u00cfRE Prestataires - Office De Tourisme Au C\u0153ur Des Collines Cathares","isPartOf":{"@id":"https:\/\/collinescathares.com\/es\/#website"},"primaryImageOfPage":{"@id":"https:\/\/collinescathares.com\/es\/prestataires\/centre-equestre-du-caire\/#primaryimage"},"image":{"@id":"https:\/\/collinescathares.com\/es\/prestataires\/centre-equestre-du-caire\/#primaryimage"},"thumbnailUrl":"https:\/\/collinescathares.com\/wp-content\/uploads\/2021\/08\/CENTRE-EQUESTRE-DU-CAIRE.jpg","datePublished":"2026-01-22T01:01:00+00:00","dateModified":"2026-04-29T01:00:05+00:00","description":"Le centre \u00e9questre du Ca\u00efre vous accueille toute l'ann\u00e9e \u00e0 Villasavary, dans une ambiance conviviale et familiale. Plusieurs prestations y sont propos\u00e9es Prestataires CENTRE \u00c9QUESTRE DU CA\u00cfRE Situ\u00e9 \u00e0 Fanjeaux, nous vous proposons de d\u00e9couvrir notre territoire ! , Office De Tourisme Au C\u0153ur Des Collines Cathares","breadcrumb":{"@id":"https:\/\/collinescathares.com\/es\/prestataires\/centre-equestre-du-caire\/#breadcrumb"},"inLanguage":"es","potentialAction":[{"@type":"ReadAction","target":["https:\/\/collinescathares.com\/es\/prestataires\/centre-equestre-du-caire\/"]}]},{"@type":"ImageObject","inLanguage":"es","@id":"https:\/\/collinescathares.com\/es\/prestataires\/centre-equestre-du-caire\/#primaryimage","url":"https:\/\/collinescathares.com\/wp-content\/uploads\/2021\/08\/CENTRE-EQUESTRE-DU-CAIRE.jpg","contentUrl":"https:\/\/collinescathares.com\/wp-content\/uploads\/2021\/08\/CENTRE-EQUESTRE-DU-CAIRE.jpg","width":1200,"height":900},{"@type":"BreadcrumbList","@id":"https:\/\/collinescathares.com\/es\/prestataires\/centre-equestre-du-caire\/#breadcrumb","itemListElement":[{"@type":"ListItem","position":1,"name":"Inicio","item":"https:\/\/collinescathares.com\/es\/"},{"@type":"ListItem","position":2,"name":"Proveedores de actividades","item":"https:\/\/collinescathares.com\/es\/category\/prestataires-es\/"},{"@type":"ListItem","position":3,"name":"CENTRE \u00c9QUESTRE DU CA\u00cfRE"}]},{"@type":"WebSite","@id":"https:\/\/collinescathares.com\/es\/#website","url":"https:\/\/collinescathares.com\/es\/","name":"Office De Tourisme Au C\u0153ur Des Collines Cathares","description":"Situ\u00e9 \u00e0 Fanjeaux, nous vous proposons de d\u00e9couvrir notre territoire !","publisher":{"@id":"https:\/\/collinescathares.com\/es\/#organization"},"potentialAction":[{"@type":"SearchAction","target":{"@type":"EntryPoint","urlTemplate":"https:\/\/collinescathares.com\/es\/?s={search_term_string}"},"query-input":{"@type":"PropertyValueSpecification","valueRequired":true,"valueName":"search_term_string"}}],"inLanguage":"es"},{"@type":"Organization","@id":"https:\/\/collinescathares.com\/es\/#organization","name":"Office de Tourisme Au C\u0153ur Des Collines Cathares","url":"https:\/\/collinescathares.com\/es\/","logo":{"@type":"ImageObject","inLanguage":"es","@id":"https:\/\/collinescathares.com\/es\/#\/schema\/logo\/image\/","url":"https:\/\/collinescathares.com\/wp-content\/uploads\/2020\/06\/logo_Tourisme_lauragais-1.jpg","contentUrl":"https:\/\/collinescathares.com\/wp-content\/uploads\/2020\/06\/logo_Tourisme_lauragais-1.jpg","width":209,"height":250,"caption":"Office de Tourisme Au C\u0153ur Des Collines Cathares"},"image":{"@id":"https:\/\/collinescathares.com\/es\/#\/schema\/logo\/image\/"},"sameAs":["https:\/\/www.facebook.com\/tourismelauragais","https:\/\/www.instagram.com\/officetourismecollinescathares\/?hl=fr","https:\/\/www.pinterest.fr\/oticollinescathares\/boards\/"]},{"@type":"Person","@id":"https:\/\/collinescathares.com\/es\/#\/schema\/person\/599b8b6b8fd81d72e2a03b412201f661","name":"adminreso","image":{"@type":"ImageObject","inLanguage":"es","@id":"https:\/\/collinescathares.com\/es\/#\/schema\/person\/image\/","url":"https:\/\/secure.gravatar.com\/avatar\/6a8a6fbe9df7c51e1f428a312af274a2?s=96&d=mm&r=g","contentUrl":"https:\/\/secure.gravatar.com\/avatar\/6a8a6fbe9df7c51e1f428a312af274a2?s=96&d=mm&r=g","caption":"adminreso"},"sameAs":["http:\/\/collinescathares.com\/new"]}]}},"_links":{"self":[{"href":"https:\/\/collinescathares.com\/es\/wp-json\/wp\/v2\/posts\/260923","targetHints":{"allow":["GET"]}}],"collection":[{"href":"https:\/\/collinescathares.com\/es\/wp-json\/wp\/v2\/posts"}],"about":[{"href":"https:\/\/collinescathares.com\/es\/wp-json\/wp\/v2\/types\/post"}],"author":[{"embeddable":true,"href":"https:\/\/collinescathares.com\/es\/wp-json\/wp\/v2\/users\/1"}],"replies":[{"embeddable":true,"href":"https:\/\/collinescathares.com\/es\/wp-json\/wp\/v2\/comments?post=260923"}],"version-history":[{"count":1,"href":"https:\/\/collinescathares.com\/es\/wp-json\/wp\/v2\/posts\/260923\/revisions"}],"predecessor-version":[{"id":261124,"href":"https:\/\/collinescathares.com\/es\/wp-json\/wp\/v2\/posts\/260923\/revisions\/261124"}],"wp:featuredmedia":[{"embeddable":true,"href":"https:\/\/collinescathares.com\/es\/wp-json\/wp\/v2\/media\/101457"}],"wp:attachment":[{"href":"https:\/\/collinescathares.com\/es\/wp-json\/wp\/v2\/media?parent=260923"}],"wp:term":[{"taxonomy":"category","embeddable":true,"href":"https:\/\/collinescathares.com\/es\/wp-json\/wp\/v2\/categories?post=260923"},{"taxonomy":"post_tag","embeddable":true,"href":"https:\/\/collinescathares.com\/es\/wp-json\/wp\/v2\/tags?post=260923"}],"curies":[{"name":"wp","href":"https:\/\/api.w.org\/{rel}","templated":true}]}}