{"id":260990,"date":"2026-01-22T02:01:14","date_gmt":"2026-01-22T01:01:14","guid":{"rendered":"https:\/\/collinescathares.com\/producteurs\/les-collines-de-besplas-cosmetiques-et-huiles-essentielles\/"},"modified":"2026-04-30T03:00:44","modified_gmt":"2026-04-30T01:00:44","slug":"les-collines-de-besplas-cosmetiques-et-huiles-essentielles","status":"publish","type":"post","link":"https:\/\/collinescathares.com\/es\/producteurs\/les-collines-de-besplas-cosmetiques-et-huiles-essentielles\/","title":{"rendered":"LES COLLINES DE BESPLAS : COSM\u00c9TIQUES ET HUILES ESSENTIELLES"},"content":{"rendered":"<p>Ce domaine familial nich\u00e9 dans les collines de Villasavary, cultive la lavande fine.<br \/>\nSon huile essentielle se d\u00e9cline en une gamme de produits de soin et de bien \u00eatre.<br \/>\nProduction biologique, respectueuse du vivant et des cycles naturels.<\/p>\n<p>Activit\u00e9 certifi\u00e9e Agriculture biologique, Nature&amp;Progr\u00e8s, Made in Occitanie.<\/p>\n<p>Vente en ligne sur le site internet.<\/p>\n","protected":false},"excerpt":{"rendered":"<p>Ce domaine familial nich\u00e9 dans les collines de Villasavary, cultive la lavande fine. Son huile essentielle se d\u00e9cline en une gamme de produits de soin et de bien \u00eatre. Production biologique, respectueuse du vivant et des cycles naturels. Activit\u00e9 certifi\u00e9e Agriculture biologique, Nature&amp;Progr\u00e8s, Made in Occitanie. Vente en ligne sur le site internet.<\/p>\n","protected":false},"author":1,"featured_media":247014,"comment_status":"closed","ping_status":"closed","sticky":false,"template":"","format":"standard","meta":{"_acf_changed":false,"footnotes":""},"categories":[14],"tags":[],"class_list":["post-260990","post","type-post","status-publish","format-standard","has-post-thumbnail","hentry","category-producteurs"],"acf":[],"yoast_head":"<!-- This site is optimized with the Yoast SEO plugin v26.8 - https:\/\/yoast.com\/product\/yoast-seo-wordpress\/ -->\n<title>LES COLLINES DE BESPLAS : COSM\u00c9TIQUES ET HUILES ESSENTIELLES Producteurs - Office De Tourisme Au C\u0153ur Des Collines Cathares<\/title>\n<meta name=\"description\" content=\"Ce domaine familial nich\u00e9 dans les collines de Villasavary, cultive la lavande fine. Son huile essentielle se d\u00e9cline en une gamme de produits de soin et Producteurs LES COLLINES DE BESPLAS : COSM\u00c9TIQUES ET HUILES ESSENTIELLES Situ\u00e9 \u00e0 Fanjeaux, nous vous proposons de d\u00e9couvrir notre territoire ! , Office De Tourisme Au C\u0153ur Des Collines Cathares\" \/>\n<meta name=\"robots\" content=\"index, follow, max-snippet:-1, max-image-preview:large, max-video-preview:-1\" \/>\n<link rel=\"canonical\" href=\"https:\/\/collinescathares.com\/es\/producteurs\/les-collines-de-besplas-cosmetiques-et-huiles-essentielles\/\" \/>\n<meta property=\"og:locale\" content=\"es_ES\" \/>\n<meta property=\"og:type\" content=\"article\" \/>\n<meta property=\"og:title\" content=\"LES COLLINES DE BESPLAS : COSM\u00c9TIQUES ET HUILES ESSENTIELLES Producteurs - Office De Tourisme Au C\u0153ur Des Collines Cathares\" \/>\n<meta property=\"og:description\" content=\"Ce domaine familial nich\u00e9 dans les collines de Villasavary, cultive la lavande fine. Son huile essentielle se d\u00e9cline en une gamme de produits de soin et Producteurs LES COLLINES DE BESPLAS : COSM\u00c9TIQUES ET HUILES ESSENTIELLES Situ\u00e9 \u00e0 Fanjeaux, nous vous proposons de d\u00e9couvrir notre territoire ! , Office De Tourisme Au C\u0153ur Des Collines Cathares\" \/>\n<meta property=\"og:url\" content=\"https:\/\/collinescathares.com\/es\/producteurs\/les-collines-de-besplas-cosmetiques-et-huiles-essentielles\/\" \/>\n<meta property=\"og:site_name\" content=\"Office De Tourisme Au C\u0153ur Des Collines Cathares\" \/>\n<meta property=\"article:publisher\" content=\"https:\/\/www.facebook.com\/tourismelauragais\" \/>\n<meta property=\"article:published_time\" content=\"2026-01-22T01:01:14+00:00\" \/>\n<meta property=\"article:modified_time\" content=\"2026-04-30T01:00:44+00:00\" \/>\n<meta property=\"og:image\" content=\"https:\/\/collinescathares.com\/wp-content\/uploads\/2024\/07\/collines-de-b.jpg\" \/>\n\t<meta property=\"og:image:width\" content=\"1200\" \/>\n\t<meta property=\"og:image:height\" content=\"900\" \/>\n\t<meta property=\"og:image:type\" content=\"image\/jpeg\" \/>\n<meta name=\"author\" content=\"adminreso\" \/>\n<meta name=\"twitter:card\" content=\"summary_large_image\" \/>\n<meta name=\"twitter:label1\" content=\"Escrito por\" \/>\n\t<meta name=\"twitter:data1\" content=\"adminreso\" \/>\n<script type=\"application\/ld+json\" class=\"yoast-schema-graph\">{\"@context\":\"https:\/\/schema.org\",\"@graph\":[{\"@type\":\"Article\",\"@id\":\"https:\/\/collinescathares.com\/es\/producteurs\/les-collines-de-besplas-cosmetiques-et-huiles-essentielles\/#article\",\"isPartOf\":{\"@id\":\"https:\/\/collinescathares.com\/es\/producteurs\/les-collines-de-besplas-cosmetiques-et-huiles-essentielles\/\"},\"author\":{\"name\":\"adminreso\",\"@id\":\"https:\/\/collinescathares.com\/es\/#\/schema\/person\/599b8b6b8fd81d72e2a03b412201f661\"},\"headline\":\"LES COLLINES DE BESPLAS : COSM\u00c9TIQUES ET HUILES ESSENTIELLES\",\"datePublished\":\"2026-01-22T01:01:14+00:00\",\"dateModified\":\"2026-04-30T01:00:44+00:00\",\"mainEntityOfPage\":{\"@id\":\"https:\/\/collinescathares.com\/es\/producteurs\/les-collines-de-besplas-cosmetiques-et-huiles-essentielles\/\"},\"wordCount\":67,\"publisher\":{\"@id\":\"https:\/\/collinescathares.com\/es\/#organization\"},\"image\":{\"@id\":\"https:\/\/collinescathares.com\/es\/producteurs\/les-collines-de-besplas-cosmetiques-et-huiles-essentielles\/#primaryimage\"},\"thumbnailUrl\":\"https:\/\/collinescathares.com\/wp-content\/uploads\/2024\/07\/collines-de-b.jpg\",\"articleSection\":[\"Producteurs\"],\"inLanguage\":\"es\"},{\"@type\":\"WebPage\",\"@id\":\"https:\/\/collinescathares.com\/es\/producteurs\/les-collines-de-besplas-cosmetiques-et-huiles-essentielles\/\",\"url\":\"https:\/\/collinescathares.com\/es\/producteurs\/les-collines-de-besplas-cosmetiques-et-huiles-essentielles\/\",\"name\":\"LES COLLINES DE BESPLAS : COSM\u00c9TIQUES ET HUILES ESSENTIELLES Producteurs - Office De Tourisme Au C\u0153ur Des Collines Cathares\",\"isPartOf\":{\"@id\":\"https:\/\/collinescathares.com\/es\/#website\"},\"primaryImageOfPage\":{\"@id\":\"https:\/\/collinescathares.com\/es\/producteurs\/les-collines-de-besplas-cosmetiques-et-huiles-essentielles\/#primaryimage\"},\"image\":{\"@id\":\"https:\/\/collinescathares.com\/es\/producteurs\/les-collines-de-besplas-cosmetiques-et-huiles-essentielles\/#primaryimage\"},\"thumbnailUrl\":\"https:\/\/collinescathares.com\/wp-content\/uploads\/2024\/07\/collines-de-b.jpg\",\"datePublished\":\"2026-01-22T01:01:14+00:00\",\"dateModified\":\"2026-04-30T01:00:44+00:00\",\"description\":\"Ce domaine familial nich\u00e9 dans les collines de Villasavary, cultive la lavande fine. Son huile essentielle se d\u00e9cline en une gamme de produits de soin et Producteurs LES COLLINES DE BESPLAS : COSM\u00c9TIQUES ET HUILES ESSENTIELLES Situ\u00e9 \u00e0 Fanjeaux, nous vous proposons de d\u00e9couvrir notre territoire ! , Office De Tourisme Au C\u0153ur Des Collines Cathares\",\"breadcrumb\":{\"@id\":\"https:\/\/collinescathares.com\/es\/producteurs\/les-collines-de-besplas-cosmetiques-et-huiles-essentielles\/#breadcrumb\"},\"inLanguage\":\"es\",\"potentialAction\":[{\"@type\":\"ReadAction\",\"target\":[\"https:\/\/collinescathares.com\/es\/producteurs\/les-collines-de-besplas-cosmetiques-et-huiles-essentielles\/\"]}]},{\"@type\":\"ImageObject\",\"inLanguage\":\"es\",\"@id\":\"https:\/\/collinescathares.com\/es\/producteurs\/les-collines-de-besplas-cosmetiques-et-huiles-essentielles\/#primaryimage\",\"url\":\"https:\/\/collinescathares.com\/wp-content\/uploads\/2024\/07\/collines-de-b.jpg\",\"contentUrl\":\"https:\/\/collinescathares.com\/wp-content\/uploads\/2024\/07\/collines-de-b.jpg\",\"width\":1200,\"height\":900},{\"@type\":\"BreadcrumbList\",\"@id\":\"https:\/\/collinescathares.com\/es\/producteurs\/les-collines-de-besplas-cosmetiques-et-huiles-essentielles\/#breadcrumb\",\"itemListElement\":[{\"@type\":\"ListItem\",\"position\":1,\"name\":\"Inicio\",\"item\":\"https:\/\/collinescathares.com\/es\/\"},{\"@type\":\"ListItem\",\"position\":2,\"name\":\"Productores\",\"item\":\"https:\/\/collinescathares.com\/es\/category\/producteurs-es\/\"},{\"@type\":\"ListItem\",\"position\":3,\"name\":\"LES COLLINES DE BESPLAS : COSM\u00c9TIQUES ET HUILES ESSENTIELLES\"}]},{\"@type\":\"WebSite\",\"@id\":\"https:\/\/collinescathares.com\/es\/#website\",\"url\":\"https:\/\/collinescathares.com\/es\/\",\"name\":\"Office De Tourisme Au C\u0153ur Des Collines Cathares\",\"description\":\"Situ\u00e9 \u00e0 Fanjeaux, nous vous proposons de d\u00e9couvrir notre territoire !\",\"publisher\":{\"@id\":\"https:\/\/collinescathares.com\/es\/#organization\"},\"potentialAction\":[{\"@type\":\"SearchAction\",\"target\":{\"@type\":\"EntryPoint\",\"urlTemplate\":\"https:\/\/collinescathares.com\/es\/?s={search_term_string}\"},\"query-input\":{\"@type\":\"PropertyValueSpecification\",\"valueRequired\":true,\"valueName\":\"search_term_string\"}}],\"inLanguage\":\"es\"},{\"@type\":\"Organization\",\"@id\":\"https:\/\/collinescathares.com\/es\/#organization\",\"name\":\"Office de Tourisme Au C\u0153ur Des Collines Cathares\",\"url\":\"https:\/\/collinescathares.com\/es\/\",\"logo\":{\"@type\":\"ImageObject\",\"inLanguage\":\"es\",\"@id\":\"https:\/\/collinescathares.com\/es\/#\/schema\/logo\/image\/\",\"url\":\"https:\/\/collinescathares.com\/wp-content\/uploads\/2020\/06\/logo_Tourisme_lauragais-1.jpg\",\"contentUrl\":\"https:\/\/collinescathares.com\/wp-content\/uploads\/2020\/06\/logo_Tourisme_lauragais-1.jpg\",\"width\":209,\"height\":250,\"caption\":\"Office de Tourisme Au C\u0153ur Des Collines Cathares\"},\"image\":{\"@id\":\"https:\/\/collinescathares.com\/es\/#\/schema\/logo\/image\/\"},\"sameAs\":[\"https:\/\/www.facebook.com\/tourismelauragais\",\"https:\/\/www.instagram.com\/officetourismecollinescathares\/?hl=fr\",\"https:\/\/www.pinterest.fr\/oticollinescathares\/boards\/\"]},{\"@type\":\"Person\",\"@id\":\"https:\/\/collinescathares.com\/es\/#\/schema\/person\/599b8b6b8fd81d72e2a03b412201f661\",\"name\":\"adminreso\",\"image\":{\"@type\":\"ImageObject\",\"inLanguage\":\"es\",\"@id\":\"https:\/\/collinescathares.com\/es\/#\/schema\/person\/image\/\",\"url\":\"https:\/\/secure.gravatar.com\/avatar\/6a8a6fbe9df7c51e1f428a312af274a2?s=96&d=mm&r=g\",\"contentUrl\":\"https:\/\/secure.gravatar.com\/avatar\/6a8a6fbe9df7c51e1f428a312af274a2?s=96&d=mm&r=g\",\"caption\":\"adminreso\"},\"sameAs\":[\"http:\/\/collinescathares.com\/new\"]}]}<\/script>\n<!-- \/ Yoast SEO plugin. -->","yoast_head_json":{"title":"LES COLLINES DE BESPLAS : COSM\u00c9TIQUES ET HUILES ESSENTIELLES Producteurs - Office De Tourisme Au C\u0153ur Des Collines Cathares","description":"Ce domaine familial nich\u00e9 dans les collines de Villasavary, cultive la lavande fine. Son huile essentielle se d\u00e9cline en une gamme de produits de soin et Producteurs LES COLLINES DE BESPLAS : COSM\u00c9TIQUES ET HUILES ESSENTIELLES Situ\u00e9 \u00e0 Fanjeaux, nous vous proposons de d\u00e9couvrir notre territoire ! , Office De Tourisme Au C\u0153ur Des Collines Cathares","robots":{"index":"index","follow":"follow","max-snippet":"max-snippet:-1","max-image-preview":"max-image-preview:large","max-video-preview":"max-video-preview:-1"},"canonical":"https:\/\/collinescathares.com\/es\/producteurs\/les-collines-de-besplas-cosmetiques-et-huiles-essentielles\/","og_locale":"es_ES","og_type":"article","og_title":"LES COLLINES DE BESPLAS : COSM\u00c9TIQUES ET HUILES ESSENTIELLES Producteurs - Office De Tourisme Au C\u0153ur Des Collines Cathares","og_description":"Ce domaine familial nich\u00e9 dans les collines de Villasavary, cultive la lavande fine. Son huile essentielle se d\u00e9cline en une gamme de produits de soin et Producteurs LES COLLINES DE BESPLAS : COSM\u00c9TIQUES ET HUILES ESSENTIELLES Situ\u00e9 \u00e0 Fanjeaux, nous vous proposons de d\u00e9couvrir notre territoire ! , Office De Tourisme Au C\u0153ur Des Collines Cathares","og_url":"https:\/\/collinescathares.com\/es\/producteurs\/les-collines-de-besplas-cosmetiques-et-huiles-essentielles\/","og_site_name":"Office De Tourisme Au C\u0153ur Des Collines Cathares","article_publisher":"https:\/\/www.facebook.com\/tourismelauragais","article_published_time":"2026-01-22T01:01:14+00:00","article_modified_time":"2026-04-30T01:00:44+00:00","og_image":[{"width":1200,"height":900,"url":"https:\/\/collinescathares.com\/wp-content\/uploads\/2024\/07\/collines-de-b.jpg","type":"image\/jpeg"}],"author":"adminreso","twitter_card":"summary_large_image","twitter_misc":{"Escrito por":"adminreso"},"schema":{"@context":"https:\/\/schema.org","@graph":[{"@type":"Article","@id":"https:\/\/collinescathares.com\/es\/producteurs\/les-collines-de-besplas-cosmetiques-et-huiles-essentielles\/#article","isPartOf":{"@id":"https:\/\/collinescathares.com\/es\/producteurs\/les-collines-de-besplas-cosmetiques-et-huiles-essentielles\/"},"author":{"name":"adminreso","@id":"https:\/\/collinescathares.com\/es\/#\/schema\/person\/599b8b6b8fd81d72e2a03b412201f661"},"headline":"LES COLLINES DE BESPLAS : COSM\u00c9TIQUES ET HUILES ESSENTIELLES","datePublished":"2026-01-22T01:01:14+00:00","dateModified":"2026-04-30T01:00:44+00:00","mainEntityOfPage":{"@id":"https:\/\/collinescathares.com\/es\/producteurs\/les-collines-de-besplas-cosmetiques-et-huiles-essentielles\/"},"wordCount":67,"publisher":{"@id":"https:\/\/collinescathares.com\/es\/#organization"},"image":{"@id":"https:\/\/collinescathares.com\/es\/producteurs\/les-collines-de-besplas-cosmetiques-et-huiles-essentielles\/#primaryimage"},"thumbnailUrl":"https:\/\/collinescathares.com\/wp-content\/uploads\/2024\/07\/collines-de-b.jpg","articleSection":["Producteurs"],"inLanguage":"es"},{"@type":"WebPage","@id":"https:\/\/collinescathares.com\/es\/producteurs\/les-collines-de-besplas-cosmetiques-et-huiles-essentielles\/","url":"https:\/\/collinescathares.com\/es\/producteurs\/les-collines-de-besplas-cosmetiques-et-huiles-essentielles\/","name":"LES COLLINES DE BESPLAS : COSM\u00c9TIQUES ET HUILES ESSENTIELLES Producteurs - Office De Tourisme Au C\u0153ur Des Collines Cathares","isPartOf":{"@id":"https:\/\/collinescathares.com\/es\/#website"},"primaryImageOfPage":{"@id":"https:\/\/collinescathares.com\/es\/producteurs\/les-collines-de-besplas-cosmetiques-et-huiles-essentielles\/#primaryimage"},"image":{"@id":"https:\/\/collinescathares.com\/es\/producteurs\/les-collines-de-besplas-cosmetiques-et-huiles-essentielles\/#primaryimage"},"thumbnailUrl":"https:\/\/collinescathares.com\/wp-content\/uploads\/2024\/07\/collines-de-b.jpg","datePublished":"2026-01-22T01:01:14+00:00","dateModified":"2026-04-30T01:00:44+00:00","description":"Ce domaine familial nich\u00e9 dans les collines de Villasavary, cultive la lavande fine. Son huile essentielle se d\u00e9cline en une gamme de produits de soin et Producteurs LES COLLINES DE BESPLAS : COSM\u00c9TIQUES ET HUILES ESSENTIELLES Situ\u00e9 \u00e0 Fanjeaux, nous vous proposons de d\u00e9couvrir notre territoire ! , Office De Tourisme Au C\u0153ur Des Collines Cathares","breadcrumb":{"@id":"https:\/\/collinescathares.com\/es\/producteurs\/les-collines-de-besplas-cosmetiques-et-huiles-essentielles\/#breadcrumb"},"inLanguage":"es","potentialAction":[{"@type":"ReadAction","target":["https:\/\/collinescathares.com\/es\/producteurs\/les-collines-de-besplas-cosmetiques-et-huiles-essentielles\/"]}]},{"@type":"ImageObject","inLanguage":"es","@id":"https:\/\/collinescathares.com\/es\/producteurs\/les-collines-de-besplas-cosmetiques-et-huiles-essentielles\/#primaryimage","url":"https:\/\/collinescathares.com\/wp-content\/uploads\/2024\/07\/collines-de-b.jpg","contentUrl":"https:\/\/collinescathares.com\/wp-content\/uploads\/2024\/07\/collines-de-b.jpg","width":1200,"height":900},{"@type":"BreadcrumbList","@id":"https:\/\/collinescathares.com\/es\/producteurs\/les-collines-de-besplas-cosmetiques-et-huiles-essentielles\/#breadcrumb","itemListElement":[{"@type":"ListItem","position":1,"name":"Inicio","item":"https:\/\/collinescathares.com\/es\/"},{"@type":"ListItem","position":2,"name":"Productores","item":"https:\/\/collinescathares.com\/es\/category\/producteurs-es\/"},{"@type":"ListItem","position":3,"name":"LES COLLINES DE BESPLAS : COSM\u00c9TIQUES ET HUILES ESSENTIELLES"}]},{"@type":"WebSite","@id":"https:\/\/collinescathares.com\/es\/#website","url":"https:\/\/collinescathares.com\/es\/","name":"Office De Tourisme Au C\u0153ur Des Collines Cathares","description":"Situ\u00e9 \u00e0 Fanjeaux, nous vous proposons de d\u00e9couvrir notre territoire !","publisher":{"@id":"https:\/\/collinescathares.com\/es\/#organization"},"potentialAction":[{"@type":"SearchAction","target":{"@type":"EntryPoint","urlTemplate":"https:\/\/collinescathares.com\/es\/?s={search_term_string}"},"query-input":{"@type":"PropertyValueSpecification","valueRequired":true,"valueName":"search_term_string"}}],"inLanguage":"es"},{"@type":"Organization","@id":"https:\/\/collinescathares.com\/es\/#organization","name":"Office de Tourisme Au C\u0153ur Des Collines Cathares","url":"https:\/\/collinescathares.com\/es\/","logo":{"@type":"ImageObject","inLanguage":"es","@id":"https:\/\/collinescathares.com\/es\/#\/schema\/logo\/image\/","url":"https:\/\/collinescathares.com\/wp-content\/uploads\/2020\/06\/logo_Tourisme_lauragais-1.jpg","contentUrl":"https:\/\/collinescathares.com\/wp-content\/uploads\/2020\/06\/logo_Tourisme_lauragais-1.jpg","width":209,"height":250,"caption":"Office de Tourisme Au C\u0153ur Des Collines Cathares"},"image":{"@id":"https:\/\/collinescathares.com\/es\/#\/schema\/logo\/image\/"},"sameAs":["https:\/\/www.facebook.com\/tourismelauragais","https:\/\/www.instagram.com\/officetourismecollinescathares\/?hl=fr","https:\/\/www.pinterest.fr\/oticollinescathares\/boards\/"]},{"@type":"Person","@id":"https:\/\/collinescathares.com\/es\/#\/schema\/person\/599b8b6b8fd81d72e2a03b412201f661","name":"adminreso","image":{"@type":"ImageObject","inLanguage":"es","@id":"https:\/\/collinescathares.com\/es\/#\/schema\/person\/image\/","url":"https:\/\/secure.gravatar.com\/avatar\/6a8a6fbe9df7c51e1f428a312af274a2?s=96&d=mm&r=g","contentUrl":"https:\/\/secure.gravatar.com\/avatar\/6a8a6fbe9df7c51e1f428a312af274a2?s=96&d=mm&r=g","caption":"adminreso"},"sameAs":["http:\/\/collinescathares.com\/new"]}]}},"_links":{"self":[{"href":"https:\/\/collinescathares.com\/es\/wp-json\/wp\/v2\/posts\/260990","targetHints":{"allow":["GET"]}}],"collection":[{"href":"https:\/\/collinescathares.com\/es\/wp-json\/wp\/v2\/posts"}],"about":[{"href":"https:\/\/collinescathares.com\/es\/wp-json\/wp\/v2\/types\/post"}],"author":[{"embeddable":true,"href":"https:\/\/collinescathares.com\/es\/wp-json\/wp\/v2\/users\/1"}],"replies":[{"embeddable":true,"href":"https:\/\/collinescathares.com\/es\/wp-json\/wp\/v2\/comments?post=260990"}],"version-history":[{"count":1,"href":"https:\/\/collinescathares.com\/es\/wp-json\/wp\/v2\/posts\/260990\/revisions"}],"predecessor-version":[{"id":261191,"href":"https:\/\/collinescathares.com\/es\/wp-json\/wp\/v2\/posts\/260990\/revisions\/261191"}],"wp:featuredmedia":[{"embeddable":true,"href":"https:\/\/collinescathares.com\/es\/wp-json\/wp\/v2\/media\/247014"}],"wp:attachment":[{"href":"https:\/\/collinescathares.com\/es\/wp-json\/wp\/v2\/media?parent=260990"}],"wp:term":[{"taxonomy":"category","embeddable":true,"href":"https:\/\/collinescathares.com\/es\/wp-json\/wp\/v2\/categories?post=260990"},{"taxonomy":"post_tag","embeddable":true,"href":"https:\/\/collinescathares.com\/es\/wp-json\/wp\/v2\/tags?post=260990"}],"curies":[{"name":"wp","href":"https:\/\/api.w.org\/{rel}","templated":true}]}}