{"id":261931,"date":"2026-02-06T09:11:37","date_gmt":"2026-02-06T08:11:37","guid":{"rendered":"https:\/\/collinescathares.com\/gites\/domaine-les-magasins-bois-de-cedre\/"},"modified":"2026-04-29T10:13:22","modified_gmt":"2026-04-29T08:13:22","slug":"domaine-les-magasins-bois-de-cedre","status":"publish","type":"post","link":"https:\/\/collinescathares.com\/es\/gites\/domaine-les-magasins-bois-de-cedre\/","title":{"rendered":"DOMAINE LES MAGASINS &#8211; BOIS DE C\u00c8DRE"},"content":{"rendered":"<p>G\u00eete \u00e0 Bram dans l\u2019Aude, \u00e0 20 min de Carcassonne et 1h de Toulouse.<\/p>\n<p>Profitez de ce petit cocon situ\u00e9 \u00e0 deux pas du canal du Midi et du lac de Buzerens (id\u00e9al pour la baignade pendant la saison) et \u00e0 proximit\u00e9 de nombreux sites du Pays Cathare (comme la cit\u00e9 de Fanjeaux, l&#8217;abbaye de Saint-Papoul ou le ch\u00e2teau de Saissac, etc.).<\/p>\n<p>Le g\u00eete &#8220;Bois de C\u00e8dre&#8221; peut accueillir jusqu&#8217;\u00e0 8 personnes. Il comprend deux chambres avec un lit double et salle d&#8217;eau, une chambre avec un lit double et une salle de bain, une mezzanine pour 2 personnes, une cuisine \u00e9quip\u00e9e et un bel espace de vie. <\/p>\n<p>Ressourcez-vous gr\u00e2ce au calme de la propri\u00e9t\u00e9 et \u00e0 sa piscine !<br \/>\nG\u00eete ouvert toute l\u2019ann\u00e9e.<\/p>\n","protected":false},"excerpt":{"rendered":"<p>G\u00eete \u00e0 Bram dans l\u2019Aude, \u00e0 20 min de Carcassonne et 1h de Toulouse. Profitez de ce petit cocon situ\u00e9 \u00e0 deux pas du canal du Midi et du lac de Buzerens (id\u00e9al pour la baignade pendant la saison) et \u00e0 proximit\u00e9 de nombreux sites du Pays Cathare (comme la cit\u00e9 de Fanjeaux, l&#8217;abbaye de [&hellip;]<\/p>\n","protected":false},"author":1,"featured_media":230736,"comment_status":"closed","ping_status":"closed","sticky":false,"template":"","format":"standard","meta":{"_acf_changed":false,"footnotes":""},"categories":[47],"tags":[],"class_list":["post-261931","post","type-post","status-publish","format-standard","has-post-thumbnail","hentry","category-gites"],"acf":[],"yoast_head":"<!-- This site is optimized with the Yoast SEO plugin v26.8 - https:\/\/yoast.com\/product\/yoast-seo-wordpress\/ -->\n<title>DOMAINE LES MAGASINS - BOIS DE C\u00c8DRE G\u00eetes - Office De Tourisme Au C\u0153ur Des Collines Cathares<\/title>\n<meta name=\"description\" content=\"G\u00eete \u00e0 Bram dans l\u2019Aude, \u00e0 20 min de Carcassonne et 1h de Toulouse. Profitez de ce petit cocon situ\u00e9 \u00e0 deux pas du canal du Midi et du lac de Buzerens G\u00eetes DOMAINE LES MAGASINS - BOIS DE C\u00c8DRE Situ\u00e9 \u00e0 Fanjeaux, nous vous proposons de d\u00e9couvrir notre territoire ! , Office De Tourisme Au C\u0153ur Des Collines Cathares\" \/>\n<meta name=\"robots\" content=\"index, follow, max-snippet:-1, max-image-preview:large, max-video-preview:-1\" \/>\n<link rel=\"canonical\" href=\"https:\/\/collinescathares.com\/es\/gites\/domaine-les-magasins-bois-de-cedre\/\" \/>\n<meta property=\"og:locale\" content=\"es_ES\" \/>\n<meta property=\"og:type\" content=\"article\" \/>\n<meta property=\"og:title\" content=\"DOMAINE LES MAGASINS - BOIS DE C\u00c8DRE G\u00eetes - Office De Tourisme Au C\u0153ur Des Collines Cathares\" \/>\n<meta property=\"og:description\" content=\"G\u00eete \u00e0 Bram dans l\u2019Aude, \u00e0 20 min de Carcassonne et 1h de Toulouse. Profitez de ce petit cocon situ\u00e9 \u00e0 deux pas du canal du Midi et du lac de Buzerens G\u00eetes DOMAINE LES MAGASINS - BOIS DE C\u00c8DRE Situ\u00e9 \u00e0 Fanjeaux, nous vous proposons de d\u00e9couvrir notre territoire ! , Office De Tourisme Au C\u0153ur Des Collines Cathares\" \/>\n<meta property=\"og:url\" content=\"https:\/\/collinescathares.com\/es\/gites\/domaine-les-magasins-bois-de-cedre\/\" \/>\n<meta property=\"og:site_name\" content=\"Office De Tourisme Au C\u0153ur Des Collines Cathares\" \/>\n<meta property=\"article:publisher\" content=\"https:\/\/www.facebook.com\/tourismelauragais\" \/>\n<meta property=\"article:published_time\" content=\"2026-02-06T08:11:37+00:00\" \/>\n<meta property=\"article:modified_time\" content=\"2026-04-29T08:13:22+00:00\" \/>\n<meta property=\"og:image\" content=\"https:\/\/collinescathares.com\/wp-content\/uploads\/2023\/01\/Copie-de-Sans-titre-21-.jpg\" \/>\n\t<meta property=\"og:image:width\" content=\"1200\" \/>\n\t<meta property=\"og:image:height\" content=\"900\" \/>\n\t<meta property=\"og:image:type\" content=\"image\/jpeg\" \/>\n<meta name=\"author\" content=\"adminreso\" \/>\n<meta name=\"twitter:card\" content=\"summary_large_image\" \/>\n<meta name=\"twitter:label1\" content=\"Escrito por\" \/>\n\t<meta name=\"twitter:data1\" content=\"adminreso\" \/>\n\t<meta name=\"twitter:label2\" content=\"Tiempo de lectura\" \/>\n\t<meta name=\"twitter:data2\" content=\"1 minuto\" \/>\n<script type=\"application\/ld+json\" class=\"yoast-schema-graph\">{\"@context\":\"https:\/\/schema.org\",\"@graph\":[{\"@type\":\"Article\",\"@id\":\"https:\/\/collinescathares.com\/es\/gites\/domaine-les-magasins-bois-de-cedre\/#article\",\"isPartOf\":{\"@id\":\"https:\/\/collinescathares.com\/es\/gites\/domaine-les-magasins-bois-de-cedre\/\"},\"author\":{\"name\":\"adminreso\",\"@id\":\"https:\/\/collinescathares.com\/es\/#\/schema\/person\/599b8b6b8fd81d72e2a03b412201f661\"},\"headline\":\"DOMAINE LES MAGASINS &#8211; BOIS DE C\u00c8DRE\",\"datePublished\":\"2026-02-06T08:11:37+00:00\",\"dateModified\":\"2026-04-29T08:13:22+00:00\",\"mainEntityOfPage\":{\"@id\":\"https:\/\/collinescathares.com\/es\/gites\/domaine-les-magasins-bois-de-cedre\/\"},\"wordCount\":137,\"publisher\":{\"@id\":\"https:\/\/collinescathares.com\/es\/#organization\"},\"image\":{\"@id\":\"https:\/\/collinescathares.com\/es\/gites\/domaine-les-magasins-bois-de-cedre\/#primaryimage\"},\"thumbnailUrl\":\"https:\/\/collinescathares.com\/wp-content\/uploads\/2023\/01\/Copie-de-Sans-titre-21-.jpg\",\"articleSection\":[\"G\u00eetes\"],\"inLanguage\":\"es\"},{\"@type\":\"WebPage\",\"@id\":\"https:\/\/collinescathares.com\/es\/gites\/domaine-les-magasins-bois-de-cedre\/\",\"url\":\"https:\/\/collinescathares.com\/es\/gites\/domaine-les-magasins-bois-de-cedre\/\",\"name\":\"DOMAINE LES MAGASINS - BOIS DE C\u00c8DRE G\u00eetes - Office De Tourisme Au C\u0153ur Des Collines Cathares\",\"isPartOf\":{\"@id\":\"https:\/\/collinescathares.com\/es\/#website\"},\"primaryImageOfPage\":{\"@id\":\"https:\/\/collinescathares.com\/es\/gites\/domaine-les-magasins-bois-de-cedre\/#primaryimage\"},\"image\":{\"@id\":\"https:\/\/collinescathares.com\/es\/gites\/domaine-les-magasins-bois-de-cedre\/#primaryimage\"},\"thumbnailUrl\":\"https:\/\/collinescathares.com\/wp-content\/uploads\/2023\/01\/Copie-de-Sans-titre-21-.jpg\",\"datePublished\":\"2026-02-06T08:11:37+00:00\",\"dateModified\":\"2026-04-29T08:13:22+00:00\",\"description\":\"G\u00eete \u00e0 Bram dans l\u2019Aude, \u00e0 20 min de Carcassonne et 1h de Toulouse. Profitez de ce petit cocon situ\u00e9 \u00e0 deux pas du canal du Midi et du lac de Buzerens G\u00eetes DOMAINE LES MAGASINS - BOIS DE C\u00c8DRE Situ\u00e9 \u00e0 Fanjeaux, nous vous proposons de d\u00e9couvrir notre territoire ! , Office De Tourisme Au C\u0153ur Des Collines Cathares\",\"breadcrumb\":{\"@id\":\"https:\/\/collinescathares.com\/es\/gites\/domaine-les-magasins-bois-de-cedre\/#breadcrumb\"},\"inLanguage\":\"es\",\"potentialAction\":[{\"@type\":\"ReadAction\",\"target\":[\"https:\/\/collinescathares.com\/es\/gites\/domaine-les-magasins-bois-de-cedre\/\"]}]},{\"@type\":\"ImageObject\",\"inLanguage\":\"es\",\"@id\":\"https:\/\/collinescathares.com\/es\/gites\/domaine-les-magasins-bois-de-cedre\/#primaryimage\",\"url\":\"https:\/\/collinescathares.com\/wp-content\/uploads\/2023\/01\/Copie-de-Sans-titre-21-.jpg\",\"contentUrl\":\"https:\/\/collinescathares.com\/wp-content\/uploads\/2023\/01\/Copie-de-Sans-titre-21-.jpg\",\"width\":1200,\"height\":900},{\"@type\":\"BreadcrumbList\",\"@id\":\"https:\/\/collinescathares.com\/es\/gites\/domaine-les-magasins-bois-de-cedre\/#breadcrumb\",\"itemListElement\":[{\"@type\":\"ListItem\",\"position\":1,\"name\":\"Inicio\",\"item\":\"https:\/\/collinescathares.com\/es\/\"},{\"@type\":\"ListItem\",\"position\":2,\"name\":\"G\u00eetes\",\"item\":\"https:\/\/collinescathares.com\/category\/gites\/\"},{\"@type\":\"ListItem\",\"position\":3,\"name\":\"DOMAINE LES MAGASINS &#8211; BOIS DE C\u00c8DRE\"}]},{\"@type\":\"WebSite\",\"@id\":\"https:\/\/collinescathares.com\/es\/#website\",\"url\":\"https:\/\/collinescathares.com\/es\/\",\"name\":\"Office De Tourisme Au C\u0153ur Des Collines Cathares\",\"description\":\"Situ\u00e9 \u00e0 Fanjeaux, nous vous proposons de d\u00e9couvrir notre territoire !\",\"publisher\":{\"@id\":\"https:\/\/collinescathares.com\/es\/#organization\"},\"potentialAction\":[{\"@type\":\"SearchAction\",\"target\":{\"@type\":\"EntryPoint\",\"urlTemplate\":\"https:\/\/collinescathares.com\/es\/?s={search_term_string}\"},\"query-input\":{\"@type\":\"PropertyValueSpecification\",\"valueRequired\":true,\"valueName\":\"search_term_string\"}}],\"inLanguage\":\"es\"},{\"@type\":\"Organization\",\"@id\":\"https:\/\/collinescathares.com\/es\/#organization\",\"name\":\"Office de Tourisme Au C\u0153ur Des Collines Cathares\",\"url\":\"https:\/\/collinescathares.com\/es\/\",\"logo\":{\"@type\":\"ImageObject\",\"inLanguage\":\"es\",\"@id\":\"https:\/\/collinescathares.com\/es\/#\/schema\/logo\/image\/\",\"url\":\"https:\/\/collinescathares.com\/wp-content\/uploads\/2020\/06\/logo_Tourisme_lauragais-1.jpg\",\"contentUrl\":\"https:\/\/collinescathares.com\/wp-content\/uploads\/2020\/06\/logo_Tourisme_lauragais-1.jpg\",\"width\":209,\"height\":250,\"caption\":\"Office de Tourisme Au C\u0153ur Des Collines Cathares\"},\"image\":{\"@id\":\"https:\/\/collinescathares.com\/es\/#\/schema\/logo\/image\/\"},\"sameAs\":[\"https:\/\/www.facebook.com\/tourismelauragais\",\"https:\/\/www.instagram.com\/officetourismecollinescathares\/?hl=fr\",\"https:\/\/www.pinterest.fr\/oticollinescathares\/boards\/\"]},{\"@type\":\"Person\",\"@id\":\"https:\/\/collinescathares.com\/es\/#\/schema\/person\/599b8b6b8fd81d72e2a03b412201f661\",\"name\":\"adminreso\",\"image\":{\"@type\":\"ImageObject\",\"inLanguage\":\"es\",\"@id\":\"https:\/\/collinescathares.com\/es\/#\/schema\/person\/image\/\",\"url\":\"https:\/\/secure.gravatar.com\/avatar\/6a8a6fbe9df7c51e1f428a312af274a2?s=96&d=mm&r=g\",\"contentUrl\":\"https:\/\/secure.gravatar.com\/avatar\/6a8a6fbe9df7c51e1f428a312af274a2?s=96&d=mm&r=g\",\"caption\":\"adminreso\"},\"sameAs\":[\"http:\/\/collinescathares.com\/new\"]}]}<\/script>\n<!-- \/ Yoast SEO plugin. -->","yoast_head_json":{"title":"DOMAINE LES MAGASINS - BOIS DE C\u00c8DRE G\u00eetes - Office De Tourisme Au C\u0153ur Des Collines Cathares","description":"G\u00eete \u00e0 Bram dans l\u2019Aude, \u00e0 20 min de Carcassonne et 1h de Toulouse. Profitez de ce petit cocon situ\u00e9 \u00e0 deux pas du canal du Midi et du lac de Buzerens G\u00eetes DOMAINE LES MAGASINS - BOIS DE C\u00c8DRE Situ\u00e9 \u00e0 Fanjeaux, nous vous proposons de d\u00e9couvrir notre territoire ! , Office De Tourisme Au C\u0153ur Des Collines Cathares","robots":{"index":"index","follow":"follow","max-snippet":"max-snippet:-1","max-image-preview":"max-image-preview:large","max-video-preview":"max-video-preview:-1"},"canonical":"https:\/\/collinescathares.com\/es\/gites\/domaine-les-magasins-bois-de-cedre\/","og_locale":"es_ES","og_type":"article","og_title":"DOMAINE LES MAGASINS - BOIS DE C\u00c8DRE G\u00eetes - Office De Tourisme Au C\u0153ur Des Collines Cathares","og_description":"G\u00eete \u00e0 Bram dans l\u2019Aude, \u00e0 20 min de Carcassonne et 1h de Toulouse. Profitez de ce petit cocon situ\u00e9 \u00e0 deux pas du canal du Midi et du lac de Buzerens G\u00eetes DOMAINE LES MAGASINS - BOIS DE C\u00c8DRE Situ\u00e9 \u00e0 Fanjeaux, nous vous proposons de d\u00e9couvrir notre territoire ! , Office De Tourisme Au C\u0153ur Des Collines Cathares","og_url":"https:\/\/collinescathares.com\/es\/gites\/domaine-les-magasins-bois-de-cedre\/","og_site_name":"Office De Tourisme Au C\u0153ur Des Collines Cathares","article_publisher":"https:\/\/www.facebook.com\/tourismelauragais","article_published_time":"2026-02-06T08:11:37+00:00","article_modified_time":"2026-04-29T08:13:22+00:00","og_image":[{"width":1200,"height":900,"url":"https:\/\/collinescathares.com\/wp-content\/uploads\/2023\/01\/Copie-de-Sans-titre-21-.jpg","type":"image\/jpeg"}],"author":"adminreso","twitter_card":"summary_large_image","twitter_misc":{"Escrito por":"adminreso","Tiempo de lectura":"1 minuto"},"schema":{"@context":"https:\/\/schema.org","@graph":[{"@type":"Article","@id":"https:\/\/collinescathares.com\/es\/gites\/domaine-les-magasins-bois-de-cedre\/#article","isPartOf":{"@id":"https:\/\/collinescathares.com\/es\/gites\/domaine-les-magasins-bois-de-cedre\/"},"author":{"name":"adminreso","@id":"https:\/\/collinescathares.com\/es\/#\/schema\/person\/599b8b6b8fd81d72e2a03b412201f661"},"headline":"DOMAINE LES MAGASINS &#8211; BOIS DE C\u00c8DRE","datePublished":"2026-02-06T08:11:37+00:00","dateModified":"2026-04-29T08:13:22+00:00","mainEntityOfPage":{"@id":"https:\/\/collinescathares.com\/es\/gites\/domaine-les-magasins-bois-de-cedre\/"},"wordCount":137,"publisher":{"@id":"https:\/\/collinescathares.com\/es\/#organization"},"image":{"@id":"https:\/\/collinescathares.com\/es\/gites\/domaine-les-magasins-bois-de-cedre\/#primaryimage"},"thumbnailUrl":"https:\/\/collinescathares.com\/wp-content\/uploads\/2023\/01\/Copie-de-Sans-titre-21-.jpg","articleSection":["G\u00eetes"],"inLanguage":"es"},{"@type":"WebPage","@id":"https:\/\/collinescathares.com\/es\/gites\/domaine-les-magasins-bois-de-cedre\/","url":"https:\/\/collinescathares.com\/es\/gites\/domaine-les-magasins-bois-de-cedre\/","name":"DOMAINE LES MAGASINS - BOIS DE C\u00c8DRE G\u00eetes - Office De Tourisme Au C\u0153ur Des Collines Cathares","isPartOf":{"@id":"https:\/\/collinescathares.com\/es\/#website"},"primaryImageOfPage":{"@id":"https:\/\/collinescathares.com\/es\/gites\/domaine-les-magasins-bois-de-cedre\/#primaryimage"},"image":{"@id":"https:\/\/collinescathares.com\/es\/gites\/domaine-les-magasins-bois-de-cedre\/#primaryimage"},"thumbnailUrl":"https:\/\/collinescathares.com\/wp-content\/uploads\/2023\/01\/Copie-de-Sans-titre-21-.jpg","datePublished":"2026-02-06T08:11:37+00:00","dateModified":"2026-04-29T08:13:22+00:00","description":"G\u00eete \u00e0 Bram dans l\u2019Aude, \u00e0 20 min de Carcassonne et 1h de Toulouse. Profitez de ce petit cocon situ\u00e9 \u00e0 deux pas du canal du Midi et du lac de Buzerens G\u00eetes DOMAINE LES MAGASINS - BOIS DE C\u00c8DRE Situ\u00e9 \u00e0 Fanjeaux, nous vous proposons de d\u00e9couvrir notre territoire ! , Office De Tourisme Au C\u0153ur Des Collines Cathares","breadcrumb":{"@id":"https:\/\/collinescathares.com\/es\/gites\/domaine-les-magasins-bois-de-cedre\/#breadcrumb"},"inLanguage":"es","potentialAction":[{"@type":"ReadAction","target":["https:\/\/collinescathares.com\/es\/gites\/domaine-les-magasins-bois-de-cedre\/"]}]},{"@type":"ImageObject","inLanguage":"es","@id":"https:\/\/collinescathares.com\/es\/gites\/domaine-les-magasins-bois-de-cedre\/#primaryimage","url":"https:\/\/collinescathares.com\/wp-content\/uploads\/2023\/01\/Copie-de-Sans-titre-21-.jpg","contentUrl":"https:\/\/collinescathares.com\/wp-content\/uploads\/2023\/01\/Copie-de-Sans-titre-21-.jpg","width":1200,"height":900},{"@type":"BreadcrumbList","@id":"https:\/\/collinescathares.com\/es\/gites\/domaine-les-magasins-bois-de-cedre\/#breadcrumb","itemListElement":[{"@type":"ListItem","position":1,"name":"Inicio","item":"https:\/\/collinescathares.com\/es\/"},{"@type":"ListItem","position":2,"name":"G\u00eetes","item":"https:\/\/collinescathares.com\/category\/gites\/"},{"@type":"ListItem","position":3,"name":"DOMAINE LES MAGASINS &#8211; BOIS DE C\u00c8DRE"}]},{"@type":"WebSite","@id":"https:\/\/collinescathares.com\/es\/#website","url":"https:\/\/collinescathares.com\/es\/","name":"Office De Tourisme Au C\u0153ur Des Collines Cathares","description":"Situ\u00e9 \u00e0 Fanjeaux, nous vous proposons de d\u00e9couvrir notre territoire !","publisher":{"@id":"https:\/\/collinescathares.com\/es\/#organization"},"potentialAction":[{"@type":"SearchAction","target":{"@type":"EntryPoint","urlTemplate":"https:\/\/collinescathares.com\/es\/?s={search_term_string}"},"query-input":{"@type":"PropertyValueSpecification","valueRequired":true,"valueName":"search_term_string"}}],"inLanguage":"es"},{"@type":"Organization","@id":"https:\/\/collinescathares.com\/es\/#organization","name":"Office de Tourisme Au C\u0153ur Des Collines Cathares","url":"https:\/\/collinescathares.com\/es\/","logo":{"@type":"ImageObject","inLanguage":"es","@id":"https:\/\/collinescathares.com\/es\/#\/schema\/logo\/image\/","url":"https:\/\/collinescathares.com\/wp-content\/uploads\/2020\/06\/logo_Tourisme_lauragais-1.jpg","contentUrl":"https:\/\/collinescathares.com\/wp-content\/uploads\/2020\/06\/logo_Tourisme_lauragais-1.jpg","width":209,"height":250,"caption":"Office de Tourisme Au C\u0153ur Des Collines Cathares"},"image":{"@id":"https:\/\/collinescathares.com\/es\/#\/schema\/logo\/image\/"},"sameAs":["https:\/\/www.facebook.com\/tourismelauragais","https:\/\/www.instagram.com\/officetourismecollinescathares\/?hl=fr","https:\/\/www.pinterest.fr\/oticollinescathares\/boards\/"]},{"@type":"Person","@id":"https:\/\/collinescathares.com\/es\/#\/schema\/person\/599b8b6b8fd81d72e2a03b412201f661","name":"adminreso","image":{"@type":"ImageObject","inLanguage":"es","@id":"https:\/\/collinescathares.com\/es\/#\/schema\/person\/image\/","url":"https:\/\/secure.gravatar.com\/avatar\/6a8a6fbe9df7c51e1f428a312af274a2?s=96&d=mm&r=g","contentUrl":"https:\/\/secure.gravatar.com\/avatar\/6a8a6fbe9df7c51e1f428a312af274a2?s=96&d=mm&r=g","caption":"adminreso"},"sameAs":["http:\/\/collinescathares.com\/new"]}]}},"_links":{"self":[{"href":"https:\/\/collinescathares.com\/es\/wp-json\/wp\/v2\/posts\/261931","targetHints":{"allow":["GET"]}}],"collection":[{"href":"https:\/\/collinescathares.com\/es\/wp-json\/wp\/v2\/posts"}],"about":[{"href":"https:\/\/collinescathares.com\/es\/wp-json\/wp\/v2\/types\/post"}],"author":[{"embeddable":true,"href":"https:\/\/collinescathares.com\/es\/wp-json\/wp\/v2\/users\/1"}],"replies":[{"embeddable":true,"href":"https:\/\/collinescathares.com\/es\/wp-json\/wp\/v2\/comments?post=261931"}],"version-history":[{"count":1,"href":"https:\/\/collinescathares.com\/es\/wp-json\/wp\/v2\/posts\/261931\/revisions"}],"predecessor-version":[{"id":262275,"href":"https:\/\/collinescathares.com\/es\/wp-json\/wp\/v2\/posts\/261931\/revisions\/262275"}],"wp:featuredmedia":[{"embeddable":true,"href":"https:\/\/collinescathares.com\/es\/wp-json\/wp\/v2\/media\/230736"}],"wp:attachment":[{"href":"https:\/\/collinescathares.com\/es\/wp-json\/wp\/v2\/media?parent=261931"}],"wp:term":[{"taxonomy":"category","embeddable":true,"href":"https:\/\/collinescathares.com\/es\/wp-json\/wp\/v2\/categories?post=261931"},{"taxonomy":"post_tag","embeddable":true,"href":"https:\/\/collinescathares.com\/es\/wp-json\/wp\/v2\/tags?post=261931"}],"curies":[{"name":"wp","href":"https:\/\/api.w.org\/{rel}","templated":true}]}}